{"id":287038,"date":"2025-07-31T15:57:18","date_gmt":"2025-07-31T15:57:18","guid":{"rendered":"https:\/\/www.europesays.com\/fr\/287038\/"},"modified":"2025-07-31T15:57:18","modified_gmt":"2025-07-31T15:57:18","slug":"droits-de-douane-taxes-douanieres-les-recettes-pour-les-usa-au-premier-semestre-depassent-le-total-de-2024","status":"publish","type":"post","link":"https:\/\/www.europesays.com\/fr\/287038\/","title":{"rendered":"Droits de douane &#8211; Taxes douani\u00e8res: les recettes pour les USA au premier semestre d\u00e9passent le total de 2024"},"content":{"rendered":"<p class=\"ap-StoryElement ap-StoryElement--mb ap-StoryText\">Ces recettes pourraient encore progresser avec la hausse programm\u00e9e de certains droits de douane, que Donald Trump a de nouveau d\u00e9fendu jeudi, affirmant que sa politique commerciale permettait de rendre les \u00c9tats-Unis \u00ab\u00a0GRANDS et RICHES \u00e0 nouveau\u00a0\u00bb.<\/p>\n<p class=\"ap-StoryElement ap-StoryElement--mb ap-StoryText\">Son gouvernement utilise les droits de douane comme moyen de pression \u00e9conomique mais aussi politique \u00e0 l&rsquo;encontre de plusieurs partenaires commerciaux, notamment le Canada, le Br\u00e9sil et l&rsquo;Inde.<\/p>\n<p class=\"ap-StoryElement ap-StoryElement--mb ap-StoryText\">Au 1er ao\u00fbt, un certain nombre de surtaxes doivent \u00eatre appliqu\u00e9es sur la plupart des partenaires commerciaux des Etats-Unis, dont certaines, sectorielles, tr\u00e8s lourdes, \u00e0 l&rsquo;image des 50% pr\u00e9vues sur le cuivre.<\/p>\n<p class=\"ap-StoryElement ap-StoryElement--mb ap-StoryText\">\u00ab\u00a0Tout sera fait vendredi\u00a0\u00bb, a assur\u00e9 le secr\u00e9taire au Commerce, Howard Lutnick. \u00ab\u00a0Le 1er ao\u00fbt est le jour o\u00f9 nous mettons en place ces taux et ils ne seront plus sujets \u00e0 discussion apr\u00e8s\u00a0\u00bb.<\/p>\n<p class=\"ap-StoryElement ap-StoryElement--mb ap-StoryText\">Pour environ 80 pays, dont les 27 de l&rsquo;Union europ\u00e9enne (UE), les droits de douane appliqu\u00e9s \u00e0 leurs produits devraient donc augmenter d\u00e8s vendredi, pour se situer entre 11% et 50%, selon l&rsquo;origine des produits.<\/p>\n","protected":false},"excerpt":{"rendered":"Ces recettes pourraient encore progresser avec la hausse programm\u00e9e de certains droits de douane, que Donald Trump a&hellip;\n","protected":false},"author":2,"featured_media":25030,"comment_status":"","ping_status":"","sticky":false,"template":"","format":"standard","meta":{"footnotes":""},"categories":[1589],"tags":[11,215,312,73,1866,12,1864,1865,1863,308],"class_list":{"0":"post-287038","1":"post","2":"type-post","3":"status-publish","4":"format-standard","5":"has-post-thumbnail","7":"category-etats-unis","8":"tag-actualites","9":"tag-commerce","10":"tag-diplomatie","11":"tag-etats-unis","12":"tag-etats-unis-damerique","13":"tag-news","14":"tag-united-states","15":"tag-united-states-of-america","16":"tag-us","17":"tag-usa"},"share_on_mastodon":{"url":"https:\/\/pubeurope.com\/@fr\/114948672437134068","error":""},"_links":{"self":[{"href":"https:\/\/www.europesays.com\/fr\/wp-json\/wp\/v2\/posts\/287038","targetHints":{"allow":["GET"]}}],"collection":[{"href":"https:\/\/www.europesays.com\/fr\/wp-json\/wp\/v2\/posts"}],"about":[{"href":"https:\/\/www.europesays.com\/fr\/wp-json\/wp\/v2\/types\/post"}],"author":[{"embeddable":true,"href":"https:\/\/www.europesays.com\/fr\/wp-json\/wp\/v2\/users\/2"}],"replies":[{"embeddable":true,"href":"https:\/\/www.europesays.com\/fr\/wp-json\/wp\/v2\/comments?post=287038"}],"version-history":[{"count":0,"href":"https:\/\/www.europesays.com\/fr\/wp-json\/wp\/v2\/posts\/287038\/revisions"}],"wp:featuredmedia":[{"embeddable":true,"href":"https:\/\/www.europesays.com\/fr\/wp-json\/wp\/v2\/media\/25030"}],"wp:attachment":[{"href":"https:\/\/www.europesays.com\/fr\/wp-json\/wp\/v2\/media?parent=287038"}],"wp:term":[{"taxonomy":"category","embeddable":true,"href":"https:\/\/www.europesays.com\/fr\/wp-json\/wp\/v2\/categories?post=287038"},{"taxonomy":"post_tag","embeddable":true,"href":"https:\/\/www.europesays.com\/fr\/wp-json\/wp\/v2\/tags?post=287038"}],"curies":[{"name":"wp","href":"https:\/\/api.w.org\/{rel}","templated":true}]}}