{"id":287041,"date":"2025-07-31T15:59:13","date_gmt":"2025-07-31T15:59:13","guid":{"rendered":"https:\/\/www.europesays.com\/fr\/287041\/"},"modified":"2025-07-31T15:59:13","modified_gmt":"2025-07-31T15:59:13","slug":"apres-20-ans-de-rejet-lallemagne-retourne-au-nucleaire-berlin-relance-discretement-latome-face-aux-echecs-des-renouvelables-et-a-la-pression-industrielle","status":"publish","type":"post","link":"https:\/\/www.europesays.com\/fr\/287041\/","title":{"rendered":"\u00ab Apr\u00e8s 20 ans de rejet, l\u2019Allemagne retourne au nucl\u00e9aire \u00bb : Berlin relance discr\u00e8tement l\u2019atome face aux \u00e9checs des renouvelables et \u00e0 la pression industrielle"},"content":{"rendered":"<tr>\n<td><strong>EN BREF<\/strong><\/td>\n<\/tr>\n<tr>\n<td>\n<ul>\n<li>\ud83d\udd04 L\u2019Allemagne change de cap en mati\u00e8re de <strong>politique nucl\u00e9aire<\/strong> sous l\u2019impulsion de Friedrich Merz.<\/li>\n<li>\ud83e\udd1d Le gouvernement allemand ne s\u2019opposera plus aux efforts de la France pour traiter le <strong>nucl\u00e9aire<\/strong> \u00e0 \u00e9galit\u00e9 avec les \u00e9nergies renouvelables.<\/li>\n<li>\ud83d\udcdc Les nouvelles l\u00e9gislations europ\u00e9ennes pourraient <strong>b\u00e9n\u00e9ficier<\/strong> des r\u00e9acteurs nucl\u00e9aires gr\u00e2ce \u00e0 ce rapprochement franco-allemand.<\/li>\n<li>\ud83c\udf0d Ce changement strat\u00e9gique vise aussi \u00e0 renforcer la <strong>coop\u00e9ration \u00e9nerg\u00e9tique<\/strong> au sein de l\u2019Union europ\u00e9enne face aux tensions g\u00e9opolitiques.<\/li>\n<\/ul>\n<\/td>\n<\/tr>\n<p>L\u2019Allemagne, autrefois fervente opposante au nucl\u00e9aire, montre d\u00e9sormais une volont\u00e9 de changer de cap. Depuis 2002, elle avait ferm\u00e9 progressivement ses r\u00e9acteurs nucl\u00e9aires, privil\u00e9giant les \u00e9nergies renouvelables. Cependant, sous la direction de Friedrich Merz, le gouvernement allemand adopte une approche diff\u00e9rente. Cette \u00e9volution marque un tournant significatif dans la politique \u00e9nerg\u00e9tique du pays et pourrait influencer la dynamique \u00e9nerg\u00e9tique europ\u00e9enne. Cette d\u00e9cision, influenc\u00e9e par divers facteurs g\u00e9opolitiques et \u00e9conomiques, pourrait avoir des r\u00e9percussions importantes sur les relations entre la France et l\u2019Allemagne.<\/p>\n<p>Le tournant strat\u00e9gique de l\u2019Allemagne<\/p>\n<p>La d\u00e9cision de l\u2019Allemagne de revoir sa position sur le nucl\u00e9aire est surprenante. Pendant des ann\u00e9es, le pays a \u00e9t\u00e9 un ardent d\u00e9fenseur de l\u2019abandon de l\u2019\u00e9nergie nucl\u00e9aire. Sous la houlette de Friedrich Merz, ce choix semble dict\u00e9 par des pr\u00e9occupations strat\u00e9giques et \u00e9conomiques. Le chancelier souhaite renforcer les liens avec la France, notamment en b\u00e9n\u00e9ficiant de son \u00ab\u00a0bouclier nucl\u00e9aire\u00a0\u00bb. Cette man\u0153uvre s\u2019inscrit dans un contexte de tensions avec la Russie, poussant l\u2019Allemagne \u00e0 reconsid\u00e9rer ses alliances et ses sources d\u2019\u00e9nergie.<\/p>\n<p>Le pragmatisme semble \u00eatre le ma\u00eetre mot de cette nouvelle orientation. En t\u00e9moignent les d\u00e9clarations des diplomates fran\u00e7ais, qui voient en ce changement une ouverture \u00e0 la discussion sur la dissuasion nucl\u00e9aire en Europe. Cette \u00e9volution pourrait faciliter une harmonisation des politiques \u00e9nerg\u00e9tiques au sein de l\u2019Union europ\u00e9enne, notamment dans le cadre des nouvelles l\u00e9gislations en cours d\u2019\u00e9laboration.<\/p>\n<blockquote class=\"wp-embedded-content\" data-secret=\"TWzFcSfpXZ\">\n<p><a href=\"https:\/\/www.le-gaz.fr\/2025\/07\/26\/plus-jamais-une-seule-goutte-lue-devoile-son-plan-audacieux-pour-mettre-fin-a-toutes-les-importations-de-gaz-russe-dici-2027-et-bouleverse-lequilibre-energetique-europeen\/\" rel=\"nofollow noopener\" target=\"_blank\">\u00ab Plus jamais une seule goutte \u00bb : l\u2019UE d\u00e9voile son plan audacieux pour mettre fin \u00e0 toutes les importations de gaz russe d\u2019ici 2027 et bouleverse l\u2019\u00e9quilibre \u00e9nerg\u00e9tique europ\u00e9en<\/a><\/p>\n<\/blockquote>\n<p>Impact sur la l\u00e9gislation europ\u00e9enne<\/p>\n<p>Ce revirement allemand pourrait largement influencer la l\u00e9gislation europ\u00e9enne. Les autorit\u00e9s allemandes ne s\u2019opposeront plus aux efforts de la France pour placer le nucl\u00e9aire sur un pied d\u2019\u00e9galit\u00e9 avec les \u00e9nergies renouvelables. Cela pourrait entra\u00eener une r\u00e9vision des r\u00e9glementations europ\u00e9ennes, supprimant les pr\u00e9jug\u00e9s persistants contre le nucl\u00e9aire.<\/p>\n<p>Les nations poss\u00e9dant encore des r\u00e9acteurs nucl\u00e9aires en Europe pourraient b\u00e9n\u00e9ficier de cette \u00e9volution. Un nombre croissant de ministres europ\u00e9ens plaident pour la reconnaissance de la compl\u00e9mentarit\u00e9 entre le nucl\u00e9aire et les \u00e9nergies renouvelables. En outre, il est envisag\u00e9 d\u2019accorder des aides d\u2019\u00c9tat aux projets nucl\u00e9aires, renfor\u00e7ant ainsi leur attractivit\u00e9 pour les investisseurs. Cette int\u00e9gration pourrait envoyer un signal positif aux entreprises et stimuler l\u2019investissement dans le secteur.<\/p>\n<blockquote class=\"wp-embedded-content\" data-secret=\"y0uLT9mxiZ\">\n<p><a href=\"https:\/\/www.le-gaz.fr\/2025\/07\/23\/ce-cargo-ne-transporte-rien-dautre-que-du-co%e2%82%82-leurope-lance-en-mer-son-premier-navire-dedie-au-stockage-du-carbone-industriel\/\" rel=\"nofollow noopener\" target=\"_blank\">\u00ab Ce cargo ne transporte rien d\u2019autre que du CO\u2082 \u00bb : l\u2019Europe lance en mer son premier navire d\u00e9di\u00e9 au stockage du carbone industriel<\/a><\/p>\n<\/blockquote>\n<p>R\u00e9actions des partisans de l\u2019int\u00e9gration europ\u00e9enne<\/p>\n<p>Le rapprochement entre la France et l\u2019Allemagne a suscit\u00e9 des r\u00e9actions positives parmi les partisans de l\u2019int\u00e9gration europ\u00e9enne. Lars-Hendrik R\u00f6ller, professeur \u00e0 l\u2019ESMT, souligne l\u2019importance de cette entente pour l\u2019avanc\u00e9e europ\u00e9enne. Selon lui, lorsque les deux pays s\u2019accordent, il devient plus ais\u00e9 pour l\u2019Europe de progresser sur des dossiers complexes.<\/p>\n<p>Cette coop\u00e9ration pourrait \u00e9galement renforcer la position de l\u2019Europe sur la sc\u00e8ne internationale. Bien que des d\u00e9fis subsistent, notamment en mati\u00e8re de s\u00e9curit\u00e9 \u00e9nerg\u00e9tique, le partenariat franco-allemand pourrait fournir une base solide pour relever ces d\u00e9fis. L\u2019unit\u00e9 des deux nations pourrait \u00e9galement servir de mod\u00e8le pour d\u2019autres collaborations au sein de l\u2019Union europ\u00e9enne, renfor\u00e7ant ainsi la coh\u00e9sion r\u00e9gionale.<\/p>\n<p>Les perspectives \u00e9conomiques et g\u00e9opolitiques<\/p>\n<p>Le repositionnement allemand sur le nucl\u00e9aire s\u2019inscrit dans un contexte \u00e9conomique et g\u00e9opolitique mouvant. La d\u00e9pendance \u00e9nerg\u00e9tique de l\u2019Europe envers la Russie a incit\u00e9 de nombreux pays \u00e0 reconsid\u00e9rer leurs strat\u00e9gies \u00e9nerg\u00e9tiques. Pour l\u2019Allemagne, s\u2019aligner avec la France sur le nucl\u00e9aire pourrait offrir une stabilit\u00e9 face aux incertitudes g\u00e9opolitiques.<\/p>\n<p>Cette \u00e9volution pourrait \u00e9galement avoir des r\u00e9percussions \u00e9conomiques notables. En soutenant le nucl\u00e9aire, l\u2019Allemagne pourrait diversifier ses sources d\u2019\u00e9nergie et potentiellement r\u00e9duire ses co\u00fbts \u00e9nerg\u00e9tiques \u00e0 long terme. Cela offrirait \u00e9galement de nouvelles opportunit\u00e9s aux entreprises et investisseurs du secteur \u00e9nerg\u00e9tique. Le d\u00e9fi consistera \u00e0 \u00e9quilibrer cette nouvelle politique avec les engagements environnementaux pris par le pays, notamment ceux li\u00e9s \u00e0 la transition vers une \u00e9nergie plus verte.<\/p>\n<p>Alors que l\u2019Allemagne s\u2019engage dans ce virage strat\u00e9gique, de nombreuses questions \u00e9mergent. Comment cette d\u00e9cision influencera-t-elle r\u00e9ellement la dynamique \u00e9nerg\u00e9tique europ\u00e9enne ? Le rapprochement franco-allemand servira-t-il de catalyseur pour une int\u00e9gration accrue au sein de l\u2019Union europ\u00e9enne ? Seul le temps dira si cette strat\u00e9gie portera ses fruits et si d\u2019autres pays suivront cet exemple.<\/p>\n<p>Cet article s\u2019appuie sur des sources v\u00e9rifi\u00e9es et l\u2019assistance de technologies \u00e9ditoriales.<\/p>\n<p id=\"rating\">\u00c7a vous a plu ?\u00a04.4\/5 (24)<\/p>\n","protected":false},"excerpt":{"rendered":"EN BREF \ud83d\udd04 L\u2019Allemagne change de cap en mati\u00e8re de politique nucl\u00e9aire sous l\u2019impulsion de Friedrich Merz. \ud83e\udd1d&hellip;\n","protected":false},"author":2,"featured_media":287042,"comment_status":"","ping_status":"","sticky":false,"template":"","format":"standard","meta":{"footnotes":""},"categories":[1587],"tags":[11,672,1804,1805,1803,1777,674,1801,12,1802],"class_list":{"0":"post-287041","1":"post","2":"type-post","3":"status-publish","4":"format-standard","5":"has-post-thumbnail","7":"category-allemagne","8":"tag-actualites","9":"tag-allemagne","10":"tag-bundesrepublik-deutschland","11":"tag-de","12":"tag-deutschland","13":"tag-eu","14":"tag-europe","15":"tag-germany","16":"tag-news","17":"tag-republique-federale-dallemagne"},"share_on_mastodon":{"url":"https:\/\/pubeurope.com\/@fr\/114948680263028052","error":""},"_links":{"self":[{"href":"https:\/\/www.europesays.com\/fr\/wp-json\/wp\/v2\/posts\/287041","targetHints":{"allow":["GET"]}}],"collection":[{"href":"https:\/\/www.europesays.com\/fr\/wp-json\/wp\/v2\/posts"}],"about":[{"href":"https:\/\/www.europesays.com\/fr\/wp-json\/wp\/v2\/types\/post"}],"author":[{"embeddable":true,"href":"https:\/\/www.europesays.com\/fr\/wp-json\/wp\/v2\/users\/2"}],"replies":[{"embeddable":true,"href":"https:\/\/www.europesays.com\/fr\/wp-json\/wp\/v2\/comments?post=287041"}],"version-history":[{"count":0,"href":"https:\/\/www.europesays.com\/fr\/wp-json\/wp\/v2\/posts\/287041\/revisions"}],"wp:featuredmedia":[{"embeddable":true,"href":"https:\/\/www.europesays.com\/fr\/wp-json\/wp\/v2\/media\/287042"}],"wp:attachment":[{"href":"https:\/\/www.europesays.com\/fr\/wp-json\/wp\/v2\/media?parent=287041"}],"wp:term":[{"taxonomy":"category","embeddable":true,"href":"https:\/\/www.europesays.com\/fr\/wp-json\/wp\/v2\/categories?post=287041"},{"taxonomy":"post_tag","embeddable":true,"href":"https:\/\/www.europesays.com\/fr\/wp-json\/wp\/v2\/tags?post=287041"}],"curies":[{"name":"wp","href":"https:\/\/api.w.org\/{rel}","templated":true}]}}