{"id":287055,"date":"2025-07-31T16:08:15","date_gmt":"2025-07-31T16:08:15","guid":{"rendered":"https:\/\/www.europesays.com\/fr\/287055\/"},"modified":"2025-07-31T16:08:15","modified_gmt":"2025-07-31T16:08:15","slug":"cette-etoile-filante-du-tennis-feminin-a-pris-sa-retraite-une-bonne-personne-voila-limage-que-je-veux-laisser","status":"publish","type":"post","link":"https:\/\/www.europesays.com\/fr\/287055\/","title":{"rendered":"Cette \u00e9toile filante du tennis f\u00e9minin a pris sa retraite\u00a0: \u00ab\u00a0Une bonne personne, voil\u00e0 l&rsquo;image que je veux laisser\u00a0\u00bb"},"content":{"rendered":"<p class=\"ap-StoryElement ap-StoryElement--mb ap-StoryText\">La suite sera moins rose avec des blessures, des pertes de confiance, des reculs au ranking mondial et surtout une pression m\u00e9diatique parfois difficilement g\u00e9rable. Malgr\u00e9 tout cela, Eugenie Bouchard continuera \u00e0 se battre dans les tournois secondaires, sans jamais totalement tourner la page. Mais au final, son palmar\u00e8s ne compte d&rsquo;un seul succ\u00e8s en tournoi : \u00e0 Nurembert en 2014 sur un 250000 dollars. C&rsquo;est peu pour une joueuse sur qui on pla\u00e7a tant d&rsquo;espoir.<\/p>\n<p><img loading=\"lazy\" decoding=\"async\" class=\"w-full lazyload lazyload--opacity object-contain\" style=\"aspect-ratio:139 \/ 100;opacity:1\" alt=\"LAS VEGAS, NEVADA - FEBRUARY 16: Eugenie Bouchard (C) and Andy Roddick (R) play in a doubles match against Steffi Graf (L) and Andre Agassi during Pickleball Slam 3 at Michelob ULTRA Arena on February 16, 2025 in Las Vegas, Nevada.   Ethan Miller\/Getty Images\/AFP (Photo by Ethan Miller \/ GETTY IMAGES NORTH AMERICA \/ Getty Images via AFP)\" width=\"768\" height=\"552\" fetchpriority=\"auto\" src=\"https:\/\/www.europesays.com\/fr\/wp-content\/uploads\/2025\/04\/1743819792_235_S5VKD3X55FFF3BW6V4SEHXNP7I.png\"  data- data-optimumx=\"1\"\/>Eugenie Bouchard a commenc\u00e9 \u00e0 jouer au pickleball \u00a92025 Getty Images<\/p>\n<p class=\"ap-StoryElement ap-StoryElement--mb ap-StoryText\">\u00ab\u00a0C&rsquo;est un moment un peu surr\u00e9el, expliqua la Canadienne au moment de prendre la parole apr\u00e8s son dernier match. C&rsquo;\u00e9tait comme un choc que \u00e7a arrive vraiment maintenant. Je savais que ce moment allait arriver, mais quand \u00e7a arrive, c&rsquo;est diff\u00e9rent. J&rsquo;ai vraiment absorb\u00e9 chaque moment cette semaine. Les hauts et les bas pendant les matchs. Les moments hors du terrain. J&rsquo;ai pass\u00e9 beaucoup de temps avec les fans \u00e0 la fin de chaque entra\u00eenement et de chaque match. Ce sont ces moments-l\u00e0 qui font que j&rsquo;adore le tennis et que j&rsquo;ai ressenti beaucoup d&rsquo;amour de tout le monde. J&rsquo;esp\u00e8re qu&rsquo;on se souviendra de moi pour beaucoup de belles choses, mais surtout pour avoir \u00e9t\u00e9 une bonne personne et toujours pr\u00eate \u00e0 donner.\u00a0\u00bb<\/p>\n<p class=\"ap-StoryElement ap-StoryElement--mb ap-StoryText\">Depuis quelques mois la native de Montr\u00e9al a chang\u00e9 de sport de raquette en participant \u00e0 plusieurs comp\u00e9titions de pickleball. Et elle est toujours tr\u00e8s suivie sur les r\u00e9seaux sociaux o\u00f9 elle se montre tr\u00e8s active. Elle compte d&rsquo;ailleurs autant de followers sur Instagram, 2,3 millions, qu&rsquo;Iga Swiatek.<\/p>\n","protected":false},"excerpt":{"rendered":"La suite sera moins rose avec des blessures, des pertes de confiance, des reculs au ranking mondial et&hellip;\n","protected":false},"author":2,"featured_media":287056,"comment_status":"","ping_status":"","sticky":false,"template":"","format":"standard","meta":{"footnotes":""},"categories":[1415],"tags":[9013,1011,27,20294,1227,517,60,1467],"class_list":{"0":"post-287055","1":"post","2":"type-post","3":"status-publish","4":"format-standard","5":"has-post-thumbnail","7":"category-tennis","8":"tag-color-image","9":"tag-fr","10":"tag-france","11":"tag-gettyimagerank3","12":"tag-horizontal","13":"tag-sport","14":"tag-sports","15":"tag-tennis"},"share_on_mastodon":{"url":"https:\/\/pubeurope.com\/@fr\/114948715767893336","error":""},"_links":{"self":[{"href":"https:\/\/www.europesays.com\/fr\/wp-json\/wp\/v2\/posts\/287055","targetHints":{"allow":["GET"]}}],"collection":[{"href":"https:\/\/www.europesays.com\/fr\/wp-json\/wp\/v2\/posts"}],"about":[{"href":"https:\/\/www.europesays.com\/fr\/wp-json\/wp\/v2\/types\/post"}],"author":[{"embeddable":true,"href":"https:\/\/www.europesays.com\/fr\/wp-json\/wp\/v2\/users\/2"}],"replies":[{"embeddable":true,"href":"https:\/\/www.europesays.com\/fr\/wp-json\/wp\/v2\/comments?post=287055"}],"version-history":[{"count":0,"href":"https:\/\/www.europesays.com\/fr\/wp-json\/wp\/v2\/posts\/287055\/revisions"}],"wp:featuredmedia":[{"embeddable":true,"href":"https:\/\/www.europesays.com\/fr\/wp-json\/wp\/v2\/media\/287056"}],"wp:attachment":[{"href":"https:\/\/www.europesays.com\/fr\/wp-json\/wp\/v2\/media?parent=287055"}],"wp:term":[{"taxonomy":"category","embeddable":true,"href":"https:\/\/www.europesays.com\/fr\/wp-json\/wp\/v2\/categories?post=287055"},{"taxonomy":"post_tag","embeddable":true,"href":"https:\/\/www.europesays.com\/fr\/wp-json\/wp\/v2\/tags?post=287055"}],"curies":[{"name":"wp","href":"https:\/\/api.w.org\/{rel}","templated":true}]}}