{"id":287057,"date":"2025-07-31T16:09:15","date_gmt":"2025-07-31T16:09:15","guid":{"rendered":"https:\/\/www.europesays.com\/fr\/287057\/"},"modified":"2025-07-31T16:09:15","modified_gmt":"2025-07-31T16:09:15","slug":"le-calendrier-complet-de-la-saison-2025-26-de-nationale-1-masculine-devoile","status":"publish","type":"post","link":"https:\/\/www.europesays.com\/fr\/287057\/","title":{"rendered":"Le calendrier complet de la saison 2025\/26 de Nationale 1 Masculine d\u00e9voil\u00e9"},"content":{"rendered":"<p>La Commission de 5\u00d75 de la FFBB a d\u00e9voil\u00e9 le calendrier qui attend les 28 \u00e9quipes engag\u00e9es en Nationale 1 Masculine lors de la premi\u00e8re phase de la prochaine saison.<\/p>\n<blockquote class=\"twitter-tweet\" data-width=\"550\" data-dnt=\"true\">\n<p lang=\"fr\" dir=\"ltr\">\ud83d\udea8 La Commission F\u00e9d\u00e9rale 5\u00d75 \ud83c\udfc0 FFBB a d\u00e9voil\u00e9 la 1\u00e8re phase de NM1, la saison r\u00e9guli\u00e8re de La Boulang\u00e8re Wonderligue (LBWL) et de la Ligue F\u00e9minine 2 (LF2).<\/p>\n<p>Tous les calendriers NM1\/LBWL\/LF2 \ud83d\udc49  <a href=\"https:\/\/t.co\/LN4wrMXrAF\" rel=\"nofollow\">https:\/\/t.co\/LN4wrMXrAF<\/a> <a href=\"https:\/\/twitter.com\/hashtag\/NM1?src=hash&amp;ref_src=twsrc%5Etfw\" rel=\"nofollow noopener\" target=\"_blank\">#NM1<\/a><a href=\"https:\/\/twitter.com\/hashtag\/LaBoulangereWonderligue?src=hash&amp;ref_src=twsrc%5Etfw\" rel=\"nofollow noopener\" target=\"_blank\">#LaBoulangereWonderligue<\/a><a href=\"https:\/\/twitter.com\/hashtag\/LF2?src=hash&amp;ref_src=twsrc%5Etfw\" rel=\"nofollow noopener\" target=\"_blank\">#LF2<\/a> <a href=\"https:\/\/t.co\/rCVHkbFjYc\" rel=\"nofollow\">pic.twitter.com\/rCVHkbFjYc<\/a><\/p>\n<p>\u2014 F\u00e9d\u00e9ration Fran\u00e7aise de BasketBall (@ffbasketball) <a href=\"https:\/\/twitter.com\/ffbasketball\/status\/1950886194822418446?ref_src=twsrc%5Etfw\" rel=\"nofollow noopener\" target=\"_blank\">July 31, 2025<\/a><\/p>\n<\/blockquote>\n<p>Le championnat, divis\u00e9 en deux poules de quatorze \u00e9quipes, d\u00e9bute vendredi 19 septembre avec quatorze rencontres en quasi-simultan\u00e9 (20 heures, et trois matchs \u00e0 20 heures 30).<\/p>\n<p><b>Programme de la journ\u00e9e 1 de NM1 (<\/b>Vendredi 19 septembre 2025<b>)<\/b>\u00a0<\/p>\n<p><b>Poule A :<\/b><\/p>\n<ul>\n<li style=\"font-weight:400\" aria-level=\"1\">Angers \u2013 Vitr\u00e9<\/li>\n<li style=\"font-weight:400\" aria-level=\"1\">Tarbes \u2013 Tours<\/li>\n<li style=\"font-weight:400\" aria-level=\"1\">Rennes \u2013 Val de Seine<\/li>\n<li style=\"font-weight:400\" aria-level=\"1\">Poissy \u2013 Lorient<\/li>\n<li style=\"font-weight:400\" aria-level=\"1\">Toulouse \u2013 Les Sables<\/li>\n<li style=\"font-weight:400\" aria-level=\"1\">Foug\u00e8res \u2013 Chartres<\/li>\n<li style=\"font-weight:400\" aria-level=\"1\">Levallois \u2013 P\u00f4le France<\/li>\n<\/ul>\n<p><b>Poule B :<\/b><\/p>\n<ul>\n<li style=\"font-weight:400\" aria-level=\"1\">Fos-sur-Mer \u2013 Metz<\/li>\n<li style=\"font-weight:400\" aria-level=\"1\">Orchies \u2013 Charleville-M\u00e9zi\u00e8res<\/li>\n<li style=\"font-weight:400\" aria-level=\"1\">Boulogne-sur-Mer \u2013 Pays Salonais<\/li>\n<li style=\"font-weight:400\" aria-level=\"1\">Saint-Chamond \u2013 Berck<\/li>\n<li style=\"font-weight:400\" aria-level=\"1\">Mulhouse \u2013 Saint-Vallier<\/li>\n<li style=\"font-weight:400\" aria-level=\"1\">Loon-Plage \u2013 LyonSO<\/li>\n<li style=\"font-weight:400\" aria-level=\"1\">Le Havre \u2013 Besan\u00e7on<\/li>\n<\/ul>\n<p>Finaliste des derniers play-offs face au promu en \u00c9lite 2 Challans, l\u2019ambitieux club de <a href=\"https:\/\/www.bebasket.fr\/nicolas-lang-rejoint-le-projet-du-mulhouse-basket\" rel=\"nofollow noopener\" target=\"_blank\">Mulhouse, qui peut d\u00e9sormais compter sur Nicolas Lang au sein du projet<\/a>, reprend la NM1 \u00e0 la maison contre Saint-Vallier. Le rel\u00e9gu\u00e9 chartrain retrouve quant \u00e0 lui la NM1 dans la Poule A face \u00e0 Foug\u00e8res ; tandis que dans la Poule B, Fos-sur-Mer reprend \u00e0 domicile contre Metz.<\/p>\n<p>LIRE AUSSI<\/p>\n<p><a href=\"https:\/\/www.bebasket.fr\/nicolas-lang-rejoint-le-projet-du-mulhouse-basket\" rel=\"nofollow noopener\" target=\"_blank\"> <img decoding=\"async\" class=\"page-infos-image\" src=\"https:\/\/www.europesays.com\/fr\/wp-content\/uploads\/2025\/07\/nicolas-lang-sengage-pour-aider-le-mulhouse-basket-1f05c9fa-aa37-653a-8b3d-411d2d436e6e.jpg\" alt=\"NM1 - Nicolas Lang, capitaine embl\u00e9matique du Limoges CSP et recordman du nombre de 3-points marqu\u00e9s en LNB, a annonc\u00e9 sur LinkedIn qu\u2019il rejoignait le projet du Mulhouse Basket, sa ville natale, en parall\u00e8le de sa carri\u00e8re professionnelle.\"\/> <\/a><\/p>\n<p>La premi\u00e8re phase du championnat compos\u00e9e de 26 journ\u00e9es s\u2019\u00e9tend du vendredi 19 septembre 2025 au vendredi 20 f\u00e9vrier 2026. \u00c0 l\u2019issue de celle-ci, les sept \u00e9quipes les mieux class\u00e9es de chaque poule int\u00e8grent ensuite la poule haute de la seconde phase, tandis que les quatorze autres \u00e9quipes sont rassembl\u00e9es dans la poule basse.<\/p>\n<p>Apr\u00e8s une nouvelle phase de matchs aller-retour, le premier monte directement en \u00c9lite 2, mais participe tout de m\u00eame avec les sept autres meilleures \u00e9quipes de la poule haute \u00e0 la phase de play-offs. Le vainqueur de celle-ci (ou le finaliste) monte lui aussi \u00e0 l\u2019\u00e9chelon sup\u00e9rieur.<\/p>\n<p>Le calendrier complet de la premi\u00e8re phase du championnat est disponible sur <a href=\"https:\/\/competitions.ffbb.com\/competitions\/nm1?phase=200000002872458&amp;poule=200000003017635&amp;journee=1&amp;_gl=1*1tiptzw*_gcl_au*NzE3NTczNjIwLjE3NDY2OTk5NDM.*_ga*MjEzOTE5NDQ5Mi4xNzQ2NTE3NzA2*_ga_FHLZ6THC2F*czE3NTM5NzI3MTQkbzI1JGcxJHQxNzUzOTczMDQwJGo1OSRsMCRoMA..\" rel=\"nofollow noopener\" target=\"_blank\">le site de la F\u00e9d\u00e9ration Fran\u00e7aise de Basketball<\/a>.<\/p>\n<p><script async src=\"https:\/\/platform.twitter.com\/widgets.js\" charset=\"utf-8\"><\/script><\/p>\n","protected":false},"excerpt":{"rendered":"La Commission de 5\u00d75 de la FFBB a d\u00e9voil\u00e9 le calendrier qui attend les 28 \u00e9quipes engag\u00e9es en&hellip;\n","protected":false},"author":2,"featured_media":287058,"comment_status":"","ping_status":"","sticky":false,"template":"","format":"standard","meta":{"footnotes":""},"categories":[1414],"tags":[1465,1464,1011,27,60],"class_list":{"0":"post-287057","1":"post","2":"type-post","3":"status-publish","4":"format-standard","5":"has-post-thumbnail","7":"category-basket","8":"tag-basket","9":"tag-basketball","10":"tag-fr","11":"tag-france","12":"tag-sports"},"share_on_mastodon":{"url":"https:\/\/pubeurope.com\/@fr\/114948719868889262","error":""},"_links":{"self":[{"href":"https:\/\/www.europesays.com\/fr\/wp-json\/wp\/v2\/posts\/287057","targetHints":{"allow":["GET"]}}],"collection":[{"href":"https:\/\/www.europesays.com\/fr\/wp-json\/wp\/v2\/posts"}],"about":[{"href":"https:\/\/www.europesays.com\/fr\/wp-json\/wp\/v2\/types\/post"}],"author":[{"embeddable":true,"href":"https:\/\/www.europesays.com\/fr\/wp-json\/wp\/v2\/users\/2"}],"replies":[{"embeddable":true,"href":"https:\/\/www.europesays.com\/fr\/wp-json\/wp\/v2\/comments?post=287057"}],"version-history":[{"count":0,"href":"https:\/\/www.europesays.com\/fr\/wp-json\/wp\/v2\/posts\/287057\/revisions"}],"wp:featuredmedia":[{"embeddable":true,"href":"https:\/\/www.europesays.com\/fr\/wp-json\/wp\/v2\/media\/287058"}],"wp:attachment":[{"href":"https:\/\/www.europesays.com\/fr\/wp-json\/wp\/v2\/media?parent=287057"}],"wp:term":[{"taxonomy":"category","embeddable":true,"href":"https:\/\/www.europesays.com\/fr\/wp-json\/wp\/v2\/categories?post=287057"},{"taxonomy":"post_tag","embeddable":true,"href":"https:\/\/www.europesays.com\/fr\/wp-json\/wp\/v2\/tags?post=287057"}],"curies":[{"name":"wp","href":"https:\/\/api.w.org\/{rel}","templated":true}]}}