{"id":287059,"date":"2025-07-31T16:10:15","date_gmt":"2025-07-31T16:10:15","guid":{"rendered":"https:\/\/www.europesays.com\/fr\/287059\/"},"modified":"2025-07-31T16:10:15","modified_gmt":"2025-07-31T16:10:15","slug":"championnat-du-monde-feminin-hongrie-les-francaises-boudesseul-et-bondi-reviennent-sur-leurs-courses-ongaro-forfait","status":"publish","type":"post","link":"https:\/\/www.europesays.com\/fr\/287059\/","title":{"rendered":"Championnat du Monde F\u00e9minin, Hongrie : Les Fran\u00e7aises Boudesseul et Bondi reviennent sur leurs courses, Ongaro forfait"},"content":{"rendered":"<p><strong>D\u00e9couvrez les r\u00e9actions des pilotes fran\u00e7aises engag\u00e9es<br \/>\ndans le Championnat du Monde F\u00e9minin, apr\u00e8s la quatri\u00e8me manche de<br \/>\nla saison, en Hongrie.<\/strong><\/p>\n<p><a href=\"https:\/\/www.paddock-gp.com\/championnat-du-monde-feminin-hongrie-herrera-et-neila-au-coude-a-coude-la-francaise-ongaro-blessee\/\" rel=\"nofollow noopener\" target=\"_blank\"><br \/>\nLa quatri\u00e8me manche du Championnat du Monde F\u00e9minin s\u2019est d\u00e9roul\u00e9e<br \/>\nsur le circuit de Balaton Park le week-end dernier<\/a>, pour une<br \/>\ngrande premi\u00e8re en Hongrie. <strong>Mar\u00eda Herrera<\/strong>,<br \/>\n<strong>Beatriz Neila<\/strong> et <strong>Chloe<br \/>\nJones<\/strong>\u00a0<a href=\"https:\/\/www.paddock-gp.com\/championnat-du-monde-feminin-hongrie-herrera-neila-et-jones-reviennent-sur-leurs-podiums\/\" rel=\"nofollow noopener\" target=\"_blank\">se<br \/>\nsont affront\u00e9es pour la victoire<\/a>, tandis que la Fran\u00e7aise<br \/>\n<a href=\"https:\/\/www.paddock-gp.com\/championnat-du-monde-feminin-hongrie-la-francaise-ornella-ongaro-blessee-et-forfait\/\" rel=\"nofollow noopener\" target=\"_blank\"><br \/>\n<strong>Ornella Ongaro<\/strong> a malheureusement \u00e9t\u00e9 bless\u00e9e lors<br \/>\nde la Course 1 et a d\u00fb d\u00e9clarer forfait<\/a>.<\/p>\n<p><strong>LUCIE BOUDESSEUL \u2013 9e et 9e<\/strong><\/p>\n<p><img loading=\"lazy\" decoding=\"async\" class=\"aligncenter size-full wp-image-1315657\" src=\"https:\/\/www.europesays.com\/fr\/wp-content\/uploads\/2025\/07\/525236666_18357789556159024_6304138291625593185_n.jpg\" alt=\"Championnat du monde f\u00e9minin, Hongrie, Boudesseul\" width=\"800\" height=\"533\"  \/><\/p>\n<p><strong>Lucie Boudesseul<\/strong> fait partie des r\u00e9v\u00e9lations de<br \/>\ncette saison. La rookie fran\u00e7aise a termin\u00e9 dans le top 10 de<br \/>\nchacune des courses, hormis la toute premi\u00e8re o\u00f9 elle \u00e9tait partie<br \/>\n\u00e0 la faute. Ce week-end en Hongrie n\u2019a pas fait exception,<br \/>\npuisqu\u2019apr\u00e8s s\u2019\u00eatre qualifi\u00e9e au septi\u00e8me rang, elle a termin\u00e9 les<br \/>\ndeux courses en neuvi\u00e8me position. Ses performances lui ont permis<br \/>\nde revenir \u00e0 seulement un point de la septi\u00e8me au championnat.<\/p>\n<p><strong>Courses 1 et 2<\/strong> : \u00ab\u00a0Ce week-end \u00e0<br \/>\nBalaton a \u00e9t\u00e9 un v\u00e9ritable d\u00e9fi. Le circuit est tr\u00e8s particulier,<br \/>\navec des sections d\u00e9licates qui demandent de la pr\u00e9cision et de<br \/>\nl\u2019exp\u00e9rience. Je sais qu\u2019il reste encore beaucoup de travail pour<br \/>\natteindre le niveau que je vise, mais on a pers\u00e9v\u00e9r\u00e9 et donn\u00e9 tout<br \/>\nce qu\u2019on avait.\u00a0\u00bb<\/p>\n<p>\u00ab\u00a0C\u2019est ma premi\u00e8re saison en championnat du monde, et<br \/>\ndes week-ends comme celui-ci font partie du parcours : apprendre,<br \/>\ns\u2019adapter et progresser. Deux top 10 et des points pr\u00e9cieux pour le<br \/>\nchampionnat : c\u2019est aussi ce qui compte.\u00a0\u00bb<\/p>\n<p><strong>EMILY BONDI \u2013 17e et 17e<\/strong><\/p>\n<p><img loading=\"lazy\" decoding=\"async\" aria-describedby=\"caption-attachment-1315654\" class=\"size-full wp-image-1315654\" src=\"https:\/\/www.europesays.com\/fr\/wp-content\/uploads\/2025\/07\/524783284_17977507628901948_6092832141538366770_n.jpg\" alt=\"Championnat du monde f\u00e9minin, Hongrie, Bondi\" width=\"800\" height=\"533\"  \/><\/p>\n<p id=\"caption-attachment-1315654\" class=\"wp-caption-text\">Cr\u00e9dit<br \/>\nphoto : Thoma\u2019s Prod<\/p>\n<p><strong>Emily Bondi<\/strong> conna\u00eet de son c\u00f4t\u00e9 une p\u00e9riode<br \/>\ndifficile apr\u00e8s un d\u00e9but de saison prometteur. Manquant de feeling<br \/>\net de rep\u00e8res, la Fran\u00e7aise a termin\u00e9 17e \u00e0 la fois en Course 1 et<br \/>\nen Course 2 apr\u00e8s s\u2019\u00eatre qualifi\u00e9e 19e.<\/p>\n<p><strong>Course 1<\/strong> : \u00ab\u00a0Je suis partie 22e \u00e0<br \/>\ncause de la p\u00e9nalit\u00e9, je n\u2019\u00e9tais pas tr\u00e8s rapide en course, mais<br \/>\nj\u2019ai gagn\u00e9 cinq places. Je serai contente quand je me sentirai bien<br \/>\navec mon style de pilotage, que j\u2019ai perdu ces derni\u00e8res<br \/>\nsemaines.\u00a0\u00bb<\/p>\n<p><strong>Course 2<\/strong> : \u00ab\u00a0Je n\u2019avais pas le rythme<br \/>\npour rester dans le peloton de la 10e \u00e0 la 15e place. Le pilotage<br \/>\nme manque, mes connaissances me manquent, ma confiance me manque\u2026<br \/>\nc\u2019est frustrant, mais je vais m\u2019entra\u00eener pour tout retrouver et<br \/>\nrevenir plus forte. L\u2019\u00e9quipe m\u2019a donn\u00e9 une super moto, merci<br \/>\n!\u00a0\u00bb<\/p>\n<p>\u00ab\u00a0Merci \u00e0 tous ceux qui me soutiennent, m\u00eame si les<br \/>\nr\u00e9sultats sont loin d\u2019\u00eatre au rendez-vous. Prochain rendez-vous \u00e0<br \/>\nMagny-Cours. Venez me voir !\u00a0\u00bb<\/p>\n<p><strong>ORNELLA ONGARO \u2013 Forfait<\/strong><\/p>\n<p><img loading=\"lazy\" decoding=\"async\" class=\"aligncenter size-full wp-image-1314661\" src=\"https:\/\/www.europesays.com\/fr\/wp-content\/uploads\/2025\/07\/523112138_122195383400047686_7725786370658426152_n.jpg\" alt=\"Ornella Ongaro\" width=\"800\" height=\"533\"  \/><\/p>\n<p>Alors qu\u2019elle arrivait d\u2019un excellent week-end \u00e0 Donington,<br \/>\n<a href=\"https:\/\/www.paddock-gp.com\/championnat-du-monde-feminin-donington-les-francaises-boudesseul-ongaro-et-bondi-reviennent-sur-leurs-courses\/\" rel=\"nofollow noopener\" target=\"_blank\"><br \/>\no\u00f9 elle avait d\u00e9croch\u00e9 deux tops 8<\/a>, <strong>Ornella<br \/>\nOngaro<\/strong> a \u00e9t\u00e9 victime d\u2019un accrochage dans le premier tour<br \/>\nde la Course 1, et s\u2019est fractur\u00e9 l\u2019hum\u00e9rus droit dans la chute.<br \/>\n\u00c9vacu\u00e9e sur civi\u00e8re, elle a d\u00fb d\u00e9clarer forfait le reste du<br \/>\nweek-end et esp\u00e8re \u00eatre de retour pour la prochaine manche \u00e0<br \/>\nMagny-Cours, qu\u2019elle disputera \u00e0 domicile.<\/p>\n<p><strong>Course 1<\/strong> : \u00ab\u00a0Accrochage, je me fais<br \/>\ncouper la route par la 33. Tr\u00e8s agressive d\u00e9j\u00e0 \u00e0 la chicane<br \/>\npr\u00e9c\u00e9dent ce virage\u2026 Au premier tour elle jouait sa vie va savoir<br \/>\npourquoi ! Comportement\u2026 je vais me taire. Merci \u00e0 tous pour vos<br \/>\nmessages vraiment. Retour en France pour une op\u00e9ration et je serai<br \/>\n\u00e0 nouveau sur pied, l\u2019histoire ne sera que plus<br \/>\nbelle.\u00a0\u00bb<\/p>\n<p>Rendez-vous donc \u00e0 Magny-Cours, du 5 au 7 septembre, pour suivre<br \/>\nla cinqui\u00e8me manche du Championnat du Monde F\u00e9minin. En attendant,<br \/>\nvous pouvez revisionner les deux courses gratuitement <a href=\"https:\/\/www.youtube.com\/@WorldWCR\/streams\" rel=\"nofollow noopener\" target=\"_blank\">sur Youtube<\/a>.<\/p>\n","protected":false},"excerpt":{"rendered":"D\u00e9couvrez les r\u00e9actions des pilotes fran\u00e7aises engag\u00e9es dans le Championnat du Monde F\u00e9minin, apr\u00e8s la quatri\u00e8me manche de&hellip;\n","protected":false},"author":2,"featured_media":287060,"comment_status":"","ping_status":"","sticky":false,"template":"","format":"standard","meta":{"footnotes":""},"categories":[1413],"tags":[1011,27,1457,1456,60],"class_list":{"0":"post-287059","1":"post","2":"type-post","3":"status-publish","4":"format-standard","5":"has-post-thumbnail","7":"category-moto","8":"tag-fr","9":"tag-france","10":"tag-moto","11":"tag-motocycle","12":"tag-sports"},"share_on_mastodon":{"url":"https:\/\/pubeurope.com\/@fr\/114948723868277008","error":""},"_links":{"self":[{"href":"https:\/\/www.europesays.com\/fr\/wp-json\/wp\/v2\/posts\/287059","targetHints":{"allow":["GET"]}}],"collection":[{"href":"https:\/\/www.europesays.com\/fr\/wp-json\/wp\/v2\/posts"}],"about":[{"href":"https:\/\/www.europesays.com\/fr\/wp-json\/wp\/v2\/types\/post"}],"author":[{"embeddable":true,"href":"https:\/\/www.europesays.com\/fr\/wp-json\/wp\/v2\/users\/2"}],"replies":[{"embeddable":true,"href":"https:\/\/www.europesays.com\/fr\/wp-json\/wp\/v2\/comments?post=287059"}],"version-history":[{"count":0,"href":"https:\/\/www.europesays.com\/fr\/wp-json\/wp\/v2\/posts\/287059\/revisions"}],"wp:featuredmedia":[{"embeddable":true,"href":"https:\/\/www.europesays.com\/fr\/wp-json\/wp\/v2\/media\/287060"}],"wp:attachment":[{"href":"https:\/\/www.europesays.com\/fr\/wp-json\/wp\/v2\/media?parent=287059"}],"wp:term":[{"taxonomy":"category","embeddable":true,"href":"https:\/\/www.europesays.com\/fr\/wp-json\/wp\/v2\/categories?post=287059"},{"taxonomy":"post_tag","embeddable":true,"href":"https:\/\/www.europesays.com\/fr\/wp-json\/wp\/v2\/tags?post=287059"}],"curies":[{"name":"wp","href":"https:\/\/api.w.org\/{rel}","templated":true}]}}