{"id":287061,"date":"2025-07-31T16:11:28","date_gmt":"2025-07-31T16:11:28","guid":{"rendered":"https:\/\/www.europesays.com\/fr\/287061\/"},"modified":"2025-07-31T16:11:28","modified_gmt":"2025-07-31T16:11:28","slug":"mercedes-retropedale-et-revient-a-son-ancienne-suspension-en-hongrie","status":"publish","type":"post","link":"https:\/\/www.europesays.com\/fr\/287061\/","title":{"rendered":"Mercedes r\u00e9trop\u00e9dale et revient \u00e0 son ancienne suspension en Hongrie"},"content":{"rendered":"<p>La grosse r\u00e9union organis\u00e9e par <a href=\"https:\/\/fr.motorsport.com\/team\/mercedes\/611\/\" target=\"_blank\" rel=\"noopener\">Mercedes<\/a> en d\u00e9but de semaine semble avoir port\u00e9 ses fruits. Ce jeudi, en amont du Grand Prix de Hongrie, derni\u00e8re manche avant la longue pause estivale, <a href=\"https:\/\/fr.motorsport.com\/driver\/george-russell\/96626\/\" target=\"_blank\" rel=\"noopener\">George Russell<\/a> et <a href=\"https:\/\/fr.motorsport.com\/driver\/kimi-antonelli\/947765\/\" target=\"_blank\" rel=\"noopener\">Kimi Antonelli<\/a> ont annonc\u00e9 que l&rsquo;\u00e9quipe allemande \u00e9quipait sa monoplace d&rsquo;une ancienne suspension pour le week-end.\u00a0<\/p>\n<p>Apr\u00e8s le mauvais r\u00e9sultat de la course belge, <a href=\"https:\/\/fr.motorsport.com\/f1\/news\/russell-annonce-reunion-perte-performances-mercedes-spa\/10746154\/\" target=\"_blank\" rel=\"noopener\">Russell avait tir\u00e9 la sonnette d&rsquo;alarme<\/a>. Cela fait plusieurs semaines que les Fl\u00e8ches d&rsquo;argent sont en difficult\u00e9. La W16, pourtant plut\u00f4t performante en d\u00e9but de saison, est soudainement devenue tr\u00e8s instable dans les freinages des virages \u00e0 haute vitesse. La cause de cette instabilit\u00e9 n&rsquo;est toujours pas connue et Mercedes explore donc quelques possibilit\u00e9s.\u00a0<\/p>\n<p>\u00ab\u00a0Ces six derni\u00e8res courses ont \u00e9t\u00e9 les pires de notre saison\u00a0\u00bb, a d\u00e9clar\u00e9 Russell dans le paddock du Hungaroring. \u00ab\u00a0En d\u00e9but d&rsquo;ann\u00e9e, j&rsquo;avais beaucoup plus de confiance, les tours venaient naturellement, alors que maintenant, c&rsquo;est beaucoup plus difficile. Il n&rsquo;y a aucune garantie que [la suspension] soit la raison pour laquelle on a recul\u00e9. \u00c7a pourrait \u00eatre un facteur, et on va s&rsquo;en servir ce week-end pour \u00e9valuer.\u00a0\u00bb<\/p>\n<p>\u00ab\u00a0Tant qu&rsquo;on n&rsquo;est pas revenus \u00e0 une base de r\u00e9f\u00e9rence et qu&rsquo;on n&rsquo;a pas vu les r\u00e9sultats s&rsquo;am\u00e9liorer, on ne peut pas affirmer que c&rsquo;est la cause. \u00c9videmment, ce sont des voitures complexes. Et on est en plein dans les mois d&rsquo;\u00e9t\u00e9, o\u00f9 la surchauffe des pneus est g\u00e9n\u00e9ralement plus probl\u00e9matique, mais il faut aussi dire que quand les conditions \u00e9taient plus douces, on a eu du mal aussi.\u00a0\u00bb<\/p>\n<p>   <img decoding=\"async\" draggable=\"false\" src=\"https:\/\/www.europesays.com\/fr\/wp-content\/uploads\/2025\/07\/1753978288_453_george-russell-mercedes.jpg\" alt=\"George Russell, Mercedes\" width=\"1200\" height=\"800\" loading=\"lazy\"\/> <\/p>\n<p class=\"title\">George Russell, Mercedes<\/p>\n<p class=\"photographer\">Photo de: Sam Bloxham \/ LAT Images via Getty Images<\/p>\n<p>Le Britannique a avou\u00e9 ne pas s&rsquo;attendre \u00e0 grand chose pour le Grand Prix de Hongrie, esp\u00e9rant toutefois que cette suspension retirera un peu stress de ses \u00e9paules : \u00ab\u00a0Je ne m&rsquo;attends pas \u00e0 ce qu&rsquo;on fasse des miracles ce week-end, mais j&rsquo;esp\u00e8re qu&rsquo;on pourra \u00e0 nouveau \u00eatre confortablement dans le top 5 et se battre pour de bons points, sans avoir \u00e0 s&rsquo;inqui\u00e9ter des \u00e9liminations en Q1 ou Q2.\u00a0\u00bb<\/p>\n<p>Antonelli en qu\u00eate de confiance<\/p>\n<p>Celui qui a le plus \u00e9t\u00e9 touch\u00e9 par cette baisse de forme est Kimi Antonelli. Le jeune Italien a vu ses performances chuter depuis le Grand Prix d&rsquo;\u00c9milie-Romagne, notamment en qualifications. <a href=\"https:\/\/fr.motorsport.com\/f1\/news\/antonelli-raisons-derriere-recentes-difficultes\/10746601\/\" target=\"_blank\" rel=\"noopener\">En manque de sensations et de confiance au volant de la Mercedes<\/a>, il esp\u00e8re que ce retour \u00e0 l&rsquo;ancienne configuration lui permettra de renouer avec le niveau qu&rsquo;il affichait en d\u00e9but de saison.<\/p>\n<blockquote>\n<p>En revenant \u00e0 l&rsquo;ancienne suspension, j&rsquo;esp\u00e8re retrouver un peu les sensations que j&rsquo;avais avant le d\u00e9but de la tourn\u00e9e europ\u00e9enne.<\/p>\n<\/blockquote>\n<p>\u00ab\u00a0Ce week-end, on revient \u00e0 l&rsquo;ancienne suspension, et j&rsquo;esp\u00e8re que \u00e7a me redonnera de meilleures sensations\u00a0\u00bb, a-t-il confi\u00e9 ce jeudi. \u00ab\u00a0Depuis qu&rsquo;on est pass\u00e9s \u00e0 cette nouvelle suspension, \u00e0 part au Canada, j&rsquo;ai eu du mal \u00e0 piloter la voiture et \u00e0 retrouver de la confiance. Et probablement que, de mon c\u00f4t\u00e9, je ne me suis pas assez bien adapt\u00e9, parce que j&rsquo;essayais toujours de garder mon style et de piloter comme j&rsquo;en avais l&rsquo;habitude, mais \u00e7a n&rsquo;a pas vraiment fonctionn\u00e9.\u00a0\u00bb<\/p>\n<p>\u00ab\u00a0George, lui, s&rsquo;est mieux adapt\u00e9. Il a aussi un style de pilotage diff\u00e9rent, mais il a su mieux s&rsquo;ajuster. Et je pense que c&rsquo;est ce qui m&rsquo;a p\u00e9nalis\u00e9 durant cette saison europ\u00e9enne. Donc, en revenant \u00e0 l&rsquo;ancienne suspension, j&rsquo;esp\u00e8re retrouver un peu les sensations que j&rsquo;avais avant le d\u00e9but de la tourn\u00e9e europ\u00e9enne.\u00a0\u00bb<\/p>\n<p>Lire aussi :<\/p>\n<p>Dans cet article<\/p>\n<p>Soyez le premier inform\u00e9 et souscrivez aux alertes mails pour recevoir les infos en temps r\u00e9el<\/p>\n<p>    S&rsquo;abonner aux alertes de news<\/p>\n","protected":false},"excerpt":{"rendered":"La grosse r\u00e9union organis\u00e9e par Mercedes en d\u00e9but de semaine semble avoir port\u00e9 ses fruits. Ce jeudi, en&hellip;\n","protected":false},"author":2,"featured_media":287062,"comment_status":"","ping_status":"","sticky":false,"template":"","format":"standard","meta":{"footnotes":""},"categories":[1412],"tags":[1451,1452,1453,1454,1455,1011,27,9124,21746,42060,2237,4320,60],"class_list":{"0":"post-287061","1":"post","2":"type-post","3":"status-publish","4":"format-standard","5":"has-post-thumbnail","7":"category-f1","8":"tag-f1","9":"tag-formula-1","10":"tag-formula1","11":"tag-formule-1","12":"tag-formule1","13":"tag-fr","14":"tag-france","15":"tag-george-russell","16":"tag-gp-de-hongrie","17":"tag-hungaroring","18":"tag-kimi-antonelli","19":"tag-mercedes","20":"tag-sports"},"share_on_mastodon":{"url":"https:\/\/pubeurope.com\/@fr\/114948727428986273","error":""},"_links":{"self":[{"href":"https:\/\/www.europesays.com\/fr\/wp-json\/wp\/v2\/posts\/287061","targetHints":{"allow":["GET"]}}],"collection":[{"href":"https:\/\/www.europesays.com\/fr\/wp-json\/wp\/v2\/posts"}],"about":[{"href":"https:\/\/www.europesays.com\/fr\/wp-json\/wp\/v2\/types\/post"}],"author":[{"embeddable":true,"href":"https:\/\/www.europesays.com\/fr\/wp-json\/wp\/v2\/users\/2"}],"replies":[{"embeddable":true,"href":"https:\/\/www.europesays.com\/fr\/wp-json\/wp\/v2\/comments?post=287061"}],"version-history":[{"count":0,"href":"https:\/\/www.europesays.com\/fr\/wp-json\/wp\/v2\/posts\/287061\/revisions"}],"wp:featuredmedia":[{"embeddable":true,"href":"https:\/\/www.europesays.com\/fr\/wp-json\/wp\/v2\/media\/287062"}],"wp:attachment":[{"href":"https:\/\/www.europesays.com\/fr\/wp-json\/wp\/v2\/media?parent=287061"}],"wp:term":[{"taxonomy":"category","embeddable":true,"href":"https:\/\/www.europesays.com\/fr\/wp-json\/wp\/v2\/categories?post=287061"},{"taxonomy":"post_tag","embeddable":true,"href":"https:\/\/www.europesays.com\/fr\/wp-json\/wp\/v2\/tags?post=287061"}],"curies":[{"name":"wp","href":"https:\/\/api.w.org\/{rel}","templated":true}]}}