{"id":287069,"date":"2025-07-31T16:16:12","date_gmt":"2025-07-31T16:16:12","guid":{"rendered":"https:\/\/www.europesays.com\/fr\/287069\/"},"modified":"2025-07-31T16:16:12","modified_gmt":"2025-07-31T16:16:12","slug":"fabio-viscogliosi-duchamp-et-les-cambrioleurs","status":"publish","type":"post","link":"https:\/\/www.europesays.com\/fr\/287069\/","title":{"rendered":"Fabio Viscogliosi. Duchamp et les cambrioleurs"},"content":{"rendered":"<p>Ne passez pas \u00e0 c\u00f4t\u00e9 de cette \u0153uvre actuelle, sensible et multiforme. Qui poss\u00e8de quelque chose d\u2019enfantin et de bricol\u00e9. \u00c9crivain, musicien, peintre et dessinateur, Fabio Viscogliosi croise ses passions dans Les Cambrioleurs.<\/p>\n<p>Plus pieds nickel\u00e9s que cambrioleurs \u2013 cambriole, d\u00e9riv\u00e9 de cam\u00e9ra, la chambre, mot qu\u2019affectionne l\u2019auteur \u2013, Werner, Mancini, Kowalka et le narrateur sont perp\u00e9tuellement d\u00e9pass\u00e9s par les \u00e9v\u00e9nements. Ce quatuor paum\u00e9 squatte au dernier \u00e9tage d\u2019un immeuble noir de crasse.<\/p>\n<p>De la Croix-Rousse au plateau, de la presqu\u2019\u00eele aux traboules, Lyon est un&#8230;<\/p>\n","protected":false},"excerpt":{"rendered":"Ne passez pas \u00e0 c\u00f4t\u00e9 de cette \u0153uvre actuelle, sensible et multiforme. Qui poss\u00e8de quelque chose d\u2019enfantin et&hellip;\n","protected":false},"author":2,"featured_media":287070,"comment_status":"","ping_status":"","sticky":false,"template":"","format":"standard","meta":{"footnotes":""},"categories":[1357],"tags":[1379,1687,58,59,1011,27,1380,2410],"class_list":{"0":"post-287069","1":"post","2":"type-post","3":"status-publish","4":"format-standard","5":"has-post-thumbnail","7":"category-livres","8":"tag-books","9":"tag-culture-loisirs","10":"tag-divertissement","11":"tag-entertainment","12":"tag-fr","13":"tag-france","14":"tag-livres","15":"tag-livres-bd"},"share_on_mastodon":{"url":"https:\/\/pubeurope.com\/@fr\/114948747106867358","error":""},"_links":{"self":[{"href":"https:\/\/www.europesays.com\/fr\/wp-json\/wp\/v2\/posts\/287069","targetHints":{"allow":["GET"]}}],"collection":[{"href":"https:\/\/www.europesays.com\/fr\/wp-json\/wp\/v2\/posts"}],"about":[{"href":"https:\/\/www.europesays.com\/fr\/wp-json\/wp\/v2\/types\/post"}],"author":[{"embeddable":true,"href":"https:\/\/www.europesays.com\/fr\/wp-json\/wp\/v2\/users\/2"}],"replies":[{"embeddable":true,"href":"https:\/\/www.europesays.com\/fr\/wp-json\/wp\/v2\/comments?post=287069"}],"version-history":[{"count":0,"href":"https:\/\/www.europesays.com\/fr\/wp-json\/wp\/v2\/posts\/287069\/revisions"}],"wp:featuredmedia":[{"embeddable":true,"href":"https:\/\/www.europesays.com\/fr\/wp-json\/wp\/v2\/media\/287070"}],"wp:attachment":[{"href":"https:\/\/www.europesays.com\/fr\/wp-json\/wp\/v2\/media?parent=287069"}],"wp:term":[{"taxonomy":"category","embeddable":true,"href":"https:\/\/www.europesays.com\/fr\/wp-json\/wp\/v2\/categories?post=287069"},{"taxonomy":"post_tag","embeddable":true,"href":"https:\/\/www.europesays.com\/fr\/wp-json\/wp\/v2\/tags?post=287069"}],"curies":[{"name":"wp","href":"https:\/\/api.w.org\/{rel}","templated":true}]}}