{"id":287075,"date":"2025-07-31T16:19:34","date_gmt":"2025-07-31T16:19:34","guid":{"rendered":"https:\/\/www.europesays.com\/fr\/287075\/"},"modified":"2025-07-31T16:19:34","modified_gmt":"2025-07-31T16:19:34","slug":"qui-des-bad-guys-2-ou-de-dracula-est-arrive-en-tete-des-sorties-cinema-du-mercredi-30-juillet","status":"publish","type":"post","link":"https:\/\/www.europesays.com\/fr\/287075\/","title":{"rendered":"Qui des Bad Guys 2 ou de Dracula est arriv\u00e9 en t\u00eate des sorties cin\u00e9ma du mercredi 30 juillet ?"},"content":{"rendered":"<p>Ce mercredi 30 juillet 2025 a encore \u00e9t\u00e9 un grand cru pour le cin\u00e9ma. Deux r\u00e9alisateurs fran\u00e7ais se d\u00e9marquent d&rsquo;ailleurs avec la sortie des Bad Guys 2 et de Dracula. Si les deux films ont fait un tr\u00e8s bon d\u00e9marrage lors de leur premier jour d\u2019exploitation, l\u2019un des deux a r\u00e9ussi \u00e0 se hisser \u00e0 la premi\u00e8re place du box-office.<\/p>\n<p>Voil\u00e0 encore une belle semaine de cin\u00e9ma qui s\u2019annonce. Deux longs-m\u00e9trages de r\u00e9alisation fran\u00e7aise sont sortis ce mercredi 30 juillet 2025 : <a href=\"https:\/\/www.programme-tv.net\/news\/cinema\/384164-les-bad-guys-2-quels-acteurs-francais-doublent-les-personnages\/\" data-api-deeplink=\"teleloisirs:\/\/news\/384164\" target=\"_blank\" rel=\"noopener\">Les Bad Guys 2<\/a>, sign\u00e9 Pierre Perifel, et <a href=\"https:\/\/www.programme-tv.net\/news\/cinema\/384329-dracula-pour-son-nouveau-film-luc-besson-a-tourne-des-scenes-dans-sa-propriete-en-normandie\/\" data-api-deeplink=\"teleloisirs:\/\/news\/384329\" target=\"_blank\" rel=\"noopener\">Dracula, le nouveau film de Luc Besson<\/a>. Mais lequel des deux a fait le meilleur d\u00e9marrage ? C\u2019est le film d\u2019animation Les Bad Guys 2 qui remporte cette palme, cette semaine. La production Dreamworks prend m\u00eame la t\u00eate du box-office en France en son premier jour en salles. Il est<a href=\"https:\/\/www.programme-tv.net\/news\/cinema\/383957-les-4-fantastiques-premiers-pas-me-rappelle-pourquoi-j-aime-le-mcu-un-charme-a-l-ancienne-10-10-les-fans-de-marvel-se-reconcilient-avec-le-studio-et-encensent-son-nouveau-blockbuster\/\" data-api-deeplink=\"teleloisirs:\/\/news\/383957\" target=\"_blank\" rel=\"noopener\"> suivi de pr\u00e8s par Les 4 Fantastiques : Premiers pas<\/a>, qui a encore du succ\u00e8s chez les amateurs de cin\u00e9ma. Dracula arrive en troisi\u00e8me position pour son premier jour d\u2019exploitation, juste devant<a href=\"https:\/\/www.programme-tv.net\/news\/cinema\/383288-les-schtroumpfs-le-film-qui-font-les-voix-francaises\/\" data-api-deeplink=\"teleloisirs:\/\/news\/383288\" target=\"_blank\" rel=\"noopener\"> Les Schtroumpfs le film <\/a>et <a href=\"https:\/\/www.programme-tv.net\/news\/cinema\/383473-deception-pour-superman-battu-par-jurassic-world-renaissance-qui-integre-deja-le-top-10-des-films-les-plus-vus-de-l-annee-en-france\/\" data-api-deeplink=\"teleloisirs:\/\/news\/383473\" target=\"_blank\" rel=\"noopener\">Jurassic World : Renaissance<\/a>.<\/p>\n<p>De quoi parle Les Bad Guys 2 ?<\/p>\n<p>Dans Les Bad Guys 2, on retrouve la bande d\u2019animaux criminels d\u00e9couverte dans le premier opus, en 2022. Seulement, cette fois, ils ont jur\u00e9 de devenir de bonnes personnes et de participer \u00e0 la lutte contre le crime. Mais le mal a un don pour les trouver&#8230; M. Loup, M. Serpent, M. Requin et M. Piranha sont donc contraints de reprendre du service en tant que criminels pour le compte d\u2019une bande f\u00e9minine, les Bad Girls. L\u2019occasion de retrouver les personnages ador\u00e9s dans le premier opus et les voix fran\u00e7aises qui les doublent. \u00c0 <a href=\"https:\/\/www.programme-tv.net\/biographie\/77634-niney-pierre\/\" data-link-people=\"ebdbf6ca-032a-4970-8693-0f4dda181262\" target=\"_blank\" rel=\"noopener\">Pierre Niney<\/a>, <a href=\"https:\/\/www.programme-tv.net\/biographie\/242236-gotesman-igor\/\" data-link-people=\"99e60948-b78f-4387-a972-00887f75f928\" target=\"_blank\" rel=\"noopener\">Igor Gotesman<\/a> et <a href=\"https:\/\/www.programme-tv.net\/biographie\/276911-zadi-jean-pascal\/\" data-link-people=\"72228689-d987-4b5d-8613-90aa24101aac\" target=\"_blank\" rel=\"noopener\">Jean-Pascal Zadi<\/a> s\u2019ajoutent d\u00e9sormais les voix de Doully, <a href=\"https:\/\/www.programme-tv.net\/biographie\/174346-belaidi-alice\/\" data-link-people=\"5feadfbf-1ee5-4872-87a1-a3b46ea67697\" target=\"_blank\" rel=\"noopener\">Alice Bela\u00efdi<\/a> et <a href=\"https:\/\/www.programme-tv.net\/biographie\/160978-kherici-reem\/\" data-link-people=\"9bd2f398-dc90-426b-a57d-3f1c57ec85e1\" target=\"_blank\" rel=\"noopener\">Reem Kherici<\/a> (<a href=\"https:\/\/www.programme-tv.net\/news\/cinema\/347073-on-sest-pris-le-4x4-de-plein-fouet-reem-kherici-raconte-son-grave-accident-sur-le-tournage-du-film-paris-a-tout-prix\/\" data-api-deeplink=\"teleloisirs:\/\/news\/347073\" target=\"_blank\" rel=\"noopener\">Paris \u00e0 tout prix<\/a>).<\/p>\n<p>                        Comment Luc Besson a-t-il adapt\u00e9 l\u2019histoire de Dracula ?<\/p>\n<p>Luc Besson s\u2019est de son c\u00f4t\u00e9 attaqu\u00e9 \u00e0 un mythe pour son nouveau film. Dans Dracula, il propose une adaptation de l\u2019histoire fantastique et vampirique \u00e9crite par Bram Stoker en 1897. On y suit le vampire dans le Paris du XIXe si\u00e8cle, 400 ans apr\u00e8s sa transformation, alors qu\u2019il pense avoir trouv\u00e9 une femme ressemblant \u00e0 sa d\u00e9funte \u00e9pouse. Caleb Landry Jones, applaudi dans <a href=\"https:\/\/www.programme-tv.net\/news\/cinema\/232319-cannes-2019-the-dead-dont-die-ou-quand-les-seduisants-zombies-de-jim-jarmusch-assurent-critique\/\" data-api-deeplink=\"teleloisirs:\/\/news\/232319\" target=\"_blank\" rel=\"noopener\">The Dead Don\u2019t Die <\/a>et dans le pr\u00e9c\u00e9dent film de Luc Besson, DogMan, incarne Dracula. <a href=\"https:\/\/www.programme-tv.net\/news\/series-tv\/367309-une-des-seules-choses-que-j-ai-imposees-guillaume-de-tonquedec-fais-pas-ci-fais-pas-ca-revele-ce-qu-il-a-exige-pour-ce-nouvel-episode\/\" data-api-deeplink=\"teleloisirs:\/\/news\/367309\" target=\"_blank\" rel=\"noopener\">La star de Fais pas ci, fais pas \u00e7a<\/a>, <a href=\"https:\/\/www.programme-tv.net\/biographie\/44987-de-tonquedec-guillaume\/\" data-link-people=\"f639f8a6-1482-4990-8a54-49fb5d352d7c\" target=\"_blank\" rel=\"noopener\">Guillaume de Tonqu\u00e9dec<\/a>, est aussi au g\u00e9n\u00e9rique.<\/p>\n<p>Article \u00e9crit en collaboration avec 6M\u00e9dias.<\/p>\n","protected":false},"excerpt":{"rendered":"Ce mercredi 30 juillet 2025 a encore \u00e9t\u00e9 un grand cru pour le cin\u00e9ma. Deux r\u00e9alisateurs fran\u00e7ais se&hellip;\n","protected":false},"author":2,"featured_media":287076,"comment_status":"","ping_status":"","sticky":false,"template":"","format":"standard","meta":{"footnotes":""},"categories":[1354],"tags":[2080,244,58,28778,59,31156,1346,1011,27,42581,42580,14990,1360,36266],"class_list":{"0":"post-287075","1":"post","2":"type-post","3":"status-publish","4":"format-standard","5":"has-post-thumbnail","7":"category-films","8":"tag-box-office","9":"tag-commentaire","10":"tag-divertissement","11":"tag-dracula","12":"tag-entertainment","13":"tag-film-danimation","14":"tag-films","15":"tag-fr","16":"tag-france","17":"tag-les-bad-guys","18":"tag-les-bad-guys-2-1565583409","19":"tag-luc-besson","20":"tag-movies","21":"tag-sorties-cinu00e9ma"},"share_on_mastodon":{"url":"https:\/\/pubeurope.com\/@fr\/114948758883966066","error":""},"_links":{"self":[{"href":"https:\/\/www.europesays.com\/fr\/wp-json\/wp\/v2\/posts\/287075","targetHints":{"allow":["GET"]}}],"collection":[{"href":"https:\/\/www.europesays.com\/fr\/wp-json\/wp\/v2\/posts"}],"about":[{"href":"https:\/\/www.europesays.com\/fr\/wp-json\/wp\/v2\/types\/post"}],"author":[{"embeddable":true,"href":"https:\/\/www.europesays.com\/fr\/wp-json\/wp\/v2\/users\/2"}],"replies":[{"embeddable":true,"href":"https:\/\/www.europesays.com\/fr\/wp-json\/wp\/v2\/comments?post=287075"}],"version-history":[{"count":0,"href":"https:\/\/www.europesays.com\/fr\/wp-json\/wp\/v2\/posts\/287075\/revisions"}],"wp:featuredmedia":[{"embeddable":true,"href":"https:\/\/www.europesays.com\/fr\/wp-json\/wp\/v2\/media\/287076"}],"wp:attachment":[{"href":"https:\/\/www.europesays.com\/fr\/wp-json\/wp\/v2\/media?parent=287075"}],"wp:term":[{"taxonomy":"category","embeddable":true,"href":"https:\/\/www.europesays.com\/fr\/wp-json\/wp\/v2\/categories?post=287075"},{"taxonomy":"post_tag","embeddable":true,"href":"https:\/\/www.europesays.com\/fr\/wp-json\/wp\/v2\/tags?post=287075"}],"curies":[{"name":"wp","href":"https:\/\/api.w.org\/{rel}","templated":true}]}}