{"id":287077,"date":"2025-07-31T16:20:08","date_gmt":"2025-07-31T16:20:08","guid":{"rendered":"https:\/\/www.europesays.com\/fr\/287077\/"},"modified":"2025-07-31T16:20:08","modified_gmt":"2025-07-31T16:20:08","slug":"seulement-20-des-soignants-sont-vaccines-contre-la-grippe-cest-quand-meme-fou-reagit-le-ministre-de-la-sante-actualites-orange","status":"publish","type":"post","link":"https:\/\/www.europesays.com\/fr\/287077\/","title":{"rendered":"Seulement 20 % des soignants sont vaccin\u00e9s contre la grippe : &quot;C&#039;est quand m\u00eame fou&quot;, r\u00e9agit le ministre de la Sant\u00e9 &#8211; Actualit\u00e9s \u2013 Orange"},"content":{"rendered":"<ol>\n<li><a href=\"https:\/\/news.google.com\/rss\/articles\/CBMi_AFBVV95cUxQUGxMUHhFTVpHcFh2M1M4em9SSXcxaGRCbXF1QVJMRWdLUTE5aWRKMWVoMEFJRmFta0hRUjFIbGdRMlJtQWNpV0NmajgxQ0ZyYy1vWlFEVkFoVUpqT2s5YVZIaEVMQWxtdkd3aGFiRFZDRUVjNkZnLWdpUEMydk5HM1V5MkI5bzUxejM2dTl6dzRuRnVfT05WR0ZBQlBBUFhYcGlEcWd5TWt6eDF3dFc5Uk8xUDdNQ1pzeTdBU2FfUkRsMm9aRVBkR2VWcXRXQ0pwbXhJUFdMV0RpVzJkWl9QSXRhQ3RvRVBDckJ4RVJkT09wMHlVX3FiYXVJRjk?oc=5\" target=\"_blank\" rel=\"nofollow noopener\">Seulement 20 % des soignants sont vaccin\u00e9s contre la grippe : \u00ab\u00a0C&rsquo;est quand m\u00eame fou\u00a0\u00bb, r\u00e9agit le ministre de la Sant\u00e9<\/a>&nbsp;&nbsp;Actualit\u00e9s \u2013 Orange<\/li>\n<li><a href=\"https:\/\/news.google.com\/rss\/articles\/CBMitwFBVV95cUxPYVQ5c3p5Mk1uWFRBUkFvejVTb2pyQlRKQ1JTYW5aR0V2cFkwTGVfMmh1bHozeVRmSFd1UkNuSlBYcGtfSGZFM0JxV3lyNnNCVnBTclI1SVpNVS0wbHd4aTRoX0dOYVBwZTAxZG54aWtjZG5MQXVmOVZpQ0RuU2NJSE9WS2xxV21UQ204Zm1IZzB1cXNEUnZyVWpCNFkxM18wRDdkWEl2WW9xcElUaFNuNzByQ28xcTjSAbwBQVVfeXFMTzdZV1RITmZrQkJUUFg0aGpmR3d0elJEdEdmQXp5SFZJenZkWl9rS2M5QnRqTlFmdjF2d1N0WXdfR3BtbmtWU2NqTENzUEZ0eDI4VW1LTG5KaFRSV3I1SDE2TEFBUGVFc2NUUFF4VmdUYi1vc1hiTENUTnJNXzBmQ1ZIMTFSYVRXdUt6N2ttaVB0TUhUMjFZdER4ZEtGMVZJaVA1TWFzbWZYcUlrVUFnLURqSk94OVRFZG5KWlM?oc=5\" target=\"_blank\" rel=\"nofollow noopener\">Grippe saisonni\u00e8re : \u00abAu pays de Pasteur, au pays des Lumi\u00e8res, c&rsquo;est quand m\u00eame fou qu&rsquo;on arrive \u00e0 ce que 20% seulement des soignants soient vaccin\u00e9s\u00bb, estime le ministre de la Sant\u00e9<\/a>&nbsp;&nbsp;CNews<\/li>\n<li><a href=\"https:\/\/news.google.com\/rss\/articles\/CBMizAFBVV95cUxNMVZwWjhja2EteENBWjNnT05YNEhJWjMxM25odFhFVXRIYU1IcVVjdHhCVTN3TFpRdkUyaFo1bG1JUjk1NFlJMGNTYlRFWGp1QzdPWlJvRnk1bkMydzh3Wks1Y0tMOXdMUkZzNHVDNDF6dlVUSDhnMUJkeWVhRjBtNko5R2Q2ZHI4YVdQdHluVXJLT2Y4ZklrUW5xX3RILVpQR09hSE01ak9kNXU1R3ZSS3NSNG9YVW83VmdMb25FQXl2X2NnQ1hIQnZCNm4?oc=5\" target=\"_blank\" rel=\"nofollow noopener\">Grippe : le ministre de la Sant\u00e9 hausse le ton sur la vaccination des soignants<\/a>&nbsp;&nbsp;Les Echos<\/li>\n<li><a href=\"https:\/\/news.google.com\/rss\/articles\/CBMihwFBVV95cUxNLU9xR3hHSVlpSXNPaG5xVmpkX3hGZl8tMW1XM2EzVkRCclJRaEZsSUZRZVBXSERXX3BvSnZCTE9HcVlPb1VlR0hzMkNPZGZzOU9GNGhPdGh5WllJTG4wb1ZHV0NOR0gtc0J4LXpZTUpMY2VxVmc4YmhqcXlvYXFMZWVsbDhqYjA?oc=5\" target=\"_blank\" rel=\"nofollow noopener\">Ehpad : la vaccination bient\u00f4t obligatoire ?<\/a>&nbsp;&nbsp;La Croix<\/li>\n<li><a href=\"https:\/\/news.google.com\/rss\/articles\/CBMiiwJBVV95cUxPOGJWMGdIME1LblctWjFtVUtCOVRneFRQa3YxVXFoNktxMHlVWW1xUEpuSG5aMmhPUzY1VlZsRThIRXZ1UlhBOTBjTXRQdkxSUzk3N3NYYlpKYVhLM2tXZnczNFpPUjBoOER5NEp5SEQtaTM3TlZPTEdtRDdqUkp2c1EzT1BaOGVHU1MzRXFWUWlsYU4xeGMxRm1nS2dFQnJUVWVPVDZCdG5Tb2o4b2ltNkZUZnZLa3FtRkVXNnpZY0VIWW8zNjkzRjV4XzVIdzd0dUx6N2hFbG1SQjRtX245OElxTlE5b29HUlNHSXFYM3dXc3l3OHBMOHNSV3NQN0VCTkg3RFRBSXRNOHc?oc=5\" target=\"_blank\" rel=\"nofollow noopener\">\u00ab C\u2019est fou ! \u00bb : seulement 20 % du personnel soignant \u00e0 l\u2019h\u00f4pital est vaccin\u00e9 contre la grippe, s\u2019\u00e9tonne Yannick Neuder<\/a>&nbsp;&nbsp;MSN<\/li>\n<\/ol>\n","protected":false},"excerpt":{"rendered":"Seulement 20 % des soignants sont vaccin\u00e9s contre la grippe : \u00ab\u00a0C&rsquo;est quand m\u00eame fou\u00a0\u00bb, r\u00e9agit le ministre&hellip;\n","protected":false},"author":2,"featured_media":1445,"comment_status":"","ping_status":"","sticky":false,"template":"","format":"standard","meta":{"footnotes":""},"categories":[10],"tags":[1011,27,72,71],"class_list":{"0":"post-287077","1":"post","2":"type-post","3":"status-publish","4":"format-standard","5":"has-post-thumbnail","7":"category-sante","8":"tag-fr","9":"tag-france","10":"tag-health","11":"tag-sante"},"share_on_mastodon":{"url":"https:\/\/pubeurope.com\/@fr\/114948762815021864","error":""},"_links":{"self":[{"href":"https:\/\/www.europesays.com\/fr\/wp-json\/wp\/v2\/posts\/287077","targetHints":{"allow":["GET"]}}],"collection":[{"href":"https:\/\/www.europesays.com\/fr\/wp-json\/wp\/v2\/posts"}],"about":[{"href":"https:\/\/www.europesays.com\/fr\/wp-json\/wp\/v2\/types\/post"}],"author":[{"embeddable":true,"href":"https:\/\/www.europesays.com\/fr\/wp-json\/wp\/v2\/users\/2"}],"replies":[{"embeddable":true,"href":"https:\/\/www.europesays.com\/fr\/wp-json\/wp\/v2\/comments?post=287077"}],"version-history":[{"count":0,"href":"https:\/\/www.europesays.com\/fr\/wp-json\/wp\/v2\/posts\/287077\/revisions"}],"wp:featuredmedia":[{"embeddable":true,"href":"https:\/\/www.europesays.com\/fr\/wp-json\/wp\/v2\/media\/1445"}],"wp:attachment":[{"href":"https:\/\/www.europesays.com\/fr\/wp-json\/wp\/v2\/media?parent=287077"}],"wp:term":[{"taxonomy":"category","embeddable":true,"href":"https:\/\/www.europesays.com\/fr\/wp-json\/wp\/v2\/categories?post=287077"},{"taxonomy":"post_tag","embeddable":true,"href":"https:\/\/www.europesays.com\/fr\/wp-json\/wp\/v2\/tags?post=287077"}],"curies":[{"name":"wp","href":"https:\/\/api.w.org\/{rel}","templated":true}]}}