{"id":287100,"date":"2025-07-31T16:33:14","date_gmt":"2025-07-31T16:33:14","guid":{"rendered":"https:\/\/www.europesays.com\/fr\/287100\/"},"modified":"2025-07-31T16:33:14","modified_gmt":"2025-07-31T16:33:14","slug":"linflation-en-juillet-estimee-a-1-sur-un-an-annonce-linsee","status":"publish","type":"post","link":"https:\/\/www.europesays.com\/fr\/287100\/","title":{"rendered":"L\u2019inflation en juillet estim\u00e9e \u00e0 1\u00a0% sur un an, annonce l\u2019Insee"},"content":{"rendered":"<p>Au mois de juillet, les prix \u00e0 la consommation en France ont augment\u00e9 de 1\u00a0% sur un an, a annonc\u00e9 ce jeudi 31\u00a0juillet 2025 l\u2019Insee, dans son estimation provisoire.<\/p>\n<p>D\u00e9j\u00e0 1 % en juin<\/p>\n<p><strong>\u00ab\u00a0Les prix de l\u2019\u00e9nergie diminueraient \u00e0 un rythme plus soutenu qu\u2019au mois pr\u00e9c\u00e9dent en raison d\u2019un effet de base sur les prix du gaz (ils avaient fortement augment\u00e9 en juillet\u00a02024)\u00a0\u00bb<\/strong>, d\u00e9taille l\u2019Insee dans son communiqu\u00e9. <strong>\u00ab\u00a0Ceux des produits manufactur\u00e9s baisseraient au m\u00eame rythme qu\u2019en juin. \u00c0 l\u2019inverse, les prix de l\u2019alimentation et des services acc\u00e9l\u00e9reraient l\u00e9g\u00e8rement.\u00a0\u00bb<\/strong><\/p>\n<p>Ce chiffre de l\u2019inflation en juillet est similaire \u00e0 celui du mois de juin, pour lequel l\u2019inflation \u00e9tait d\u00e9j\u00e0 estim\u00e9e <a href=\"https:\/\/rennes.maville.com\/actu\/actudet_-l-inflation-estimee-a-1-sur-un-an-en-france-au-mois-de-juin-indique-l-insee-_54135-6896120_actu.Htm\" target=\"_self\" rel=\"noopener\">\u00e0 1\u00a0%<\/a>. En revanche, en mai, l\u2019inflation s\u2019\u00e9tait \u00e9lev\u00e9e <a href=\"https:\/\/rennes.maville.com\/actu\/actudet_-l-inflation-en-mai-confirmee-a-0-7-par-l-insee-_54135-6851875_actu.Htm\" target=\"_self\" rel=\"noopener\">\u00e0 0,7\u00a0%<\/a> sur un an.<\/p>\n<p>Hausse saisonni\u00e8re des prix des services<\/p>\n<p>Sur un mois, les prix \u00e0 la consommation ont augment\u00e9 de 0,2%, s\u2019expliquant par la hausse saisonni\u00e8re des prix des services, notamment ceux des transports et de l\u2019h\u00e9bergement, et dans une moindre mesure par une augmentation des prix de l\u2019\u00e9nergie, a aussi indiqu\u00e9 l\u2019Institut national de la statistique dans son communiqu\u00e9, relaye par l\u2019Agence France-Presse.<\/p>\n<p>\u00a0<\/p>\n","protected":false},"excerpt":{"rendered":"Au mois de juillet, les prix \u00e0 la consommation en France ont augment\u00e9 de 1\u00a0% sur un an,&hellip;\n","protected":false},"author":2,"featured_media":287101,"comment_status":"","ping_status":"","sticky":false,"template":"","format":"standard","meta":{"footnotes":""},"categories":[9619],"tags":[12106,1111,11,9626,2562,42582,1777,674,1011,27,9345,2066,2868,12,882,25,2310],"class_list":{"0":"post-287100","1":"post","2":"type-post","3":"status-publish","4":"format-standard","5":"has-post-thumbnail","7":"category-toulon","8":"tag-12106","9":"tag-actu","10":"tag-actualites","11":"tag-an","12":"tag-annonce","13":"tag-estimee","14":"tag-eu","15":"tag-europe","16":"tag-fr","17":"tag-france","18":"tag-inflation","19":"tag-insee","20":"tag-juillet","21":"tag-news","22":"tag-provence-alpes-cote-dazur","23":"tag-republique-francaise","24":"tag-toulon"},"share_on_mastodon":{"url":"https:\/\/pubeurope.com\/@fr\/114948813903212888","error":""},"_links":{"self":[{"href":"https:\/\/www.europesays.com\/fr\/wp-json\/wp\/v2\/posts\/287100","targetHints":{"allow":["GET"]}}],"collection":[{"href":"https:\/\/www.europesays.com\/fr\/wp-json\/wp\/v2\/posts"}],"about":[{"href":"https:\/\/www.europesays.com\/fr\/wp-json\/wp\/v2\/types\/post"}],"author":[{"embeddable":true,"href":"https:\/\/www.europesays.com\/fr\/wp-json\/wp\/v2\/users\/2"}],"replies":[{"embeddable":true,"href":"https:\/\/www.europesays.com\/fr\/wp-json\/wp\/v2\/comments?post=287100"}],"version-history":[{"count":0,"href":"https:\/\/www.europesays.com\/fr\/wp-json\/wp\/v2\/posts\/287100\/revisions"}],"wp:featuredmedia":[{"embeddable":true,"href":"https:\/\/www.europesays.com\/fr\/wp-json\/wp\/v2\/media\/287101"}],"wp:attachment":[{"href":"https:\/\/www.europesays.com\/fr\/wp-json\/wp\/v2\/media?parent=287100"}],"wp:term":[{"taxonomy":"category","embeddable":true,"href":"https:\/\/www.europesays.com\/fr\/wp-json\/wp\/v2\/categories?post=287100"},{"taxonomy":"post_tag","embeddable":true,"href":"https:\/\/www.europesays.com\/fr\/wp-json\/wp\/v2\/tags?post=287100"}],"curies":[{"name":"wp","href":"https:\/\/api.w.org\/{rel}","templated":true}]}}