{"id":287102,"date":"2025-07-31T16:34:15","date_gmt":"2025-07-31T16:34:15","guid":{"rendered":"https:\/\/www.europesays.com\/fr\/287102\/"},"modified":"2025-07-31T16:34:15","modified_gmt":"2025-07-31T16:34:15","slug":"le-brf-jacques-stosskopf-a-rejoint-son-port-base-de-toulon","status":"publish","type":"post","link":"https:\/\/www.europesays.com\/fr\/287102\/","title":{"rendered":"Le BRF Jacques Stosskopf a rejoint son port base de Toulon"},"content":{"rendered":"<p>\n      Voici le communiqu\u00e9 du minist\u00e8re des Arm\u00e9es en date du 31\/07\/25 illustr\u00e9 avec les photos de Francis Jacquot :\n    <\/p>\n<ul>\n<li><strong>Le b\u00e2timent ravitailleur de forces (BRF)\u00a0<\/strong><strong>Jacques Stosskopf<\/strong><strong>, deuxi\u00e8me unit\u00e9 de la s\u00e9rie de quatre navires, accoste ce jeudi 31 juillet 2025 dans la base navale de Toulon.<\/strong><\/li>\n<li><strong>L\u2019arriv\u00e9e du deuxi\u00e8me BRF de la s\u00e9rie marque une nouvelle \u00e9tape majeure dans le renouvellement des capacit\u00e9s logistiques de la Marine nationale.<\/strong><\/li>\n<li><strong>Portant le nom d\u2019un brillant ing\u00e9nieur du g\u00e9nie maritime d\u2019origine alsacienne, r\u00e9sistant et mort en d\u00e9portation, le\u00a0<\/strong><strong>Jacques Stosskopf<\/strong><strong>\u00a0va poursuivre sa mont\u00e9e en puissance op\u00e9rationnelle avant d\u2019\u00eatre admis au service actif.<\/strong><\/li>\n<\/ul>\n<p>Construits \u00e0 Saint-Nazaire dans le cadre du programme franco-italien de flotte logistique FLOTLOG, conduit par l\u2019Organisation conjointe de coop\u00e9ration en mati\u00e8re d\u2019armement (OCCAR), ces navires sont le fruit d\u2019une coop\u00e9ration industrielle exemplaire entre les Chantiers de l\u2019Atlantique, Naval Group, la Direction g\u00e9n\u00e9rale de l\u2019armement et la Marine nationale. Cette s\u00e9rie de b\u00e2timents logistiques vise \u00e0 garantir l\u2019autonomie strat\u00e9gique de la France et sa capacit\u00e9 \u00e0 conduire des op\u00e9rations maritimes dans la dur\u00e9e, loin de son territoire national.<\/p>\n<p>\u00a0<\/p>\n<p>\n                  Diaporama                <\/p>\n<p>Le Jacques Stosskopf arrivant \u00e0 Toulon le 31 juillet. <\/p>\n<p>\u00a0<\/p>\n<p>      Le Jacques Stosskopf \u00e0 son arriv\u00e9e \u00e0 Toulon.\u00a0<\/p>\n<p>\u00a0<\/p>\n<p>\n                  Diaporama                <\/p>\n<p>Le Jacques Stosskopf arrivant \u00e0 la base navale de Toulon le 31 juillet. <\/p>\n<p>\u00a0<\/p>\n<p>      Le Jacques Stosskopf accostant aux appontements Milhaud \u00e0 c\u00f4t\u00e9 de son a\u00een\u00e9, le Jacques Chevallier.\u00a0<\/p>\n<p>\u00a0<\/p>\n<p>      Le Jacques Stosskopf accostant aux appontements Milhaud \u00e0 c\u00f4t\u00e9 de son a\u00een\u00e9, le Jacques Chevallier.\u00a0<\/p>\n<p>\u00a0<\/p>\n<p><strong>Caract\u00e9ristiques techniques du b\u00e2timent<\/strong><\/p>\n<p>D\u2019une longueur de 194 m\u00e8tres pour un d\u00e9placement de 31 000 tonnes en charge, le\u00a0Jacques Stosskopf\u00a0embarque jusqu\u2019\u00e0 13 000 m\u00b3 de carburant, mais aussi des vivres, munitions et pi\u00e8ces de rechange. Il est en mesure de ravitailler simultan\u00e9ment deux b\u00e2timents gr\u00e2ce \u00e0 ses quatre postes de transfert lat\u00e9raux et \u00e0 ses m\u00e2ts de ravitaillement capables de manipuler du fret solide jusqu\u2019\u00e0 2,5 tonnes. Ces capacit\u00e9s augment\u00e9es de soutien logistique permettent d&rsquo;am\u00e9liorer consid\u00e9rablement l&rsquo;autonomie du groupe a\u00e9ronaval et des forces d\u00e9ploy\u00e9es en haute mer.<\/p>\n<p>Le b\u00e2timent est \u00e9galement dot\u00e9 d\u2019\u00e9quipements modernes qui le rendent pleinement apte \u00e0 op\u00e9rer dans des environnements d\u00e9grad\u00e9s. Son syst\u00e8me de combat int\u00e9gr\u00e9, ses capacit\u00e9s d\u2019autod\u00e9fense rapproch\u00e9e, ses moyens de communication et ses installations pour le soutien font du BRF une plateforme polyvalente, en mesure d\u2019assurer des missions de ravitaillement et de soutien.<\/p>\n<p><strong>Le programme de flotte logistique<\/strong><\/p>\n<p>Le premier BRF, le\u00a0Jacques Chevallier, a \u00e9t\u00e9 livr\u00e9 en 2023 et est d\u00e9sormais pleinement op\u00e9rationnel. Le second, le\u00a0Jacques Stosskopf, rejoint aujourd\u2019hui Toulon. Suivront\u00a0l\u2019\u00c9mile Bertin,\u00a0dont la livraison est pr\u00e9vue en 2027, puis le\u00a0Gustave Z\u00e9d\u00e9\u00a0d\u2019ici 2032.<\/p>\n<p>Ces noms rendent hommage \u00e0 l\u2019h\u00e9ritage scientifique, technique et humain de la Marine. La s\u00e9rie FLOTLOG constitue un pilier de la Loi de programmation militaire 2019-2025 et une r\u00e9ponse concr\u00e8te aux enjeux de r\u00e9silience logistique et de projection durable de la puissance navale fran\u00e7aise.<\/p>\n<p>Les photos de l\u2019arriv\u00e9e du BRF\u00a0Jacques Stosskopf\u00a0\u00e0 Toulon sont disponibles sur la m\u00e9diath\u00e8que de la Marine national<\/p>\n","protected":false},"excerpt":{"rendered":"Voici le communiqu\u00e9 du minist\u00e8re des Arm\u00e9es en date du 31\/07\/25 illustr\u00e9 avec les photos de Francis Jacquot&hellip;\n","protected":false},"author":2,"featured_media":287103,"comment_status":"","ping_status":"","sticky":false,"template":"","format":"standard","meta":{"footnotes":""},"categories":[9619],"tags":[1111,11,6130,6141,6131,6138,2380,6135,554,1777,6136,674,1011,27,6139,6134,3135,6128,567,6129,6127,12,6132,4838,882,6133,25,6140,6137,2310],"class_list":{"0":"post-287102","1":"post","2":"type-post","3":"status-publish","4":"format-standard","5":"has-post-thumbnail","7":"category-toulon","8":"tag-actu","9":"tag-actualites","10":"tag-chantiers","11":"tag-commando","12":"tag-construction-navale","13":"tag-costa","14":"tag-croisiere","15":"tag-dcns","16":"tag-defense","17":"tag-eu","18":"tag-euronaval","19":"tag-europe","20":"tag-fr","21":"tag-france","22":"tag-fremm","23":"tag-interviews","24":"tag-littoral","25":"tag-marine","26":"tag-marine-nationale","27":"tag-maritime","28":"tag-mer","29":"tag-news","30":"tag-offshore","31":"tag-peche","32":"tag-provence-alpes-cote-dazur","33":"tag-reportages","34":"tag-republique-francaise","35":"tag-sncm","36":"tag-stx","37":"tag-toulon"},"share_on_mastodon":{"url":"https:\/\/pubeurope.com\/@fr\/114948817861457502","error":""},"_links":{"self":[{"href":"https:\/\/www.europesays.com\/fr\/wp-json\/wp\/v2\/posts\/287102","targetHints":{"allow":["GET"]}}],"collection":[{"href":"https:\/\/www.europesays.com\/fr\/wp-json\/wp\/v2\/posts"}],"about":[{"href":"https:\/\/www.europesays.com\/fr\/wp-json\/wp\/v2\/types\/post"}],"author":[{"embeddable":true,"href":"https:\/\/www.europesays.com\/fr\/wp-json\/wp\/v2\/users\/2"}],"replies":[{"embeddable":true,"href":"https:\/\/www.europesays.com\/fr\/wp-json\/wp\/v2\/comments?post=287102"}],"version-history":[{"count":0,"href":"https:\/\/www.europesays.com\/fr\/wp-json\/wp\/v2\/posts\/287102\/revisions"}],"wp:featuredmedia":[{"embeddable":true,"href":"https:\/\/www.europesays.com\/fr\/wp-json\/wp\/v2\/media\/287103"}],"wp:attachment":[{"href":"https:\/\/www.europesays.com\/fr\/wp-json\/wp\/v2\/media?parent=287102"}],"wp:term":[{"taxonomy":"category","embeddable":true,"href":"https:\/\/www.europesays.com\/fr\/wp-json\/wp\/v2\/categories?post=287102"},{"taxonomy":"post_tag","embeddable":true,"href":"https:\/\/www.europesays.com\/fr\/wp-json\/wp\/v2\/tags?post=287102"}],"curies":[{"name":"wp","href":"https:\/\/api.w.org\/{rel}","templated":true}]}}