{"id":287106,"date":"2025-07-31T16:36:12","date_gmt":"2025-07-31T16:36:12","guid":{"rendered":"https:\/\/www.europesays.com\/fr\/287106\/"},"modified":"2025-07-31T16:36:12","modified_gmt":"2025-07-31T16:36:12","slug":"vous-allez-croiser-bien-plus-de-policiers-dans-le-centre-ville-voici-pourquoi","status":"publish","type":"post","link":"https:\/\/www.europesays.com\/fr\/287106\/","title":{"rendered":"vous allez croiser bien plus de policiers dans le centre-ville, voici pourquoi"},"content":{"rendered":"<p>            Par<br \/>\n        <strong><br \/>\n            <a href=\"https:\/\/actu.fr\/auteur\/metropoop\" title=\"Consulter tous les articles de R\u00e9daction M\u00e9tropolitain\" target=\"_blank\" rel=\"noopener\">R\u00e9daction M\u00e9tropolitain<\/a><br \/>\n        <\/strong><\/p>\n<p>        Publi\u00e9 le<\/p>\n<p>            31 juil. 2025 \u00e0 18h34        <\/p>\n<p>Dans le <strong>centre historique de Montpellier<\/strong>, la pr\u00e9sence de la police municipale a \u00e9volu\u00e9. L\u2019\u00c9cusson b\u00e9n\u00e9ficie d\u00e9sormais d\u2019un dispositif complet articul\u00e9 autour de plusieurs modes d\u2019intervention, con\u00e7us pour renforcer la proximit\u00e9, la r\u00e9activit\u00e9 et le contact avec les usagers et les commer\u00e7ants.<\/p>\n<p>    <a href=\"https:\/\/www.google.com\/maps\/embed?pb=!1m18!1m12!1m3!1d11555.182886634453!2d3.872373397150044!3d43.610794784416335!2m3!1f0!2f0!3f0!3m2!1i1024!2i768!4f13.1!3m3!1m2!1s0x12b6af07764d6921%3A0xa44ea64f0246bb92!2sCtre%20Historique%2C%2034000%20Montpellier!5e0!3m2!1sen!2sfr!4v1753912765280!5m2!1sen!2sfr\" title=\"Ouvrie le lien\" target=\"_blank\" rel=\"noopener\">Cliquez ici pour visualiser le contenu<\/a><\/p>\n<p class=\" wall-content\">Le c\u0153ur de ce dispositif repose sur <strong>deux brigades VTT<\/strong>, chacune compos\u00e9e de six agents. Ces unit\u00e9s, sp\u00e9cifiquement affect\u00e9es \u00e0 l\u2019\u00c9cusson, interviennent sur de larges p\u00e9rim\u00e8tres. Le v\u00e9lo leur permet d\u2019\u00e9tendre leur rayon d\u2019action tout en restant facilement accessibles, sans contrainte de stationnement. Selon la Ville de Montpellier, \u00ab\u00a0le VTT est un vecteur de mobilit\u00e9 qui permet d\u2019allonger le rayon d\u2019action tout en pr\u00e9sentant l\u2019int\u00e9r\u00eat de rendre tr\u00e8s accessibles les agents qui l\u2019utilisent.\u00a0\u00bb Cette accessibilit\u00e9 favorise selon elle \u00ab\u00a0le contact, l\u2019\u00e9coute attentive, et ainsi le recueil et la dispense d\u2019informations \u00e0 l\u2019\u00e9gard des usagers.\u00a0\u00bb<\/p>\n<p>Des agents \u00e0 pied pour compl\u00e9ter les brigades VTT<\/p>\n<p class=\" wall-content\">Depuis le d\u00e9but de l\u2019ann\u00e9e 2025, un trin\u00f4me d\u2019agents \u00e0 pied a \u00e9t\u00e9 ajout\u00e9 au dispositif. Ces policiers municipaux patrouillent chaque apr\u00e8s-midi, du lundi au samedi, et parfois le dimanche selon les besoins op\u00e9rationnels. Ce trin\u00f4me p\u00e9destre permet d\u2019intervenir dans un d\u00e9lai rapproch\u00e9 d\u00e8s qu\u2019une dol\u00e9ance est signal\u00e9e ou en cas de flagrance. En parall\u00e8le des patrouilles \u00e0 v\u00e9lo et \u00e0 pied, <strong>des postes mobiles<\/strong> sont install\u00e9s deux \u00e0 trois fois par semaine sur la place de la Com\u00e9die. En plus des brigades VTT, du trin\u00f4me p\u00e9destre et des postes mobiles, les unit\u00e9s et brigades de la direction d\u00e9l\u00e9gu\u00e9e r\u00e9gulation du domaine public et des mobilit\u00e9s\u00a0(DDRDPM) sont \u00e9galement engag\u00e9es dans le centre-ville. Leur mission principale est d\u2019assurer la police de la circulation et du stationnement dans la zone pi\u00e9tonne.<\/p>\n<p>    <img   decoding=\"async\" loading=\"lazy\" src=\"https:\/\/www.europesays.com\/fr\/wp-content\/uploads\/2025\/07\/img-1531-960x640.jpg\" alt=\"Un point fixe pour informer, \u00e9couter, orienter et r\u00e9agir face aux situations signal\u00e9es.\" width=\"960\" height=\"640\"\/><br \/>\n    Un point fixe pour informer, \u00e9couter, orienter et r\u00e9agir face aux situations signal\u00e9es. (\u00a9M\u00e9tropolitain \/ CN)Vid\u00e9os : en ce moment sur Actu<\/p>\n<p class=\" wall-content\">La mise en place de cette nouvelle organisation est le fruit d\u2019une collaboration entre la Ville de Montpellier et la CCI. L\u2019objectif commun \u00e9tait d\u2019instaurer des rondes de policiers municipaux \u00e0 pied au sein de l\u2019\u00c9cusson et d\u2019assurer la circulation continue des brigades VTT en compl\u00e9ment des brigades motoris\u00e9es de la police nationale, qu\u2019elles soient en voiture ou \u00e0 moto. La CCI rappelle\u00a0 que ce dispositif est en place depuis plusieurs mois, avec des patrouilles pr\u00e9sentes<strong> d\u00e8s 8h du matin<\/strong> et jusqu\u2019\u00e0 la fermeture de la plupart des restaurants et des bars.<\/p>\n<p class=\" wall-content\">Suivez toute l\u2019actualit\u00e9 de vos villes et m\u00e9dias favoris en vous inscrivant \u00e0 <a href=\"https:\/\/moncompte.actu.fr\" title=\"D\u00e9couvez Mon Actu\" rel=\"nofollow noopener\" data-trk=\"{&quot;cta&quot;:{&quot;action&quot;:&quot;https:\\\/\\\/moncompte.actu.fr&quot;,&quot;category&quot;:&quot;mon compte&quot;,&quot;from&quot;:&quot;article footer&quot;,&quot;name&quot;:&quot;Mon actu&quot;,&quot;type&quot;:&quot;cta&quot;}}\" target=\"_blank\">Mon Actu<\/a>.<\/p>\n","protected":false},"excerpt":{"rendered":"Par R\u00e9daction M\u00e9tropolitain Publi\u00e9 le 31 juil. 2025 \u00e0 18h34 Dans le centre historique de Montpellier, la pr\u00e9sence&hellip;\n","protected":false},"author":2,"featured_media":287107,"comment_status":"","ping_status":"","sticky":false,"template":"","format":"standard","meta":{"footnotes":""},"categories":[9599],"tags":[1111,11,215,1777,674,1011,27,2825,2208,12,2680,1072,25,104],"class_list":{"0":"post-287106","1":"post","2":"type-post","3":"status-publish","4":"format-standard","5":"has-post-thumbnail","7":"category-montpellier","8":"tag-actu","9":"tag-actualites","10":"tag-commerce","11":"tag-eu","12":"tag-europe","13":"tag-fr","14":"tag-france","15":"tag-insecurite","16":"tag-montpellier","17":"tag-news","18":"tag-occitanie","19":"tag-police","20":"tag-republique-francaise","21":"tag-societe"},"share_on_mastodon":{"url":"https:\/\/pubeurope.com\/@fr\/114948825639804089","error":""},"_links":{"self":[{"href":"https:\/\/www.europesays.com\/fr\/wp-json\/wp\/v2\/posts\/287106","targetHints":{"allow":["GET"]}}],"collection":[{"href":"https:\/\/www.europesays.com\/fr\/wp-json\/wp\/v2\/posts"}],"about":[{"href":"https:\/\/www.europesays.com\/fr\/wp-json\/wp\/v2\/types\/post"}],"author":[{"embeddable":true,"href":"https:\/\/www.europesays.com\/fr\/wp-json\/wp\/v2\/users\/2"}],"replies":[{"embeddable":true,"href":"https:\/\/www.europesays.com\/fr\/wp-json\/wp\/v2\/comments?post=287106"}],"version-history":[{"count":0,"href":"https:\/\/www.europesays.com\/fr\/wp-json\/wp\/v2\/posts\/287106\/revisions"}],"wp:featuredmedia":[{"embeddable":true,"href":"https:\/\/www.europesays.com\/fr\/wp-json\/wp\/v2\/media\/287107"}],"wp:attachment":[{"href":"https:\/\/www.europesays.com\/fr\/wp-json\/wp\/v2\/media?parent=287106"}],"wp:term":[{"taxonomy":"category","embeddable":true,"href":"https:\/\/www.europesays.com\/fr\/wp-json\/wp\/v2\/categories?post=287106"},{"taxonomy":"post_tag","embeddable":true,"href":"https:\/\/www.europesays.com\/fr\/wp-json\/wp\/v2\/tags?post=287106"}],"curies":[{"name":"wp","href":"https:\/\/api.w.org\/{rel}","templated":true}]}}