{"id":287108,"date":"2025-07-31T16:37:10","date_gmt":"2025-07-31T16:37:10","guid":{"rendered":"https:\/\/www.europesays.com\/fr\/287108\/"},"modified":"2025-07-31T16:37:10","modified_gmt":"2025-07-31T16:37:10","slug":"photos-decouvrez-la-nouvelle-piscine-du-plateau-est-de-rouen-qui-va-enfin-ouvrir-ses-portes","status":"publish","type":"post","link":"https:\/\/www.europesays.com\/fr\/287108\/","title":{"rendered":"PHOTOS. D\u00e9couvrez la nouvelle piscine du plateau Est de Rouen, qui va enfin ouvrir ses portes"},"content":{"rendered":"<p>La nouvelle piscine du plateau est de Rouen, situ\u00e9e \u00e0 Belbeuf, ouvre ses portes ce lundi 4 ao\u00fbt. Enfin. Apr\u00e8s des ann\u00e9es d&rsquo;imbroglios administratifs autour du syst\u00e8me de filtration, et environ deux ans de retard, le public va enfin pouvoir b\u00e9n\u00e9ficier des lignes d&rsquo;eau. Visite guid\u00e9e.<\/p>\n<p>A l&rsquo;entr\u00e9e, 1.100 casiers, ferm\u00e9s par code, sont pr\u00eats pour accueillir vos affaires, des vestiaires mixtes, qui m\u00e8nent vers les trois bassins de la piscine\u00a0: un de 25 m\u00e8tres de long, pour les nageurs, avec six couloirs de nage, le deuxi\u00e8me pour les loisirs avec notamment de la nage \u00e0 contre-courant et le troisi\u00e8me d\u00e9di\u00e9 aux jeunes enfants avec quelques jeux d&rsquo;eau. Les trois en inox, pour \u00e9viter les fuites. Trois petits toboggans seront aussi \u00e0 disposition, d\u00e8s le lundi 4 ao\u00fbt, jour d&rsquo;ouverture, enfin, de cette piscine du plateau est de Rouen. La partie d\u00e9di\u00e9e au sport \u00e0 l&rsquo;\u00e9tage ne pourra ouvrir qu&rsquo;\u00e0 la rentr\u00e9e, le 13 septembre\u00a0: <strong>salles de sport, sauna, hammam, bassin de fitness<\/strong>. Le directeur de cette piscine O&rsquo;Cape, pour Centre aqualudique du plateau Est, via une d\u00e9l\u00e9gation de service public, Jordany Scyllon, m\u00e8ne la visite, entre les vestiaires, les bassins et le jacuzzi, pr\u00eat \u00e0 accueillir les futurs visiteurs, \u00e0 la conclusion de travaux qui ont trop dur\u00e9.<\/p>\n<p>Si le chantier en lui-m\u00eame s&rsquo;est d\u00e9roul\u00e9 sans probl\u00e8me majeur, un souci administratif a largement retard\u00e9 l&rsquo;ouverture\u00a0: \u00ab\u00a0On pouvait accueillir du monde depuis deux ans, temp\u00eate Jean-Guy Lecouteux, le maire de Belbeuf, qui accueille la piscine sur son territoire\u00a0: \u00ab\u00a0On a eu des difficult\u00e9s pour savoir si l&rsquo;on pourrait fonctionner ou non avec notre syst\u00e8me dit bio min\u00e9ral. En janvier 2021, on nous a dit que notre projet devait avoir une autorisation particuli\u00e8re, qu&rsquo;il fallait <strong>d\u00e9poser un dossier aupr\u00e8s de France Exp\u00e9rimentations<\/strong>, entretemps, on a eu un accord \u00e9crit du ministre de la Sant\u00e9, du cabinet du Premier ministre en octobre 2021, mais les experts de l&rsquo;Anses (Agence nationale de s\u00e9curit\u00e9 sanitaire de l&rsquo;alimentation, de l&rsquo;environnement et du travail)\u00a0ont mis <strong>trois ans et demi \u00e0 donner une r\u00e9ponse<\/strong> d\u00e9finitive.\u00a0\u00bb\u00a0 La piscine devait en effet utiliser une technique de filtration limitant l&rsquo;utilisation de chlore. Un <strong>retard administratif,<\/strong> qui a conduit \u00e0 une \u00e9volution de ce syst\u00e8me de filtration, entra\u00eenant un surcout et, surtout, obligeant les communes \u00e0 <strong>entretenir<\/strong> le b\u00e2timent de <strong>3.500 m\u00b2 d&#8217;emprise au sol<\/strong> pendant environ deux ans, sans aucune rentr\u00e9e d&rsquo;argent. La piscine a cout\u00e9 <strong>20 millions d&rsquo;euros<\/strong>\u00a0: 14 millions pour les dix communes membres du Syndicat intercommunal du centre aquatique du plateau est de Rouen, et six millions de subventions\u00a0: 2 millions pour la M\u00e9tropole de Rouen, 1,5 million de la R\u00e9gion Normandie, 1,2 million du D\u00e9partement de la Seine-Maritime, 1 million de l&rsquo;\u00c9tat et 260.000 euros de l&rsquo;Ademe.<\/p>\n<p>Ce retard, coupl\u00e9 au <strong>manque de piscines sur le territoire de la M\u00e9tropole<\/strong> de Rouen, fait que cette piscine est tr\u00e8s attendue. Il n&rsquo;y a que 18, bient\u00f4t 19 piscines sur le territoire, pour un demi-million d&rsquo;habitants. Sachant que la piscine du Boulingrin, \u00e0 Rouen, est ferm\u00e9e pour r\u00e9novation, cela fait <strong>un \u00e9quipement pour 30.000 habitants<\/strong> environ.<\/p>\n<p>\u00ab\u00a0C&rsquo;est un \u00e9quipement qui, nous le pensons, sera tr\u00e8s appr\u00e9ci\u00e9\u00a0\u00bb, estime le maire de Franqueville-Saint-Pierre, Bruno Guilbert\u00a0: \u00ab\u00a0Les \u00e9quipements m\u00e9tropolitains sont <strong>vieillissants, ferment, ont des probl\u00e8mes de fuites ou d&rsquo;entretien<\/strong>. L\u00e0, nous avons des bassins en inox pour \u00e9viter les fuites, un syst\u00e8me moderne, il devrait y avoir beaucoup de monde \u00e0 l&rsquo;ouverture.\u00a0\u00bb Ce sera ce lundi 4 ao\u00fbt, \u00e0 14h. Par ici la visite.<\/p>\n<p>La piscine sera ouverte du lundi au vendredi de 10h \u00e0 20h et les samedis et dimanches de 10h \u00e0 18h. Entr\u00e9e \u00e0 4,40 euros pour les adultes, 3,70 euros pour les enfants pour les r\u00e9sidents d&rsquo;Amfreville-la-Mi-Voie, Belbeuf, Boos, Franqueville-Saint-Pierre, Le Mesnil-Esnard, Mesnil-Raoul, Montmain, Qu\u00e9vreville-la-Poterie, Saint-Aubin-Celloville, Ymare. 6,50 euros et 5,50 euros pour les autres publics. La piscine est situ\u00e9e \u00e0 Belbeuf, route de Franqueville, en face du lyc\u00e9e Galil\u00e9e.<\/p>\n<p><img loading=\"lazy\" decoding=\"async\" class=\"VisualPreview svelte-1rldrkz\" src=\"data:image\/jpeg;base64,\/9j\/2wBDACgcHiMeGSgjISMtKygwPGRBPDc3PHtYXUlkkYCZlo+AjIqgtObDoKrarYqMyP\/L2u71\/\/\/\/m8H\/\/\/\/6\/+b9\/\/j\/2wBDASstLTw1PHZBQXb4pYyl+Pj4+Pj4+Pj4+Pj4+Pj4+Pj4+Pj4+Pj4+Pj4+Pj4+Pj4+Pj4+Pj4+Pj4+Pj4+Pj4+Pj\/wAARCAAfACoDASIAAhEBAxEB\/8QAFwABAQEBAAAAAAAAAAAAAAAAAgEAA\/\/EABYQAQEBAAAAAAAAAAAAAAAAAAABEf\/EABcBAQEBAQAAAAAAAAAAAAAAAAABAgP\/xAAVEQEBAAAAAAAAAAAAAAAAAAAAEf\/aAAwDAQACEQMRAD8AtClaiRaFg2OmDYkKGJh1CFdNUJSjbnWSqNIUamtRSLX\/2Q==\" alt=\"Le bassin de loisirs de la piscine\" width=\"600\" height=\"450\"\/>  Le bassin de loisirs de la piscine \u00a9 Radio France &#8211; Th\u00e9ophile Pedrola<img loading=\"lazy\" decoding=\"async\" class=\"VisualPreview svelte-1rldrkz\" src=\"data:image\/jpeg;base64,\/9j\/2wBDACgcHiMeGSgjISMtKygwPGRBPDc3PHtYXUlkkYCZlo+AjIqgtObDoKrarYqMyP\/L2u71\/\/\/\/m8H\/\/\/\/6\/+b9\/\/j\/2wBDASstLTw1PHZBQXb4pYyl+Pj4+Pj4+Pj4+Pj4+Pj4+Pj4+Pj4+Pj4+Pj4+Pj4+Pj4+Pj4+Pj4+Pj4+Pj4+Pj4+Pj\/wAARCAAfACoDASIAAhEBAxEB\/8QAFwAAAwEAAAAAAAAAAAAAAAAAAQIDAP\/EABcQAQEBAQAAAAAAAAAAAAAAAAABEQL\/xAAXAQEBAQEAAAAAAAAAAAAAAAABAAMC\/8QAFhEBAQEAAAAAAAAAAAAAAAAAABEB\/9oADAMBAAIRAxEAPwCONh8DFBSsLKKjDFgiGqXkli\/XKfUaM9SoGsKY5rDoBohr\/9k=\" alt=\"Le bassin de 25 m\u00e8tres pour les longueurs\" width=\"600\" height=\"450\"\/>  Le bassin de 25 m\u00e8tres pour les longueurs \u00a9 Radio France &#8211; Th\u00e9ophile Pedrola<img loading=\"lazy\" decoding=\"async\" class=\"VisualPreview svelte-1rldrkz\" src=\"data:image\/jpeg;base64,\/9j\/2wBDACgcHiMeGSgjISMtKygwPGRBPDc3PHtYXUlkkYCZlo+AjIqgtObDoKrarYqMyP\/L2u71\/\/\/\/m8H\/\/\/\/6\/+b9\/\/j\/2wBDASstLTw1PHZBQXb4pYyl+Pj4+Pj4+Pj4+Pj4+Pj4+Pj4+Pj4+Pj4+Pj4+Pj4+Pj4+Pj4+Pj4+Pj4+Pj4+Pj4+Pj\/wAARCAAfACoDASIAAhEBAxEB\/8QAFwABAQEBAAAAAAAAAAAAAAAAAQIABP\/EABcQAQEBAQAAAAAAAAAAAAAAAAABEQL\/xAAVAQEBAAAAAAAAAAAAAAAAAAABAP\/EABURAQEAAAAAAAAAAAAAAAAAAAAR\/9oADAMBAAIRAxEAPwDjkVIZFSCKpkVIqQ4YK0isBRqJycXjYgnGIpDDWCT\/2Q==\" alt=\"Le bassin de nage, les toboggans et derri\u00e8re le bassin loisirs\" width=\"600\" height=\"450\"\/>  Le bassin de nage, les toboggans et derri\u00e8re le bassin loisirs \u00a9 Radio France &#8211; Th\u00e9ophile Pedrola<img loading=\"lazy\" decoding=\"async\" class=\"VisualPreview svelte-1rldrkz\" src=\"data:image\/jpeg;base64,\/9j\/2wBDACgcHiMeGSgjISMtKygwPGRBPDc3PHtYXUlkkYCZlo+AjIqgtObDoKrarYqMyP\/L2u71\/\/\/\/m8H\/\/\/\/6\/+b9\/\/j\/2wBDASstLTw1PHZBQXb4pYyl+Pj4+Pj4+Pj4+Pj4+Pj4+Pj4+Pj4+Pj4+Pj4+Pj4+Pj4+Pj4+Pj4+Pj4+Pj4+Pj4+Pj\/wAARCAAfACoDASIAAhEBAxEB\/8QAFwABAQEBAAAAAAAAAAAAAAAAAQIDAP\/EABcQAQEBAQAAAAAAAAAAAAAAAAABEQL\/xAAVAQEBAAAAAAAAAAAAAAAAAAAAAf\/EABQRAQAAAAAAAAAAAAAAAAAAAAD\/2gAMAwEAAhEDEQA\/ANcGNLE2AhxsAGU6nXaI2FdpFRYmtKjoGdGnpGg\/\/9k=\" alt=\"Les 1.100 casiers pr\u00eats \u00e0 accueillir les affaires\" width=\"600\" height=\"450\"\/>  Les 1.100 casiers pr\u00eats \u00e0 accueillir les affaires \u00a9 Radio France &#8211; Th\u00e9ophile Pedrola<img loading=\"lazy\" decoding=\"async\" class=\"VisualPreview svelte-1rldrkz\" src=\"data:image\/jpeg;base64,\/9j\/2wBDACgcHiMeGSgjISMtKygwPGRBPDc3PHtYXUlkkYCZlo+AjIqgtObDoKrarYqMyP\/L2u71\/\/\/\/m8H\/\/\/\/6\/+b9\/\/j\/2wBDASstLTw1PHZBQXb4pYyl+Pj4+Pj4+Pj4+Pj4+Pj4+Pj4+Pj4+Pj4+Pj4+Pj4+Pj4+Pj4+Pj4+Pj4+Pj4+Pj4+Pj\/wAARCAAfACoDASIAAhEBAxEB\/8QAGAAAAwEBAAAAAAAAAAAAAAAAAAIDAQT\/xAAYEAEBAQEBAAAAAAAAAAAAAAAAEgECEf\/EABUBAQEAAAAAAAAAAAAAAAAAAAAB\/8QAFBEBAAAAAAAAAAAAAAAAAAAAAP\/aAAwDAQACEQMRAD8AjmGzGZp8EZIkwAvjPDAEc6NnSFCwdFi3PYsF7FuexYP\/2Q==\" alt=\"Le bassin de fitness, situ\u00e9 \u00e0 l'\u00e9tage, ouvrira le 13 septembre\" width=\"600\" height=\"450\"\/>  Le bassin de fitness, situ\u00e9 \u00e0 l&rsquo;\u00e9tage, ouvrira le 13 septembre \u00a9 Radio France &#8211; Th\u00e9ophile Pedrola<img loading=\"lazy\" decoding=\"async\" class=\"VisualPreview svelte-1rldrkz\" src=\"data:image\/jpeg;base64,\/9j\/2wBDACgcHiMeGSgjISMtKygwPGRBPDc3PHtYXUlkkYCZlo+AjIqgtObDoKrarYqMyP\/L2u71\/\/\/\/m8H\/\/\/\/6\/+b9\/\/j\/2wBDASstLTw1PHZBQXb4pYyl+Pj4+Pj4+Pj4+Pj4+Pj4+Pj4+Pj4+Pj4+Pj4+Pj4+Pj4+Pj4+Pj4+Pj4+Pj4+Pj4+Pj\/wAARCAAfACoDASIAAhEBAxEB\/8QAGAABAQEBAQAAAAAAAAAAAAAAAgMBAAT\/xAAXEAEBAQEAAAAAAAAAAAAAAAAAAQIR\/8QAFgEBAQEAAAAAAAAAAAAAAAAAAAEC\/8QAFBEBAAAAAAAAAAAAAAAAAAAAAP\/aAAwDAQACEQMRAD8AnRpWiw048hFMqHmHxmYpxUeG1nR62IHFcwMxbEBTEU4OIpxR\/9k=\" alt=\"Le sauna, situ\u00e9 \u00e0 l'\u00e9tage\" width=\"600\" height=\"450\"\/>  Le sauna, situ\u00e9 \u00e0 l&rsquo;\u00e9tage \u00a9 Radio France &#8211; Th\u00e9ophile Pedrola<img loading=\"lazy\" decoding=\"async\" class=\"VisualPreview svelte-1rldrkz\" src=\"data:image\/jpeg;base64,\/9j\/2wBDACgcHiMeGSgjISMtKygwPGRBPDc3PHtYXUlkkYCZlo+AjIqgtObDoKrarYqMyP\/L2u71\/\/\/\/m8H\/\/\/\/6\/+b9\/\/j\/2wBDASstLTw1PHZBQXb4pYyl+Pj4+Pj4+Pj4+Pj4+Pj4+Pj4+Pj4+Pj4+Pj4+Pj4+Pj4+Pj4+Pj4+Pj4+Pj4+Pj4+Pj\/wAARCAAfACoDASIAAhEBAxEB\/8QAGAAAAwEBAAAAAAAAAAAAAAAAAQMEAAL\/xAAYEAEBAQEBAAAAAAAAAAAAAAAAARICEf\/EABUBAQEAAAAAAAAAAAAAAAAAAAAB\/8QAFBEBAAAAAAAAAAAAAAAAAAAAAP\/aAAwDAQACEQMRAD8Aq2GidNoD506nSedOp0gonQ6I22xU1oaGl2qhmhnROhnQHabRco+or\/\/Z\" alt=\"Le jacuzzi, pr\u00eat \u00e0 accueillir les visiteurs\" width=\"600\" height=\"450\"\/>  Le jacuzzi, pr\u00eat \u00e0 accueillir les visiteurs \u00a9 Radio France &#8211; Th\u00e9ophile Pedrola<img loading=\"lazy\" decoding=\"async\" class=\"VisualPreview svelte-1rldrkz\" src=\"data:image\/jpeg;base64,\/9j\/2wBDACgcHiMeGSgjISMtKygwPGRBPDc3PHtYXUlkkYCZlo+AjIqgtObDoKrarYqMyP\/L2u71\/\/\/\/m8H\/\/\/\/6\/+b9\/\/j\/2wBDASstLTw1PHZBQXb4pYyl+Pj4+Pj4+Pj4+Pj4+Pj4+Pj4+Pj4+Pj4+Pj4+Pj4+Pj4+Pj4+Pj4+Pj4+Pj4+Pj4+Pj\/wAARCAAfACoDASIAAhEBAxEB\/8QAGAAAAwEBAAAAAAAAAAAAAAAAAAEDAgT\/xAAYEAEBAQEBAAAAAAAAAAAAAAAAAQIREv\/EABYBAQEBAAAAAAAAAAAAAAAAAAABAv\/EABURAQEAAAAAAAAAAAAAAAAAAAAR\/9oADAMBAAIRAxEAPwDp1Utaa1UdVusw7S6z0QpGgcBSKaS1F7E9ZZVHjUjXkSIoh8OQwf\/Z\" alt=\"L'entr\u00e9e de la piscine\" width=\"600\" height=\"450\"\/>  L&rsquo;entr\u00e9e de la piscine \u00a9 Radio France &#8211; Th\u00e9ophile Pedrola<\/p>\n","protected":false},"excerpt":{"rendered":"La nouvelle piscine du plateau est de Rouen, situ\u00e9e \u00e0 Belbeuf, ouvre ses portes ce lundi 4 ao\u00fbt.&hellip;\n","protected":false},"author":2,"featured_media":287109,"comment_status":"","ping_status":"","sticky":false,"template":"","format":"standard","meta":{"footnotes":""},"categories":[9587],"tags":[1111,11,1777,674,1011,27,12,5161,25,9590],"class_list":{"0":"post-287108","1":"post","2":"type-post","3":"status-publish","4":"format-standard","5":"has-post-thumbnail","7":"category-rouen","8":"tag-actu","9":"tag-actualites","10":"tag-eu","11":"tag-europe","12":"tag-fr","13":"tag-france","14":"tag-news","15":"tag-normandie","16":"tag-republique-francaise","17":"tag-rouen"},"share_on_mastodon":{"url":"https:\/\/pubeurope.com\/@fr\/114948829504649814","error":""},"_links":{"self":[{"href":"https:\/\/www.europesays.com\/fr\/wp-json\/wp\/v2\/posts\/287108","targetHints":{"allow":["GET"]}}],"collection":[{"href":"https:\/\/www.europesays.com\/fr\/wp-json\/wp\/v2\/posts"}],"about":[{"href":"https:\/\/www.europesays.com\/fr\/wp-json\/wp\/v2\/types\/post"}],"author":[{"embeddable":true,"href":"https:\/\/www.europesays.com\/fr\/wp-json\/wp\/v2\/users\/2"}],"replies":[{"embeddable":true,"href":"https:\/\/www.europesays.com\/fr\/wp-json\/wp\/v2\/comments?post=287108"}],"version-history":[{"count":0,"href":"https:\/\/www.europesays.com\/fr\/wp-json\/wp\/v2\/posts\/287108\/revisions"}],"wp:featuredmedia":[{"embeddable":true,"href":"https:\/\/www.europesays.com\/fr\/wp-json\/wp\/v2\/media\/287109"}],"wp:attachment":[{"href":"https:\/\/www.europesays.com\/fr\/wp-json\/wp\/v2\/media?parent=287108"}],"wp:term":[{"taxonomy":"category","embeddable":true,"href":"https:\/\/www.europesays.com\/fr\/wp-json\/wp\/v2\/categories?post=287108"},{"taxonomy":"post_tag","embeddable":true,"href":"https:\/\/www.europesays.com\/fr\/wp-json\/wp\/v2\/tags?post=287108"}],"curies":[{"name":"wp","href":"https:\/\/api.w.org\/{rel}","templated":true}]}}