{"id":28711,"date":"2025-04-16T07:21:09","date_gmt":"2025-04-16T07:21:09","guid":{"rendered":"https:\/\/www.europesays.com\/fr\/28711\/"},"modified":"2025-04-16T07:21:09","modified_gmt":"2025-04-16T07:21:09","slug":"le-groupe-kyo-invite-10-lecteurs-de-la-provence-pour-une-rencontre-le-29-avril-a-marseille","status":"publish","type":"post","link":"https:\/\/www.europesays.com\/fr\/28711\/","title":{"rendered":"Le groupe Kyo invite 10 lecteurs de \u00ab\u00a0La Provence\u00a0\u00bb pour une rencontre le 29 avril \u00e0 Marseille"},"content":{"rendered":"<p>Ph\u00e9nom\u00e8ne des ann\u00e9es\u00a02000 gr\u00e2ce \u00e0 plusieurs tubes comme Le Chemin et Derni\u00e8re Danse, <a href=\"https:\/\/www.laprovence.com\/article\/edition-vaucluse\/5578704\/a-pernes-kyo-sacree-machine-a-tubes.html\" target=\"_blank\" rel=\"nofollow noopener\">Kyo<\/a> renoue avec son public. Revenus sur le devant de la sc\u00e8ne en\u00a02021 <a href=\"https:\/\/www.laprovence.com\/actu\/en-direct\/6226851\/le-groupe-kyo-annonce-son-retour-en-2021-avec-un-nouvel-album.html\" target=\"_blank\" rel=\"nofollow noopener\">avec un nouvel album, La part des lions<\/a>, les musiciens ont encha\u00een\u00e9 avec un succ\u00e8s retrouv\u00e9.<\/p>\n<p>Une tourn\u00e9e qui les a amen\u00e9s dans toute la France, et dont Marseille sera l\u2019une des prochaines \u00e9tapes puisqu\u2019un show est programm\u00e9 le vendredi 30 mai au D\u00f4me, devant des milliers de personnes.<\/p>\n<p>Une heure d&rsquo;\u00e9change avec le groupe Kyo<\/p>\n<p>En studio, le groupe est rest\u00e9 productif en d\u00e9voilant en\u00a02023 une r\u00e9\u00e9dition de l\u2019album Le Chemin pour en c\u00e9l\u00e9brer les vingt ans, puis de 300 l\u00e9sions (2004) et de L\u2019\u00c9quilibre (2014) parues l\u2019an dernier. Trois disques sur lesquels figurent des chansons in\u00e9dites, incarnant le renouveau de Kyo.<\/p>\n<p>Le chanteur et guitariste, Beno\u00eet Poher, accompagn\u00e9 d\u2019un de ses musiciens, recevra dix lecteurs de La Provence pour une heure d\u2019\u00e9change, le 29\u00a0avril.<\/p>\n<p>Pour participer, \u00e9crivez-nous \u00e0 l\u2019adresse <a href=\"https:\/\/www.laprovence.com\/cdn-cgi\/l\/email-protection\" class=\"__cf_email__\" data-cfemail=\"adcbcccec8ccd8d5c1c8ced9c8d8dfdeedc1ccdddfc2dbc8c3cec880dddfc8dedec883cbdf\" rel=\"nofollow noopener\" target=\"_blank\">[email\u00a0protected]<\/a>, en pr\u00e9cisant votre nom, pr\u00e9nom, adresse, num\u00e9ro de t\u00e9l\u00e9phone. Expliquez-nous pourquoi vous voulez les rencontrer et vous ferez peut-\u00eatre partie des 10 chanceux s\u00e9lectionn\u00e9s pour ce rendez-vous.<\/p>\n","protected":false},"excerpt":{"rendered":"Ph\u00e9nom\u00e8ne des ann\u00e9es\u00a02000 gr\u00e2ce \u00e0 plusieurs tubes comme Le Chemin et Derni\u00e8re Danse, Kyo renoue avec son public.&hellip;\n","protected":false},"author":2,"featured_media":28712,"comment_status":"","ping_status":"","sticky":false,"template":"","format":"standard","meta":{"footnotes":""},"categories":[2814],"tags":[17,1111,11,251,1777,674,1011,27,2705,508,10065,4743,10066,884,12,471,1186,882,25],"class_list":{"0":"post-28711","1":"post","2":"type-post","3":"status-publish","4":"format-standard","5":"has-post-thumbnail","7":"category-marseille","8":"tag-17","9":"tag-actu","10":"tag-actualites","11":"tag-culture","12":"tag-eu","13":"tag-europe","14":"tag-fr","15":"tag-france","16":"tag-groupe","17":"tag-invite","18":"tag-kyo","19":"tag-la","20":"tag-lecteurs","21":"tag-marseille","22":"tag-news","23":"tag-pour","24":"tag-provence","25":"tag-provence-alpes-cote-dazur","26":"tag-republique-francaise"},"share_on_mastodon":{"url":"https:\/\/pubeurope.com\/@fr\/114346438509442510","error":""},"_links":{"self":[{"href":"https:\/\/www.europesays.com\/fr\/wp-json\/wp\/v2\/posts\/28711","targetHints":{"allow":["GET"]}}],"collection":[{"href":"https:\/\/www.europesays.com\/fr\/wp-json\/wp\/v2\/posts"}],"about":[{"href":"https:\/\/www.europesays.com\/fr\/wp-json\/wp\/v2\/types\/post"}],"author":[{"embeddable":true,"href":"https:\/\/www.europesays.com\/fr\/wp-json\/wp\/v2\/users\/2"}],"replies":[{"embeddable":true,"href":"https:\/\/www.europesays.com\/fr\/wp-json\/wp\/v2\/comments?post=28711"}],"version-history":[{"count":0,"href":"https:\/\/www.europesays.com\/fr\/wp-json\/wp\/v2\/posts\/28711\/revisions"}],"wp:featuredmedia":[{"embeddable":true,"href":"https:\/\/www.europesays.com\/fr\/wp-json\/wp\/v2\/media\/28712"}],"wp:attachment":[{"href":"https:\/\/www.europesays.com\/fr\/wp-json\/wp\/v2\/media?parent=28711"}],"wp:term":[{"taxonomy":"category","embeddable":true,"href":"https:\/\/www.europesays.com\/fr\/wp-json\/wp\/v2\/categories?post=28711"},{"taxonomy":"post_tag","embeddable":true,"href":"https:\/\/www.europesays.com\/fr\/wp-json\/wp\/v2\/tags?post=28711"}],"curies":[{"name":"wp","href":"https:\/\/api.w.org\/{rel}","templated":true}]}}