{"id":287112,"date":"2025-07-31T16:41:13","date_gmt":"2025-07-31T16:41:13","guid":{"rendered":"https:\/\/www.europesays.com\/fr\/287112\/"},"modified":"2025-07-31T16:41:13","modified_gmt":"2025-07-31T16:41:13","slug":"les-enfants-ont-cree-un-papillon-morpho-menelaus","status":"publish","type":"post","link":"https:\/\/www.europesays.com\/fr\/287112\/","title":{"rendered":"les enfants ont cr\u00e9\u00e9 un papillon Morpho menelaus"},"content":{"rendered":"<p>Ce mercredi 30\u00a0juillet, un atelier kids sur le th\u00e8me \u201cPapillon naturalis\u00e9 bleu\u201d a \u00e9t\u00e9 organis\u00e9 \u00e0 Grand Place. Et ce dernier atelier du mois de juillet a affich\u00e9 complet. Pliage, d\u00e9coupage, design d\u2019objet, les enfants ont utilis\u00e9 leur imagination.<\/p>\n<p>Sur les pas des naturalistes, les enfants ont cr\u00e9\u00e9 un papillon Morpho menelaus en papier cartonn\u00e9. Ils l\u2019ont int\u00e9gr\u00e9 sur une feuille d\u00e9corative et l\u2019ont plac\u00e9 dans un cadre. Ils n\u2019ont d\u00e9sormais plus qu\u2019\u00e0 accrocher leurs chefs-d\u2019\u0153uvre dans leur chambre.<\/p>\n","protected":false},"excerpt":{"rendered":"Ce mercredi 30\u00a0juillet, un atelier kids sur le th\u00e8me \u201cPapillon naturalis\u00e9 bleu\u201d a \u00e9t\u00e9 organis\u00e9 \u00e0 Grand Place.&hellip;\n","protected":false},"author":2,"featured_media":287113,"comment_status":"","ping_status":"","sticky":false,"template":"","format":"standard","meta":{"footnotes":""},"categories":[9566],"tags":[1111,11,2430,1687,112,1777,674,1011,27,2731,2732,12,25],"class_list":{"0":"post-287112","1":"post","2":"type-post","3":"status-publish","4":"format-standard","5":"has-post-thumbnail","7":"category-grenoble","8":"tag-actu","9":"tag-actualites","10":"tag-auvergne-rhone-alpes","11":"tag-culture-loisirs","12":"tag-edition-grenoble-agglomeration","13":"tag-eu","14":"tag-europe","15":"tag-fr","16":"tag-france","17":"tag-grenoble","18":"tag-grenoble-bassin","19":"tag-news","20":"tag-republique-francaise"},"share_on_mastodon":{"url":"https:\/\/pubeurope.com\/@fr\/114948845333018074","error":""},"_links":{"self":[{"href":"https:\/\/www.europesays.com\/fr\/wp-json\/wp\/v2\/posts\/287112","targetHints":{"allow":["GET"]}}],"collection":[{"href":"https:\/\/www.europesays.com\/fr\/wp-json\/wp\/v2\/posts"}],"about":[{"href":"https:\/\/www.europesays.com\/fr\/wp-json\/wp\/v2\/types\/post"}],"author":[{"embeddable":true,"href":"https:\/\/www.europesays.com\/fr\/wp-json\/wp\/v2\/users\/2"}],"replies":[{"embeddable":true,"href":"https:\/\/www.europesays.com\/fr\/wp-json\/wp\/v2\/comments?post=287112"}],"version-history":[{"count":0,"href":"https:\/\/www.europesays.com\/fr\/wp-json\/wp\/v2\/posts\/287112\/revisions"}],"wp:featuredmedia":[{"embeddable":true,"href":"https:\/\/www.europesays.com\/fr\/wp-json\/wp\/v2\/media\/287113"}],"wp:attachment":[{"href":"https:\/\/www.europesays.com\/fr\/wp-json\/wp\/v2\/media?parent=287112"}],"wp:term":[{"taxonomy":"category","embeddable":true,"href":"https:\/\/www.europesays.com\/fr\/wp-json\/wp\/v2\/categories?post=287112"},{"taxonomy":"post_tag","embeddable":true,"href":"https:\/\/www.europesays.com\/fr\/wp-json\/wp\/v2\/tags?post=287112"}],"curies":[{"name":"wp","href":"https:\/\/api.w.org\/{rel}","templated":true}]}}