{"id":287116,"date":"2025-07-31T16:43:13","date_gmt":"2025-07-31T16:43:13","guid":{"rendered":"https:\/\/www.europesays.com\/fr\/287116\/"},"modified":"2025-07-31T16:43:13","modified_gmt":"2025-07-31T16:43:13","slug":"pres-de-rennes-un-camion-senflamme-sur-le-parking-dune-entreprise","status":"publish","type":"post","link":"https:\/\/www.europesays.com\/fr\/287116\/","title":{"rendered":"Pr\u00e8s de Rennes, un camion s\u2019enflamme sur le parking d\u2019une entreprise"},"content":{"rendered":"<p>\u00c0 13 h 02, le centre op\u00e9rationnel d\u00e9partemental d\u2019incendie et de secours (Codis) d\u2019Ille-et-Vilaine a \u00e9t\u00e9 alert\u00e9 d\u2019un feu de poids lourd, transportant des carcasses de viandes, sur le parking de Jean Chapin (une entreprise sp\u00e9cialiste en veau, boeuf, saucisserie et viandes cuites), au 20 rue du lieutenant-Colonel Dubois, \u00e0 Vezin-le-Coquet, pr\u00e8s de <a href=\"https:\/\/www.letelegramme.fr\/ille-et-vilaine\/rennes-35000\/\" target=\"_blank\" rel=\"nofollow noopener\">Rennes<\/a>, ce jeudi 31 juillet 2025. Les soixante-neuf personnes pr\u00e9sentes \u00e0 ce moment-l\u00e0 ont \u00e9t\u00e9 \u00e9vacu\u00e9es du b\u00e2timent.<\/p>\n<p>Le b\u00e2timent peu endommag\u00e9<\/p>\n<p>Vingt-cinq sapeurs pompiers du centre de Rennes Beauregard ont \u00e9t\u00e9 mobilis\u00e9s pour l\u2019intervention. Le b\u00e2timent a \u00e9t\u00e9 tr\u00e8s peu endommag\u00e9, seule la partie arri\u00e8re a \u00e9t\u00e9 touch\u00e9e. L\u2019origine de cet incendie n\u2019est pas encore connue.<\/p>\n","protected":false},"excerpt":{"rendered":"\u00c0 13 h 02, le centre op\u00e9rationnel d\u00e9partemental d\u2019incendie et de secours (Codis) d\u2019Ille-et-Vilaine a \u00e9t\u00e9 alert\u00e9 d\u2019un&hellip;\n","protected":false},"author":2,"featured_media":287117,"comment_status":"","ping_status":"","sticky":false,"template":"","format":"standard","meta":{"footnotes":""},"categories":[2821],"tags":[1111,11,829,765,1777,674,118,3383,1011,27,848,12,584,25],"class_list":{"0":"post-287116","1":"post","2":"type-post","3":"status-publish","4":"format-standard","5":"has-post-thumbnail","7":"category-rennes","8":"tag-actu","9":"tag-actualites","10":"tag-bretagne","11":"tag-en-continu","12":"tag-eu","13":"tag-europe","14":"tag-faits-divers","15":"tag-faits-divers-a-rennes","16":"tag-fr","17":"tag-france","18":"tag-ille-et-vilaine","19":"tag-news","20":"tag-rennes","21":"tag-republique-francaise"},"share_on_mastodon":{"url":"https:\/\/pubeurope.com\/@fr\/114948853178759345","error":""},"_links":{"self":[{"href":"https:\/\/www.europesays.com\/fr\/wp-json\/wp\/v2\/posts\/287116","targetHints":{"allow":["GET"]}}],"collection":[{"href":"https:\/\/www.europesays.com\/fr\/wp-json\/wp\/v2\/posts"}],"about":[{"href":"https:\/\/www.europesays.com\/fr\/wp-json\/wp\/v2\/types\/post"}],"author":[{"embeddable":true,"href":"https:\/\/www.europesays.com\/fr\/wp-json\/wp\/v2\/users\/2"}],"replies":[{"embeddable":true,"href":"https:\/\/www.europesays.com\/fr\/wp-json\/wp\/v2\/comments?post=287116"}],"version-history":[{"count":0,"href":"https:\/\/www.europesays.com\/fr\/wp-json\/wp\/v2\/posts\/287116\/revisions"}],"wp:featuredmedia":[{"embeddable":true,"href":"https:\/\/www.europesays.com\/fr\/wp-json\/wp\/v2\/media\/287117"}],"wp:attachment":[{"href":"https:\/\/www.europesays.com\/fr\/wp-json\/wp\/v2\/media?parent=287116"}],"wp:term":[{"taxonomy":"category","embeddable":true,"href":"https:\/\/www.europesays.com\/fr\/wp-json\/wp\/v2\/categories?post=287116"},{"taxonomy":"post_tag","embeddable":true,"href":"https:\/\/www.europesays.com\/fr\/wp-json\/wp\/v2\/tags?post=287116"}],"curies":[{"name":"wp","href":"https:\/\/api.w.org\/{rel}","templated":true}]}}