{"id":287118,"date":"2025-07-31T16:44:12","date_gmt":"2025-07-31T16:44:12","guid":{"rendered":"https:\/\/www.europesays.com\/fr\/287118\/"},"modified":"2025-07-31T16:44:12","modified_gmt":"2025-07-31T16:44:12","slug":"strasbourg-le-cube-noir-presente-spring-awakening-ou-leveil-de-ladolescence","status":"publish","type":"post","link":"https:\/\/www.europesays.com\/fr\/287118\/","title":{"rendered":"Strasbourg. Le Cube Noir pr\u00e9sente Spring Awakening ou l\u2019\u00c9veil de l\u2019adolescence"},"content":{"rendered":"<p>C\u2019est une premi\u00e8re en France dans son format int\u00e9gral en version originale. Spring Awakening ou l\u2019Eveil du Printemps de Duncan Sheik et Steven Sater investit, sous la houlette de YATS (Young Artists Theatre Strasbourg), la sc\u00e8ne du Cube Noir.<\/p>\n<p>R\u00e9compens\u00e9e par huit Tony Awards et un Grammy Award pour le meilleur album de com\u00e9die musicale en 2007, Spring Awakening est une \u0153uvre qui sonde les tourments de l\u2019adolescence dans l\u2019Allemagne r\u00e9pressive de la fin du XIXe\u00a0 \u00a0si\u00e8cle\u00a0: la jeune Wendla explore les myst\u00e8res de son corps, tandis que le brillant et intr\u00e9pide jeune Melchior interrompt un cours de latin assommant pour d\u00e9fendre son ami Moritz, un gar\u00e7on tellement traumatis\u00e9 par la pubert\u00e9 qu\u2019il ne peut se concentrer sur rien \u00e0 l\u2019\u00e9cole.<\/p>\n<p>La rencontre de Melchior et Wendla dans les bois \u00e9veille un d\u00e9sir qu\u2019ils n\u2019ont jamais ressenti auparavant. \u00c0 travers leur destin, Spring Awakening aborde la question de la sexualit\u00e9 \u00e0 l\u2019adolescence, de l\u2019autorit\u00e9 d\u00e9fi\u00e9e, du silence impos\u00e9 et de la r\u00e9bellion.<\/p>\n<p>Aux manettes de cette production strasbourgeoise qui m\u00eale le conflit dramatique \u00e0 l\u2019\u00e9nergie pop rock, l\u2019\u00e9quipe artistique fid\u00e8le de YATS avec Victor Benedetti (direction), Juliana Rambaldi (chant) et Alicia O\u2019Callahan (chor\u00e9graphie). A leurs c\u00f4t\u00e9s, douze jeunes adultes, anciens \u00e9l\u00e8ves de YATS, incarnent les personnages de cette fresque adolescente \u00e0 d\u00e9couvrir du 1er\u00a0 au 3\u00a0ao\u00fbt.<\/p>\n<p class=\"note\">Spring Awakening le 1er\u00a0 et 2\u00a0ao\u00fbt \u00e0 20h. Le 3\u00a0ao\u00fbt \u00e0 17h. Au Cube Noir. Production en anglais. Tarifs de 6\u20ac \u00e0 15\u20ac. A partir de 16 ans. R\u00e9servations au yatstrasbourg.com\/shop<\/p>\n","protected":false},"excerpt":{"rendered":"C\u2019est une premi\u00e8re en France dans son format int\u00e9gral en version originale. Spring Awakening ou l\u2019Eveil du Printemps&hellip;\n","protected":false},"author":2,"featured_media":287119,"comment_status":"","ping_status":"","sticky":false,"template":"","format":"standard","meta":{"footnotes":""},"categories":[2820],"tags":[1111,11,2389,1687,2880,1777,674,107,1011,27,775,12,25,3140,640,2879],"class_list":{"0":"post-287118","1":"post","2":"type-post","3":"status-publish","4":"format-standard","5":"has-post-thumbnail","7":"category-strasbourg","8":"tag-actu","9":"tag-actualites","10":"tag-alsace","11":"tag-culture-loisirs","12":"tag-edition-strasbourg","13":"tag-eu","14":"tag-europe","15":"tag-fil-info","16":"tag-fr","17":"tag-france","18":"tag-grand-est","19":"tag-news","20":"tag-republique-francaise","21":"tag-spectacle","22":"tag-strasbourg","23":"tag-strasbourg-ville"},"share_on_mastodon":{"url":"https:\/\/pubeurope.com\/@fr\/114948857106081763","error":""},"_links":{"self":[{"href":"https:\/\/www.europesays.com\/fr\/wp-json\/wp\/v2\/posts\/287118","targetHints":{"allow":["GET"]}}],"collection":[{"href":"https:\/\/www.europesays.com\/fr\/wp-json\/wp\/v2\/posts"}],"about":[{"href":"https:\/\/www.europesays.com\/fr\/wp-json\/wp\/v2\/types\/post"}],"author":[{"embeddable":true,"href":"https:\/\/www.europesays.com\/fr\/wp-json\/wp\/v2\/users\/2"}],"replies":[{"embeddable":true,"href":"https:\/\/www.europesays.com\/fr\/wp-json\/wp\/v2\/comments?post=287118"}],"version-history":[{"count":0,"href":"https:\/\/www.europesays.com\/fr\/wp-json\/wp\/v2\/posts\/287118\/revisions"}],"wp:featuredmedia":[{"embeddable":true,"href":"https:\/\/www.europesays.com\/fr\/wp-json\/wp\/v2\/media\/287119"}],"wp:attachment":[{"href":"https:\/\/www.europesays.com\/fr\/wp-json\/wp\/v2\/media?parent=287118"}],"wp:term":[{"taxonomy":"category","embeddable":true,"href":"https:\/\/www.europesays.com\/fr\/wp-json\/wp\/v2\/categories?post=287118"},{"taxonomy":"post_tag","embeddable":true,"href":"https:\/\/www.europesays.com\/fr\/wp-json\/wp\/v2\/tags?post=287118"}],"curies":[{"name":"wp","href":"https:\/\/api.w.org\/{rel}","templated":true}]}}