{"id":287120,"date":"2025-07-31T16:45:20","date_gmt":"2025-07-31T16:45:20","guid":{"rendered":"https:\/\/www.europesays.com\/fr\/287120\/"},"modified":"2025-07-31T16:45:20","modified_gmt":"2025-07-31T16:45:20","slug":"strasbourg-visite-et-lecture-estivale-a-saint-pierre-le-jeune","status":"publish","type":"post","link":"https:\/\/www.europesays.com\/fr\/287120\/","title":{"rendered":"Strasbourg. Visite et lecture estivale \u00e0 Saint-Pierre-le-Jeune"},"content":{"rendered":"<p>Ce dimanche 3\u00a0ao\u00fbt \u00e0 16\u00a0h, le pasteur Philippe Eber proposera une visite guid\u00e9e du clo\u00eetre de l\u2019\u00e9glise Saint-Pierre-le-Jeune protestante.<\/p>\n<p>\u00c0 17\u00a0h, le pasteur \u00c9ric Schiffer lira, \u00e9galement au clo\u00eetre, des extraits du livre de Jean Druel Les M\u00e9tamorphoses du P\u00e9lican\u00a0: tourments spirituels d\u2019adultes.<\/p>\n<p>Le livre en question est con\u00e7u comme un voyage initiatique (et spirituel) qui s\u2019empare de la th\u00e9matique d\u2019amour, con\u00e7ue comme la clef pour vivre en humain.<\/p>\n<p class=\"note\">Entr\u00e9e libre avec plateau pour les deux \u00e9v\u00e9nements.<\/p>\n","protected":false},"excerpt":{"rendered":"Ce dimanche 3\u00a0ao\u00fbt \u00e0 16\u00a0h, le pasteur Philippe Eber proposera une visite guid\u00e9e du clo\u00eetre de l\u2019\u00e9glise Saint-Pierre-le-Jeune&hellip;\n","protected":false},"author":2,"featured_media":287121,"comment_status":"","ping_status":"","sticky":false,"template":"","format":"standard","meta":{"footnotes":""},"categories":[2820],"tags":[1111,11,1687,2880,1777,674,107,1011,27,775,12,2661,25,640,2879],"class_list":{"0":"post-287120","1":"post","2":"type-post","3":"status-publish","4":"format-standard","5":"has-post-thumbnail","7":"category-strasbourg","8":"tag-actu","9":"tag-actualites","10":"tag-culture-loisirs","11":"tag-edition-strasbourg","12":"tag-eu","13":"tag-europe","14":"tag-fil-info","15":"tag-fr","16":"tag-france","17":"tag-grand-est","18":"tag-news","19":"tag-patrimoine-culturel","20":"tag-republique-francaise","21":"tag-strasbourg","22":"tag-strasbourg-ville"},"share_on_mastodon":{"url":"https:\/\/pubeurope.com\/@fr\/114948860996478043","error":""},"_links":{"self":[{"href":"https:\/\/www.europesays.com\/fr\/wp-json\/wp\/v2\/posts\/287120","targetHints":{"allow":["GET"]}}],"collection":[{"href":"https:\/\/www.europesays.com\/fr\/wp-json\/wp\/v2\/posts"}],"about":[{"href":"https:\/\/www.europesays.com\/fr\/wp-json\/wp\/v2\/types\/post"}],"author":[{"embeddable":true,"href":"https:\/\/www.europesays.com\/fr\/wp-json\/wp\/v2\/users\/2"}],"replies":[{"embeddable":true,"href":"https:\/\/www.europesays.com\/fr\/wp-json\/wp\/v2\/comments?post=287120"}],"version-history":[{"count":0,"href":"https:\/\/www.europesays.com\/fr\/wp-json\/wp\/v2\/posts\/287120\/revisions"}],"wp:featuredmedia":[{"embeddable":true,"href":"https:\/\/www.europesays.com\/fr\/wp-json\/wp\/v2\/media\/287121"}],"wp:attachment":[{"href":"https:\/\/www.europesays.com\/fr\/wp-json\/wp\/v2\/media?parent=287120"}],"wp:term":[{"taxonomy":"category","embeddable":true,"href":"https:\/\/www.europesays.com\/fr\/wp-json\/wp\/v2\/categories?post=287120"},{"taxonomy":"post_tag","embeddable":true,"href":"https:\/\/www.europesays.com\/fr\/wp-json\/wp\/v2\/tags?post=287120"}],"curies":[{"name":"wp","href":"https:\/\/api.w.org\/{rel}","templated":true}]}}