{"id":287134,"date":"2025-07-31T16:52:11","date_gmt":"2025-07-31T16:52:11","guid":{"rendered":"https:\/\/www.europesays.com\/fr\/287134\/"},"modified":"2025-07-31T16:52:11","modified_gmt":"2025-07-31T16:52:11","slug":"le-calvaire-diles-enleve-a-la-sortie-du-metro-et-sequestre-durant-3-jours","status":"publish","type":"post","link":"https:\/\/www.europesays.com\/fr\/287134\/","title":{"rendered":"le calvaire d&rsquo;Il\u00e8s, enlev\u00e9 \u00e0 la sortie du m\u00e9tro et s\u00e9questr\u00e9 durant 3 jours"},"content":{"rendered":"<p>            Par<br \/>\n        <strong><br \/>\n            <a href=\"https:\/\/actu.fr\/auteur\/anaelle-montagne\" title=\"Consulter tous les articles de Anaelle Montagne\" target=\"_blank\" rel=\"noopener\">Anaelle Montagne<\/a><br \/>\n        <\/strong><\/p>\n<p>        Publi\u00e9 le<\/p>\n<p>            31 juil. 2025 \u00e0 18h26        <\/p>\n<p>Le vendredi 24 mars 2023, le jeune Il\u00e8s <a href=\"https:\/\/actu.fr\/occitanie\/toulouse_31555\/toulouse-pour-relacher-leur-otage-les-kidnappeurs-reclamaient-une-playstation_58510793.html\" target=\"_blank\" rel=\"noopener\">\u00e9tait enlev\u00e9 \u00e0 la sortie du m\u00e9tro de Toulouse<\/a>, par quatre jeunes \u00e0 bord d\u2019une Clio bleue. <strong>S\u00e9questr\u00e9<\/strong> dans un appartement, <strong>humili\u00e9<\/strong> et rou\u00e9 de coups en \u00e9tant film\u00e9,\u00a0il ne sortira que trois jours plus tard apr\u00e8s le paiement d\u2019une ran\u00e7on d\u00e9risoire : <strong>une playstation et 1 500 euros<\/strong>. Deux ann\u00e9es (incluant des mois de cavale) plus tard, ses agresseurs ont fait face \u00e0 la justice ces mercredi 30 et jeudi 31 juillet 2025. Neuf hommes, une femme. Et une <strong>victime absente<\/strong>, trop terrifi\u00e9e pour leur faire face. R\u00e9cit.<\/p>\n<p class=\" wall-content\">\u00ab\u00a0Il est incapable de revivre ce traumatisme, de r\u00e9entendre ces voix, de revoir ces visages.\u00a0\u00bb Les yeux de Ma\u00eetre Abraham \u2013 qui repr\u00e9sente Il\u00e8s avec Me Jessica Guy \u2013 se posent sur <strong>trois des agresseurs<\/strong>. Ils sont les seuls \u00e0 compara\u00eetre d\u00e9tenus. Ce sont <strong>les commanditaires <\/strong>de l\u2019enl\u00e8vement et de la s\u00e9questration, partis en cavale pendant plusieurs mois apr\u00e8s les faits.<\/p>\n<p class=\" wall-content\">Parmi eux, Oualid, 28 ans, cheveux attach\u00e9s et t-shirt Lacoste sur les \u00e9paules. L\u2019apr\u00e8s-midi de l\u2019enl\u00e8vement, il \u00e9tait \u00e0 l\u2019arri\u00e8re de la Clio bleue.<\/p>\n<p>Une affaire li\u00e9e aux stup\u00e9fiants<\/p>\n<p class=\" wall-content\">Il est 17 heures le vendredi 24 mars 2023 quand Il\u00e8s sort du <a href=\"https:\/\/actu.fr\/tag\/metro-de-toulouse\" target=\"_blank\" rel=\"noopener\">m\u00e9tro<\/a> \u00e0 l\u2019arr\u00eat Facult\u00e9 de pharmacie.<\/p>\n<p>    <a href=\"https:\/\/www.google.com\/maps\/embed?pb=!1m18!1m12!1m3!1d2890.848475509998!2d1.4619575746583444!3d43.56804035793686!2m3!1f0!2f0!3f0!3m2!1i1024!2i768!4f13.1!3m3!1m2!1s0x12aebc3e4d7d4c99%3A0x58fe14ecb07f8f34!2sFacult%C3%A9%20de%20Pharmacie!5e0!3m2!1sen!2sfr!4v1753974729054!5m2!1sen!2sfr\" title=\"Ouvrie le lien\" target=\"_blank\" rel=\"noopener\">Cliquez ici pour visualiser le contenu<\/a><\/p>\n<p class=\" wall-content\">Il ne remarque pas <strong>la voiture qui le suit<\/strong>. \u00c0 bord : Achraf C., Salah N., Abdelilah B. et son grand fr\u00e8re Oualid, tous \u00e2g\u00e9s d\u2019une vingtaine d\u2019ann\u00e9es. Le v\u00e9hicule s\u2019arr\u00eate d\u2019un coup sec, barrant la route \u00e0 Il\u00e8s.<\/p>\n<p class=\" wall-content\">L\u2019adolescent est <strong>forc\u00e9 de monter<\/strong>. Et les kidnappeurs sont d\u00e9cid\u00e9s \u00e0 en d\u00e9coudre. La raison ? La victime expliquera aux enqu\u00eateurs qu\u2019elle avait <strong>une dette envers un r\u00e9seau de stup\u00e9fiants<\/strong> \u2013 auquel appartiennent plusieurs agresseurs.<\/p>\n<p>S\u00e9questr\u00e9 pendant plus de 50 heures<\/p>\n<p class=\" wall-content\">\u00c0 l\u2019int\u00e9rieur du v\u00e9hicule, l\u2019homme le plus \u00e2g\u00e9 de la bande, Oualid, <strong>exerce \u00ab\u00a0de nombreuses violences\u00a0\u00bb<\/strong> sur Il\u00e8s, apprend-on dans le dossier.<\/p>\n<p class=\" wall-content\">Vers 18h30, l\u2019adolescent mineur est ensuite amen\u00e9<strong> \u00ab\u00a0par deux individus cagoul\u00e9s\u00a0\u00bb<\/strong> dans un appartement, situ\u00e9 \u00e0 Montaudran au sud-est de Toulouse. Il est lou\u00e9 par Yanis B., \u00e2g\u00e9 de 21 ans aujourd\u2019hui. L\u2019adolescent y restera s\u00e9questr\u00e9 pendant plus de 50 heures.\u00a0<\/p>\n<p>Ils menacent de tuer Il\u00e8s si sa m\u00e8re pr\u00e9vient la police<\/p>\n<p class=\" wall-content\">Dans l\u2019appartement, Il\u00e8s est humili\u00e9 et pass\u00e9 \u00e0 tabac. Ses kidnappeurs <strong>filment les sc\u00e8nes de violence<\/strong> et les postent sur les r\u00e9seaux sociaux. Peut-\u00eatre pour que la vendetta serve d\u2019exemple.\u00a0<\/p>\n<p class=\" wall-content\">Dans la journ\u00e9e du samedi 25 mars, le lendemain de l\u2019enl\u00e8vement,<strong> la m\u00e8re de l\u2019ado re\u00e7oit des vid\u00e9os \u00ab\u00a0le montrant ligot\u00e9 et tum\u00e9fi\u00e9\u00a0\u00bb<\/strong>, indique le dossier. Les agresseurs r\u00e9clament 1 500 euros et une Playstation 5 en \u00e9change de sa lib\u00e9ration.<\/p>\n<p class=\" wall-content\">\u00ab\u00a0Ils pr\u00e9cisaient que<strong> la victime serait tu\u00e9e<\/strong> si la police \u00e9tait pr\u00e9venue\u00a0\u00bb, d\u00e9couvre Actu Toulouse. \u00c0 22 heures, la m\u00e8re d\u2019Il\u00e8s, paniqu\u00e9e, d\u00e9cide tout de m\u00eame de se rendre \u00e0 la gendarmerie pr\u00e8s de chez elle, \u00e0 Castanet-Tolosan.\u00a0<\/p>\n<p>Le pi\u00e8ge se referme sur les agresseurs<\/p>\n<p class=\" wall-content\">La brigade de recherches de Villefranche-de-Lauragais et la section de recherches de Toulouse r\u00e9agissent imm\u00e9diatement. Ils incitent la m\u00e8re d\u2019Il\u00e8s \u00e0 <strong>jouer le jeu des ravisseurs<\/strong>. Les gendarmes montent alors une sourici\u00e8re, avec l\u2019appui de l\u2019antenne locale du GIGN.<\/p>\n<p class=\" wall-content\">Ils surveillent \u00e0 la fois l\u2019appartement dans lequel est d\u00e9tenu Il\u00e8s \u00e0 Toulouse, et la maison familiale de l\u2019ado o\u00f9 l\u2019\u00e9change de la ran\u00e7on doit se faire. \u00c0 20 heures, bingo : quatre individus se rendent au domicile de la victime, \u00e0 Ramonville. Parmi eux, Samy A., aujourd\u2019hui \u00e2g\u00e9 de 25 ans.\u00a0<\/p>\n<p class=\" wall-content\">Et puis, \u00e0 1h30 du matin dans la nuit du samedi 26 au dimanche 27 mars, Il\u00e8s finit par \u00eatre <strong>raccompagn\u00e9 jusque chez lui<\/strong> en voiture par deux individus, \u00ab\u00a0afin de r\u00e9cup\u00e9rer la ran\u00e7on\u00a0\u00bb, indique le parquet de Toulouse. Mais \u00e0 la vue des forces de l\u2019ordre, les deux malfaiteurs s\u2019enfuient.\u00a0<\/p>\n<p>O\u00f9 sont les commanditaires ?\u00a0<\/p>\n<p class=\" wall-content\">Il faudra 15 minutes aux gendarmes pour<strong> rattraper la Golf en fuite<\/strong>. \u00c0 1h45, ils interpellent ses deux occupants, Kaoutar B. et Achraf C. (qui se trouvait aussi dans la Clio bleue le jour de l\u2019enl\u00e8vement). Et \u00e0 6 heures du matin, Cassidy M. et Bryan P., aujourd\u2019hui \u00e2g\u00e9 de 22 ans, seront arr\u00eat\u00e9s dans l\u2019appartement o\u00f9 l\u2019ado avait \u00e9t\u00e9 s\u00e9questr\u00e9.\u00a0<\/p>\n<p class=\" wall-content\">Lors des auditions des suspects et de la victime, les enqu\u00eateurs d\u00e9couvrent rapidement <strong>qu\u2019il manque encore trois hommes \u00e0 l\u2019appel<\/strong>. Il s\u2019agit des commanditaires, selon les termes du parquet : Oualid B., Heder G. et B\u00e9n\u00e9ly K. Malgr\u00e9 les recherches des enqu\u00eateurs, ils restent introuvables pendant des mois.\u00a0<\/p>\n<p>\u00ab\u00a0D\u00e9connecte moi, c\u2019est fini pour moi\u00a0\u00bb<\/p>\n<p class=\" wall-content\">Les trois hommes ont fui dans le sud-est de Espagne, \u00e0 Murcia, o\u00f9 ils se cachent avec l\u2019aide de la compagne de Oualid B. Jusqu\u2019au vendredi 14 juillet 2023. Plus de trois mois apr\u00e8s l\u2019enl\u00e8vement, <strong>ils se font contr\u00f4ler par la guardia civil <\/strong>alors qu\u2019ils tentent de quitter la zone en d\u00e9m\u00e9nageant d\u2019un Airbnb.\u00a0<\/p>\n<p>    <a href=\"https:\/\/www.google.com\/maps\/embed?pb=!1m18!1m12!1m3!1d1647382.4727989882!2d-3.277610708315638!3d38.419596973843994!2m3!1f0!2f0!3f0!3m2!1i1024!2i768!4f13.1!3m3!1m2!1s0xd6381f8d5928c7f%3A0xd627129b38c4ab9a!2sMurcia%2C%20Spain!5e0!3m2!1sen!2sfr!4v1753969184462!5m2!1sen!2sfr\" title=\"Ouvrie le lien\" target=\"_blank\" rel=\"noopener\">Cliquez ici pour visualiser le contenu<\/a><\/p>\n<p class=\" wall-content\">\u00c9tonnamment, ils d\u00e9clinent leurs v\u00e9ritables identit\u00e9s. La police espagnole d\u00e9couvre qu\u2019un <strong>mandat d\u2019arr\u00eat europ\u00e9en<\/strong> a \u00e9t\u00e9 \u00e9mis pour les retrouver. \u00c9crou\u00e9s, les malfrats sont transf\u00e9r\u00e9s \u00e0 Madrid, puis en France.<\/p>\n<p class=\" wall-content\">Lors d\u2019\u00e9changes t\u00e9l\u00e9phoniques avec sa conjointe (que la police \u00e9coutait en secret), Oualid lui demande d\u2019effacer les preuves de son implication qui se trouveraient sur les r\u00e9seaux : \u00ab\u00a0D\u00e9connecte-moi, c\u2019est fini pour moi.\u00a0\u00bb\u00a0<\/p>\n<p>La maman d\u2019Il\u00e8s menac\u00e9e pour qu\u2019elle retire sa plainte<\/p>\n<p class=\" wall-content\">\u00c9viter la justice \u00e0 tout prix semble d\u00e9cid\u00e9ment \u00eatre le ma\u00eetre mot de l\u2019\u00e9quipe. D\u00e9j\u00e0, apr\u00e8s les faits, les malfrats sont soup\u00e7onn\u00e9s d\u2019avoir tent\u00e9 de pousser la m\u00e8re d\u2019Il\u00e8s \u00e0 retirer sa plainte. \u00ab\u00a0Elle a retrouv\u00e9 <strong>des douilles sur le rebord de sa fen\u00eatre<\/strong>. Une sorte de menace pour la faire taire\u00a0\u00bb, indique le procureur, lors de l\u2019audience.\u00a0<\/p>\n<p class=\" wall-content\">La m\u00e8re de l\u2019adolescent n\u2019est plus l\u00e0 pour raconter son cauchemar : elle est malheureusement d\u00e9c\u00e9d\u00e9e des suites d\u2019une longue maladie.<\/p>\n<p class=\" wall-content\">L\u2019avocate de la victime relate, dans son plaidoyer : \u00ab\u00a0Sa maman, qui a v\u00e9cu l\u2019enfer pendant ces trois jours, qui a re\u00e7u ces vid\u00e9os et ces demandes de ran\u00e7on alors qu\u2019elle \u00e9tait d\u00e9j\u00e0 malade, est tomb\u00e9e dans une <strong>d\u00e9pression<\/strong> telle que la maladie l\u2019a emport\u00e9e.\u00a0\u00bb<\/p>\n<p>Un traumatisme indescriptible<\/p>\n<p class=\" wall-content\">Me Abraham veut \u00e9galement que les pr\u00e9venus r\u00e9alisent le poids qu\u2019ont eu ces trois jours cauchemardesques pour la victime. \u00ab\u00a0Il faut mettre les bons mots sur ce qu\u2019il a v\u00e9cu\u00a0\u00bb, commence-t-elle.\u00a0<\/p>\n<blockquote class=\"ac-article-quote wall-content\">\n<p>Quand on vous demande de vous mettre tout nu et de vous prendre en photo, c&rsquo;est de l&rsquo;humiliation. Quand on vous frappe, qu&rsquo;on vous filme, qu&rsquo;on envoie des vid\u00e9os \u00e0 votre famille, c&rsquo;est de la violence et c&rsquo;est du traumatisme.\u00a0<\/p>\n<p>    <strong>Ma\u00eetre Johana Abraham<\/strong><br \/>\n        Avocate d&rsquo;Il\u00e8s    <\/p><\/blockquote>\n<p class=\" wall-content\">L\u2019avocate rappelle aussi qu\u2019\u00e0 de nombreuses reprises, lors de son expertise psychiatrique, l\u2019adolescent a r\u00e9p\u00e9t\u00e9 : \u00ab\u00a0Je me suis vu mourir.\u00a0\u00bb En atteste <strong>la liste interminable de ses blessures<\/strong>, qui noircissent le recto et le verso du rapport du m\u00e9decin l\u00e9giste.<\/p>\n<p>Les peines sont s\u00e9v\u00e8res pour les trois fuyards<\/p>\n<p class=\" wall-content\">Les pr\u00e9venus \u00e9taient poursuivis pour \u00ab\u00a0arrestation, enl\u00e8vement, s\u00e9questration ou d\u00e9tention arbitraire d\u2019otage pour faciliter un crime ou un d\u00e9lit, suivi de lib\u00e9ration avant 7 jours\u00a0\u00bb (ou complicit\u00e9 de ces faits). Le d\u00e9lib\u00e9r\u00e9 est finalement tomb\u00e9 ce jeudi 31 juillet, en milieu d\u2019apr\u00e8s-midi : ils ont <strong>tous \u00e9t\u00e9 jug\u00e9s coupables<\/strong>.<\/p>\n<p class=\" wall-content\">Les trois commanditaires qui avaient fui en Espagne, Oualid B., B\u00e9n\u00e9ly K. et Heder G., ont respectivement \u00e9t\u00e9 condamn\u00e9s \u00e0 5 ans et demi, 5 ans et 4 ans et demi de prison ferme.\u00a0<\/p>\n<p class=\" wall-content\">Le <strong>petit fr\u00e8re de Oualid<\/strong>, qui \u00e9tait dans la Clio lors de l\u2019enl\u00e8vement et dont le casier judiciaire \u00e9tait totalement vierge, a \u00e9t\u00e9 condamn\u00e9 \u00e0 un an de sursis simple. Achraf C., conducteur de la Clio et de la Golf qui avait d\u00e9pos\u00e9 Il\u00e8s chez lui, \u00e9cope de 18 mois de prison dont un an avec sursis. Salah N., passager de la Clio, est condamn\u00e9 \u00e0 3 ans de prison dont la moiti\u00e9 avec sursis probatoire.\u00a0<\/p>\n<p class=\" wall-content\">Bryan P., retrouv\u00e9 dans l\u2019appartement o\u00f9 la victime \u00e9tait s\u00e9questr\u00e9e, \u00e9cope de deux ans avec sursis. La jeune Cassidy M., interpell\u00e9e \u00e0 ses c\u00f4t\u00e9s, est <strong>mineure<\/strong> : elle sera jug\u00e9e lors d\u2019une audience \u00e0 part. Yanis B., qui avait<strong> lou\u00e9 l\u2019appartement<\/strong>, est condamn\u00e9 \u00e0 18 mois de sursis simple.\u00a0<\/p>\n<p>Il\u00e8s n\u2019aura pas les 20 000 euros qu\u2019il r\u00e9clamait pour son pr\u00e9judice moral<\/p>\n<p class=\" wall-content\">Quid du dernier occupant de la Clio qui a servi au kidnapping, Samy A., et de Kaoutar B., la passag\u00e8re de la Golf qui a d\u00e9pos\u00e9 Il\u00e8s chez lui ? Pour eux, les faits ont \u00e9t\u00e9 <strong>requalifi\u00e9s<\/strong>, respectivement en \u00ab\u00a0non-d\u00e9nonciation de d\u00e9lit de mauvais traitement \u00e0 mineur\u00a0\u00bb, et \u00ab\u00a0complicit\u00e9 par aide \u00e0 la s\u00e9questration\u00a0\u00bb. Ils ont \u00e9cop\u00e9 de six et huit mois de sursis simple.<\/p>\n<p class=\" wall-content\">Me Abraham, avocate des parties civiles, avait demand\u00e9 20 000 euros pour le<strong> pr\u00e9judice moral<\/strong> subi par la victime. Il ne recevra finalement que 8 000 euros. Pour autant, l\u2019avocate retiendra que \u00ab\u00a0tous ces individus ont \u00e9t\u00e9 <strong>d\u00e9clar\u00e9s coupables<\/strong>, rien que \u00e7a, c\u2019est le v\u00e9ritable sentiment de justice\u00a0\u00bb.<\/p>\n<p class=\" wall-content\">Et Me Abraham insiste : \u00ab\u00a0Ce n\u2019est pas parce qu\u2019Il\u00e8s \u00e9tait impliqu\u00e9 dans du trafic que ce n\u2019est pas<strong> une victime \u00e0 part enti\u00e8re<\/strong>. Il a subi des violences inou\u00efes. Aujourd\u2019hui, tout ce qu\u2019il souhaite, c\u2019est que cette affaire s\u2019arr\u00eate \u00e0 cette audience. Et enfin pouvoir tourner la page.\u00a0\u00bb<\/p>\n<p class=\" wall-content\">Suivez toute l\u2019actualit\u00e9 de vos villes et m\u00e9dias favoris en vous inscrivant \u00e0 <a href=\"https:\/\/moncompte.actu.fr\" title=\"D\u00e9couvez Mon Actu\" rel=\"nofollow noopener\" data-trk=\"{&quot;cta&quot;:{&quot;action&quot;:&quot;https:\\\/\\\/moncompte.actu.fr&quot;,&quot;category&quot;:&quot;mon compte&quot;,&quot;from&quot;:&quot;article footer&quot;,&quot;name&quot;:&quot;Mon actu&quot;,&quot;type&quot;:&quot;cta&quot;}}\" target=\"_blank\">Mon Actu<\/a>.<\/p>\n","protected":false},"excerpt":{"rendered":"Par Anaelle Montagne Publi\u00e9 le 31 juil. 2025 \u00e0 18h26 Le vendredi 24 mars 2023, le jeune Il\u00e8s&hellip;\n","protected":false},"author":2,"featured_media":287135,"comment_status":"","ping_status":"","sticky":false,"template":"","format":"standard","meta":{"footnotes":""},"categories":[2816],"tags":[1111,11,11250,1777,674,118,1011,27,303,12,2680,25,2312],"class_list":{"0":"post-287134","1":"post","2":"type-post","3":"status-publish","4":"format-standard","5":"has-post-thumbnail","7":"category-toulouse","8":"tag-actu","9":"tag-actualites","10":"tag-enlevements","11":"tag-eu","12":"tag-europe","13":"tag-faits-divers","14":"tag-fr","15":"tag-france","16":"tag-justice","17":"tag-news","18":"tag-occitanie","19":"tag-republique-francaise","20":"tag-toulouse"},"share_on_mastodon":{"url":"https:\/\/pubeurope.com\/@fr\/114948888616524481","error":""},"_links":{"self":[{"href":"https:\/\/www.europesays.com\/fr\/wp-json\/wp\/v2\/posts\/287134","targetHints":{"allow":["GET"]}}],"collection":[{"href":"https:\/\/www.europesays.com\/fr\/wp-json\/wp\/v2\/posts"}],"about":[{"href":"https:\/\/www.europesays.com\/fr\/wp-json\/wp\/v2\/types\/post"}],"author":[{"embeddable":true,"href":"https:\/\/www.europesays.com\/fr\/wp-json\/wp\/v2\/users\/2"}],"replies":[{"embeddable":true,"href":"https:\/\/www.europesays.com\/fr\/wp-json\/wp\/v2\/comments?post=287134"}],"version-history":[{"count":0,"href":"https:\/\/www.europesays.com\/fr\/wp-json\/wp\/v2\/posts\/287134\/revisions"}],"wp:featuredmedia":[{"embeddable":true,"href":"https:\/\/www.europesays.com\/fr\/wp-json\/wp\/v2\/media\/287135"}],"wp:attachment":[{"href":"https:\/\/www.europesays.com\/fr\/wp-json\/wp\/v2\/media?parent=287134"}],"wp:term":[{"taxonomy":"category","embeddable":true,"href":"https:\/\/www.europesays.com\/fr\/wp-json\/wp\/v2\/categories?post=287134"},{"taxonomy":"post_tag","embeddable":true,"href":"https:\/\/www.europesays.com\/fr\/wp-json\/wp\/v2\/tags?post=287134"}],"curies":[{"name":"wp","href":"https:\/\/api.w.org\/{rel}","templated":true}]}}