{"id":287138,"date":"2025-07-31T16:54:35","date_gmt":"2025-07-31T16:54:35","guid":{"rendered":"https:\/\/www.europesays.com\/fr\/287138\/"},"modified":"2025-07-31T16:54:35","modified_gmt":"2025-07-31T16:54:35","slug":"gare-lille-flandres-ils-ciblent-deux-voyageurs-dans-le-metro-et-leur-arrachent-violemment-leur-chaine","status":"publish","type":"post","link":"https:\/\/www.europesays.com\/fr\/287138\/","title":{"rendered":"Gare Lille-Flandres. Ils ciblent deux voyageurs dans le m\u00e9tro et leur arrachent violemment leur cha\u00eene"},"content":{"rendered":"<p>            Par<br \/>\n        <strong><br \/>\n            <a href=\"https:\/\/actu.fr\/auteur\/margot-nicodeme\" title=\"Consulter tous les articles de Margot Nicod\u00e8me\" target=\"_blank\" rel=\"noopener\">Margot Nicod\u00e8me<\/a><br \/>\n        <\/strong><\/p>\n<p>        Publi\u00e9 le<\/p>\n<p>            31 juil. 2025 \u00e0 12h23        <\/p>\n<p>Les vols aggrav\u00e9s se sont pass\u00e9s sur<b> le r\u00e9seau de transports en commun<\/b> \u00e0 <a href=\"https:\/\/actu.fr\/hauts-de-france\/lille_59350\" target=\"_blank\" rel=\"noopener\">Lille<\/a> (Nord), et gr\u00e2ce \u00e0 la r\u00e9activit\u00e9 de la police nationale, les auteurs ont pu \u00eatre appr\u00e9hend\u00e9s. Ces deux hommes, \u00e2g\u00e9s de 20 et 32 ans, ont cibl\u00e9 une victime dans la rame de m\u00e9tro et une autre dans les couloirs de la station de la <a href=\"https:\/\/actu.fr\/tag\/gare-lille-flandres\" target=\"_blank\" rel=\"noopener\">gare Lille-Flandres<\/a>. Toutes deux se sont fait <b>violemment arracher leur chaine de cou<\/b>.\u00a0<\/p>\n<p>Un des voleurs s\u2019est refugi\u00e9 au deuxi\u00e8me \u00e9tage de Westfield Euralille<\/p>\n<p class=\" wall-content\">Il \u00e9tait 20h45, mercredi 30 juillet 2025, quand les policiers en patrouille captent un message radio au sujet des vols de bijoux. Leurs coll\u00e8gues qui d\u00e9pendent du service interd\u00e9partemental de s\u00e9curisation\u00a0des\u00a0transports en commun sont aux trousses des deux voleurs, qui ont pris la fuite.\u00a0<\/p>\n<p class=\" wall-content\">Le premier individu est rapidement retrouv\u00e9 sur l\u2019avenue Willy-Brandt et est interpell\u00e9 sans mal. Le second s\u2019est<b> r\u00e9fugi\u00e9 au deuxi\u00e8me \u00e9tage du <a href=\"https:\/\/actu.fr\/hauts-de-france\/lille_59350\/lille-culte-aux-etats-unis-ce-geant-du-fast-food-debarque-a-westfield-euralille_62979109.html\" target=\"_blank\" rel=\"noopener\">centre Westfield Euralille<\/a><\/b>, par les escaliers ext\u00e9rieurs. Il est \u00e0 son tour interpell\u00e9. Les deux complices sont partis tout droit en garde \u00e0 vue.<\/p>\n<p class=\" wall-content\">Suivez toute l\u2019actualit\u00e9 de vos villes et m\u00e9dias favoris en vous inscrivant \u00e0 <a href=\"https:\/\/moncompte.actu.fr\" title=\"D\u00e9couvez Mon Actu\" rel=\"nofollow noopener\" data-trk=\"{&quot;cta&quot;:{&quot;action&quot;:&quot;https:\\\/\\\/moncompte.actu.fr&quot;,&quot;category&quot;:&quot;mon compte&quot;,&quot;from&quot;:&quot;article footer&quot;,&quot;name&quot;:&quot;Mon actu&quot;,&quot;type&quot;:&quot;cta&quot;}}\" target=\"_blank\">Mon Actu<\/a>.<\/p>\n","protected":false},"excerpt":{"rendered":"Par Margot Nicod\u00e8me Publi\u00e9 le 31 juil. 2025 \u00e0 12h23 Les vols aggrav\u00e9s se sont pass\u00e9s sur le&hellip;\n","protected":false},"author":2,"featured_media":287139,"comment_status":"","ping_status":"","sticky":false,"template":"","format":"standard","meta":{"footnotes":""},"categories":[2815],"tags":[1111,11,1777,674,118,1011,27,4841,811,1307,4047,12,1072,25],"class_list":{"0":"post-287138","1":"post","2":"type-post","3":"status-publish","4":"format-standard","5":"has-post-thumbnail","7":"category-lille","8":"tag-actu","9":"tag-actualites","10":"tag-eu","11":"tag-europe","12":"tag-faits-divers","13":"tag-fr","14":"tag-france","15":"tag-gare-lille-flandres","16":"tag-hauts-de-france","17":"tag-lille","18":"tag-metro","19":"tag-news","20":"tag-police","21":"tag-republique-francaise"},"share_on_mastodon":{"url":"https:\/\/pubeurope.com\/@fr\/114948896428639256","error":""},"_links":{"self":[{"href":"https:\/\/www.europesays.com\/fr\/wp-json\/wp\/v2\/posts\/287138","targetHints":{"allow":["GET"]}}],"collection":[{"href":"https:\/\/www.europesays.com\/fr\/wp-json\/wp\/v2\/posts"}],"about":[{"href":"https:\/\/www.europesays.com\/fr\/wp-json\/wp\/v2\/types\/post"}],"author":[{"embeddable":true,"href":"https:\/\/www.europesays.com\/fr\/wp-json\/wp\/v2\/users\/2"}],"replies":[{"embeddable":true,"href":"https:\/\/www.europesays.com\/fr\/wp-json\/wp\/v2\/comments?post=287138"}],"version-history":[{"count":0,"href":"https:\/\/www.europesays.com\/fr\/wp-json\/wp\/v2\/posts\/287138\/revisions"}],"wp:featuredmedia":[{"embeddable":true,"href":"https:\/\/www.europesays.com\/fr\/wp-json\/wp\/v2\/media\/287139"}],"wp:attachment":[{"href":"https:\/\/www.europesays.com\/fr\/wp-json\/wp\/v2\/media?parent=287138"}],"wp:term":[{"taxonomy":"category","embeddable":true,"href":"https:\/\/www.europesays.com\/fr\/wp-json\/wp\/v2\/categories?post=287138"},{"taxonomy":"post_tag","embeddable":true,"href":"https:\/\/www.europesays.com\/fr\/wp-json\/wp\/v2\/tags?post=287138"}],"curies":[{"name":"wp","href":"https:\/\/api.w.org\/{rel}","templated":true}]}}