{"id":287144,"date":"2025-07-31T16:57:17","date_gmt":"2025-07-31T16:57:17","guid":{"rendered":"https:\/\/www.europesays.com\/fr\/287144\/"},"modified":"2025-07-31T16:57:17","modified_gmt":"2025-07-31T16:57:17","slug":"des-policiers-encore-blesses-et-pris-a-partie-apres-une-course-poursuite-suivie-dun-accident-a-marseille","status":"publish","type":"post","link":"https:\/\/www.europesays.com\/fr\/287144\/","title":{"rendered":"Des policiers encore bless\u00e9s et pris \u00e0 partie apr\u00e8s une course-poursuite suivie d&rsquo;un accident \u00e0 Marseille"},"content":{"rendered":"<p>La sc\u00e8ne,<a href=\"https:\/\/www.laprovence.com\/article\/faits-divers-justice\/1515420715011114\/marseille-percutee-lors-dune-course-poursuite-une-voiture-de-police-fait-un-tonneau-a-la-busserine\" target=\"_blank\" rel=\"noopener\"> film\u00e9e par un t\u00e9moin, le soir du lundi 28 juillet 2025, rue de la Busserine<\/a>, dans le 14e arrondissement, a fait le tour des r\u00e9seaux sociaux, suscitant les r\u00e9actions outr\u00e9es de plusieurs responsables politiques, de la pr\u00e9sidente du d\u00e9partement <a href=\"https:\/\/www.laprovence.com\/article\/politique\/2868044978699114\/martine-vassal-en-visite-de-courtoisie-chez-les-militants-lr-a-marseille\" target=\"_blank\" rel=\"noopener\">Martine Vassal<\/a>, au maire de Marseille, <a href=\"https:\/\/www.laprovence.com\/article\/region\/1120745840837214\/marseille-sera-toujours-une-ville-de-tolerance-et-de-fraternite-benoit-payan-reagit-a-la-prise-a-partie-de-marie-sinfiltre\" target=\"_blank\" rel=\"noopener\">Beno\u00eet Payan<\/a>.<\/p>\n<p>Car s&rsquo;il s&rsquo;agit d&rsquo;abord d&rsquo;un accident d&rsquo;une voiture de police, percut\u00e9e par un autre automobiliste lors d&rsquo;une course-poursuite avec le pilote d&rsquo;une mini-moto qui circulait sans casque, la suite avait de quoi consterner.<\/p>\n<p>Apr\u00e8s avoir effectu\u00e9 un tonneau, les deux fonctionnaires, sonn\u00e9s par le choc, ont \u00e9t\u00e9 pris \u00e0 partie alors qu&rsquo;ils s&rsquo;extrayaient de l&rsquo;habitacle, aid\u00e9s seulement par l&rsquo;automobiliste impliqu\u00e9 dans l&rsquo;accident. Plut\u00f4t que de leur venir en aide, les t\u00e9moins, rest\u00e9s \u00e0 distance en filmant la sc\u00e8ne, leur ont adress\u00e9 des insultes et des menaces, au point que plusieurs grenades lacrymog\u00e8nes et de d\u00e9sencerclement ont d\u00fb \u00eatre lanc\u00e9es par l&rsquo;\u00e9quipage pour les disperser.\u00a0<\/p>\n","protected":false},"excerpt":{"rendered":"La sc\u00e8ne, film\u00e9e par un t\u00e9moin, le soir du lundi 28 juillet 2025, rue de la Busserine, dans&hellip;\n","protected":false},"author":2,"featured_media":287145,"comment_status":"","ping_status":"","sticky":false,"template":"","format":"standard","meta":{"footnotes":""},"categories":[2814],"tags":[17,1111,11,150,4901,154,1440,1777,674,274,1011,27,884,12,11695,6890,17907,882,25],"class_list":{"0":"post-287144","1":"post","2":"type-post","3":"status-publish","4":"format-standard","5":"has-post-thumbnail","7":"category-marseille","8":"tag-17","9":"tag-actu","10":"tag-actualites","11":"tag-apres","12":"tag-blesses","13":"tag-des","14":"tag-encore","15":"tag-eu","16":"tag-europe","17":"tag-faits-divers-justice","18":"tag-fr","19":"tag-france","20":"tag-marseille","21":"tag-news","22":"tag-partie","23":"tag-policiers","24":"tag-pris","25":"tag-provence-alpes-cote-dazur","26":"tag-republique-francaise"},"share_on_mastodon":{"url":"https:\/\/pubeurope.com\/@fr\/114948908285981338","error":""},"_links":{"self":[{"href":"https:\/\/www.europesays.com\/fr\/wp-json\/wp\/v2\/posts\/287144","targetHints":{"allow":["GET"]}}],"collection":[{"href":"https:\/\/www.europesays.com\/fr\/wp-json\/wp\/v2\/posts"}],"about":[{"href":"https:\/\/www.europesays.com\/fr\/wp-json\/wp\/v2\/types\/post"}],"author":[{"embeddable":true,"href":"https:\/\/www.europesays.com\/fr\/wp-json\/wp\/v2\/users\/2"}],"replies":[{"embeddable":true,"href":"https:\/\/www.europesays.com\/fr\/wp-json\/wp\/v2\/comments?post=287144"}],"version-history":[{"count":0,"href":"https:\/\/www.europesays.com\/fr\/wp-json\/wp\/v2\/posts\/287144\/revisions"}],"wp:featuredmedia":[{"embeddable":true,"href":"https:\/\/www.europesays.com\/fr\/wp-json\/wp\/v2\/media\/287145"}],"wp:attachment":[{"href":"https:\/\/www.europesays.com\/fr\/wp-json\/wp\/v2\/media?parent=287144"}],"wp:term":[{"taxonomy":"category","embeddable":true,"href":"https:\/\/www.europesays.com\/fr\/wp-json\/wp\/v2\/categories?post=287144"},{"taxonomy":"post_tag","embeddable":true,"href":"https:\/\/www.europesays.com\/fr\/wp-json\/wp\/v2\/tags?post=287144"}],"curies":[{"name":"wp","href":"https:\/\/api.w.org\/{rel}","templated":true}]}}