{"id":287146,"date":"2025-07-31T16:58:10","date_gmt":"2025-07-31T16:58:10","guid":{"rendered":"https:\/\/www.europesays.com\/fr\/287146\/"},"modified":"2025-07-31T16:58:10","modified_gmt":"2025-07-31T16:58:10","slug":"lyon-une-femme-meurt-apres-une-chute-de-six-etages-les-pompiers-sur-place","status":"publish","type":"post","link":"https:\/\/www.europesays.com\/fr\/287146\/","title":{"rendered":"Lyon. Une femme meurt apr\u00e8s une chute de six \u00e9tages, les pompiers sur place"},"content":{"rendered":"<p>            Par<br \/>\n        <strong><br \/>\n            <a href=\"https:\/\/actu.fr\/auteur\/theo-zuili\" title=\"Consulter tous les articles de Th\u00e9o Zuili\" rel=\"nofollow noopener\" target=\"_blank\">Th\u00e9o Zuili<\/a><br \/>\n        <\/strong><\/p>\n<p>        Publi\u00e9 le<\/p>\n<p>            31 juil. 2025 \u00e0 17h59        <\/p>\n<p><strong>INFO ACTU LYON.<\/strong> Une intervention mobilise les pompiers dans le 2\u1d49 arrondissement de <a href=\"https:\/\/actu.fr\/auvergne-rhone-alpes\/lyon_69123\" rel=\"nofollow noopener\" target=\"_blank\">Lyon<\/a> ce jeudi 31 juillet 2025. Les soldats du feu ont \u00e9t\u00e9 alert\u00e9s \u00e0 16h50 d\u2019une tentative de d\u00e9fenestration rue Quivogne.<\/p>\n<p class=\" wall-content\">La victime, une femme \u00e2g\u00e9e d\u2019une quarantaine d\u2019ann\u00e9es, a \u00e9t\u00e9 d\u00e9clar\u00e9e <strong>d\u00e9c\u00e9d\u00e9e sur place<\/strong> apr\u00e8s 17h en raison d\u2019une chute de plusieurs m\u00e8tres, selon nos informations confirm\u00e9es par les sapeurs-pompiers du Rh\u00f4ne.<\/p>\n<p>    <a href=\"https:\/\/www.google.com\/maps\/embed?pb=!1m18!1m12!1m3!1d3708.7168608627635!2d4.823705163708696!3d45.743560577848726!2m3!1f0!2f0!3f0!3m2!1i1024!2i768!4f13.1!3m3!1m2!1s0x47f4ebcaed8a7f61%3A0x71457c6cfc5e306e!2sRue%20Quivogne%2C%2069002%20Lyon!5e1!3m2!1sfr!2sfr!4v1753975945148!5m2!1sfr!2sfr\" title=\"Ouvrie le lien\" rel=\"nofollow noopener\" target=\"_blank\">Cliquez ici pour visualiser le contenu<\/a><\/p>\n<p>Une chute de plusieurs m\u00e8tres<\/p>\n<p class=\" wall-content\">Arriv\u00e9s sur place \u00e0 17h, les sapeurs-pompiers du Rh\u00f4ne n\u2019ont pas pu r\u00e9animer la victime, qui aurait chut\u00e9 depuis le 6\u1d49 \u00e9tage d\u2019un immeuble. Une enqu\u00eate devra d\u00e9terminer les circonstances pr\u00e9cises du drame.<\/p>\n<p class=\" wall-content\">Une partie de la rue a \u00e9t\u00e9 <strong>coup\u00e9e<\/strong> le temps de l\u2019intervention des secours et la ligne de bus S1 des TCL a vu son parcours d\u00e9vi\u00e9.<\/p>\n<p class=\" wall-content\">Suivez toute l\u2019actualit\u00e9 de vos villes et m\u00e9dias favoris en vous inscrivant \u00e0 <a href=\"https:\/\/moncompte.actu.fr\" title=\"D\u00e9couvez Mon Actu\" rel=\"nofollow noopener\" data-trk=\"{&quot;cta&quot;:{&quot;action&quot;:&quot;https:\\\/\\\/moncompte.actu.fr&quot;,&quot;category&quot;:&quot;mon compte&quot;,&quot;from&quot;:&quot;article footer&quot;,&quot;name&quot;:&quot;Mon actu&quot;,&quot;type&quot;:&quot;cta&quot;}}\" target=\"_blank\">Mon Actu<\/a>.<\/p>\n","protected":false},"excerpt":{"rendered":"Par Th\u00e9o Zuili Publi\u00e9 le 31 juil. 2025 \u00e0 17h59 INFO ACTU LYON. Une intervention mobilise les pompiers&hellip;\n","protected":false},"author":2,"featured_media":287147,"comment_status":"","ping_status":"","sticky":false,"template":"","format":"standard","meta":{"footnotes":""},"categories":[1889],"tags":[1111,11,2430,1777,674,118,1011,27,2428,12,1311,25],"class_list":{"0":"post-287146","1":"post","2":"type-post","3":"status-publish","4":"format-standard","5":"has-post-thumbnail","7":"category-lyon","8":"tag-actu","9":"tag-actualites","10":"tag-auvergne-rhone-alpes","11":"tag-eu","12":"tag-europe","13":"tag-faits-divers","14":"tag-fr","15":"tag-france","16":"tag-lyon","17":"tag-news","18":"tag-pompiers","19":"tag-republique-francaise"},"share_on_mastodon":{"url":"https:\/\/pubeurope.com\/@fr\/114948912142590811","error":""},"_links":{"self":[{"href":"https:\/\/www.europesays.com\/fr\/wp-json\/wp\/v2\/posts\/287146","targetHints":{"allow":["GET"]}}],"collection":[{"href":"https:\/\/www.europesays.com\/fr\/wp-json\/wp\/v2\/posts"}],"about":[{"href":"https:\/\/www.europesays.com\/fr\/wp-json\/wp\/v2\/types\/post"}],"author":[{"embeddable":true,"href":"https:\/\/www.europesays.com\/fr\/wp-json\/wp\/v2\/users\/2"}],"replies":[{"embeddable":true,"href":"https:\/\/www.europesays.com\/fr\/wp-json\/wp\/v2\/comments?post=287146"}],"version-history":[{"count":0,"href":"https:\/\/www.europesays.com\/fr\/wp-json\/wp\/v2\/posts\/287146\/revisions"}],"wp:featuredmedia":[{"embeddable":true,"href":"https:\/\/www.europesays.com\/fr\/wp-json\/wp\/v2\/media\/287147"}],"wp:attachment":[{"href":"https:\/\/www.europesays.com\/fr\/wp-json\/wp\/v2\/media?parent=287146"}],"wp:term":[{"taxonomy":"category","embeddable":true,"href":"https:\/\/www.europesays.com\/fr\/wp-json\/wp\/v2\/categories?post=287146"},{"taxonomy":"post_tag","embeddable":true,"href":"https:\/\/www.europesays.com\/fr\/wp-json\/wp\/v2\/tags?post=287146"}],"curies":[{"name":"wp","href":"https:\/\/api.w.org\/{rel}","templated":true}]}}