{"id":287148,"date":"2025-07-31T16:59:14","date_gmt":"2025-07-31T16:59:14","guid":{"rendered":"https:\/\/www.europesays.com\/fr\/287148\/"},"modified":"2025-07-31T16:59:14","modified_gmt":"2025-07-31T16:59:14","slug":"lyon-une-femme-decede-apres-une-chute-du-6%e1%b5%89-etage-un-pompier-blesse-dans-loperation-de-secours","status":"publish","type":"post","link":"https:\/\/www.europesays.com\/fr\/287148\/","title":{"rendered":"Lyon. Une femme d\u00e9c\u00e8de apr\u00e8s une chute du 6\u1d49 \u00e9tage, un pompier bless\u00e9 dans l\u2019op\u00e9ration de secours"},"content":{"rendered":"<p>Ce jeudi 31\u00a0juillet, aux alentours de 16\u00a0h\u00a040, 23 sapeurs-pompiers, \u00e0 bord de 11 v\u00e9hicules, ont \u00e9t\u00e9 mobilis\u00e9s pour une tentative de d\u00e9fenestration au 2 rue Quivogne, \u00e0 Lyon, dans le quartier de Perrache. \u00c0 leur arriv\u00e9e, les secours ont d\u00e9ploy\u00e9 un coussin gonflable de sauvetage, mais leurs efforts n\u2019ont pas suffi \u00e0 emp\u00eacher la chute d\u2019une femme depuis le 6\u1d49 \u00e9tage de l\u2019immeuble.<\/p>\n<p>  Un pompier touch\u00e9 \u00e0 l\u2019\u00e9paule<\/p>\n<p>En arr\u00eat cardio-respiratoire, la victime n\u2019a pas pu \u00eatre r\u00e9anim\u00e9e malgr\u00e9 les tentatives des pompiers et du Samu. La police \u00e9tait \u00e9galement sur place. Un pompier a \u00e9t\u00e9 bless\u00e9 au cours des faits, touch\u00e9 \u00e0 l\u2019\u00e9paule et \u00e0 la hanche.<\/p>\n","protected":false},"excerpt":{"rendered":"Ce jeudi 31\u00a0juillet, aux alentours de 16\u00a0h\u00a040, 23 sapeurs-pompiers, \u00e0 bord de 11 v\u00e9hicules, ont \u00e9t\u00e9 mobilis\u00e9s pour&hellip;\n","protected":false},"author":2,"featured_media":287149,"comment_status":"","ping_status":"","sticky":false,"template":"","format":"standard","meta":{"footnotes":""},"categories":[1889],"tags":[1111,11,2430,271,272,2757,1777,674,274,107,1011,27,2428,2756,12,25,2429],"class_list":{"0":"post-287148","1":"post","2":"type-post","3":"status-publish","4":"format-standard","5":"has-post-thumbnail","7":"category-lyon","8":"tag-actu","9":"tag-actualites","10":"tag-auvergne-rhone-alpes","11":"tag-crime","12":"tag-delit-et-contravention","13":"tag-edition-lyon-villeurbanne","14":"tag-eu","15":"tag-europe","16":"tag-faits-divers-justice","17":"tag-fil-info","18":"tag-fr","19":"tag-france","20":"tag-lyon","21":"tag-lyon-bassin","22":"tag-news","23":"tag-republique-francaise","24":"tag-rhone"},"share_on_mastodon":{"url":"https:\/\/pubeurope.com\/@fr\/114948916152835779","error":""},"_links":{"self":[{"href":"https:\/\/www.europesays.com\/fr\/wp-json\/wp\/v2\/posts\/287148","targetHints":{"allow":["GET"]}}],"collection":[{"href":"https:\/\/www.europesays.com\/fr\/wp-json\/wp\/v2\/posts"}],"about":[{"href":"https:\/\/www.europesays.com\/fr\/wp-json\/wp\/v2\/types\/post"}],"author":[{"embeddable":true,"href":"https:\/\/www.europesays.com\/fr\/wp-json\/wp\/v2\/users\/2"}],"replies":[{"embeddable":true,"href":"https:\/\/www.europesays.com\/fr\/wp-json\/wp\/v2\/comments?post=287148"}],"version-history":[{"count":0,"href":"https:\/\/www.europesays.com\/fr\/wp-json\/wp\/v2\/posts\/287148\/revisions"}],"wp:featuredmedia":[{"embeddable":true,"href":"https:\/\/www.europesays.com\/fr\/wp-json\/wp\/v2\/media\/287149"}],"wp:attachment":[{"href":"https:\/\/www.europesays.com\/fr\/wp-json\/wp\/v2\/media?parent=287148"}],"wp:term":[{"taxonomy":"category","embeddable":true,"href":"https:\/\/www.europesays.com\/fr\/wp-json\/wp\/v2\/categories?post=287148"},{"taxonomy":"post_tag","embeddable":true,"href":"https:\/\/www.europesays.com\/fr\/wp-json\/wp\/v2\/tags?post=287148"}],"curies":[{"name":"wp","href":"https:\/\/api.w.org\/{rel}","templated":true}]}}