{"id":287156,"date":"2025-07-31T17:04:14","date_gmt":"2025-07-31T17:04:14","guid":{"rendered":"https:\/\/www.europesays.com\/fr\/287156\/"},"modified":"2025-07-31T17:04:14","modified_gmt":"2025-07-31T17:04:14","slug":"paris-fait-la-grimace-sous-une-avalanche-de-trimestriels-31-07-2025-a-1800","status":"publish","type":"post","link":"https:\/\/www.europesays.com\/fr\/287156\/","title":{"rendered":"Paris: fait la grimace sous une avalanche de trimestriels &#8211; 31\/07\/2025 \u00e0 18:00"},"content":{"rendered":"<p>                                                                (Zonebourse.com) &#8211; La Bourse de Paris c\u00e8de 1,14 % ce soir, \u00e0 7 771 points, plomb\u00e9e par Accor (-9,6 %), Sanofi (-7,8 %) ou encore Bouygues (-7,3 %), \u00e9clipsant les performances de Soci\u00e9t\u00e9 G\u00e9n\u00e9rale (+6,9 %), Safran (+3,1 %) ou encore Eurofins Scientific (+1,9 %).<br \/>\n<br \/>Outre-Atlantique, le Nasdaq vient d&rsquo;inscrire un nouveau z\u00e9nith historique \u00e0 23 590 pts, dans le sillage de Microsoft (+4,5 %) qui devient la seconde entreprise cot\u00e9e \u00e0 d\u00e9passer la barre des 4 000 Mds $.<\/p>\n<p>Meta s&rsquo;envole de +12 % apr\u00e8s avoir convaincu que son avenir \u00e9tait dans l&rsquo;I.A. et la fourniture au grand public d&rsquo;une &lsquo;super-intelligence&rsquo; : Meta et Microsoft rajoutent 550 Mds $ de capitalisation boursi\u00e8re au S&amp;P 500 et au Nasdaq d\u00e8s l&rsquo;ouverture.\n<\/p>\n<p>Ce soir, ce sera au tour d&rsquo;Apple et d&rsquo;Amazon de rassurer les investisseurs (apr\u00e8s la cl\u00f4ture de New York) sur la sant\u00e9 du secteur technologique am\u00e9ricain.<br \/>\n<br \/>Hier soir, les tr\u00e8s attendues annonces de la Fed se sont d\u00e9roul\u00e9es sans surprise : l&rsquo;institution n&rsquo;a pas modifi\u00e9 ses taux directeurs, m\u00eame si deux gouverneurs &#8211; Michelle Bowman et Christopher Waller &#8211; ont fait entendre des voix discordantes en plaidant en faveur d&rsquo;une baisse imm\u00e9diate du loyer de l&rsquo;argent.\n<\/p>\n<p>Lors de sa conf\u00e9rence de presse, Jerome Powell, le pr\u00e9sident de l&rsquo;institution, n&rsquo;a fourni aucune indication claire en vue d&rsquo;un assouplissement mon\u00e9taire lors de la prochaine r\u00e9union de septembre.\n<\/p>\n<p>Certains analystes soulignent n\u00e9anmoins qu&rsquo;\u00e0 bien lire entre les lignes, le sous-texte utilis\u00e9 par le patron de la R\u00e9serve f\u00e9d\u00e9rale a mis en lumi\u00e8re un ton un peu plus accommodant, ou en tout cas moins restrictif, ce qui semble ouvrir la voie \u00e0 une baisse des taux \u00e0 la rentr\u00e9e.\n<\/p>\n<p>Des analystes estiment que les march\u00e9s d&rsquo;actions pourraient \u00eatre encourag\u00e9s par de nouveaux signes de progr\u00e8s dans les n\u00e9gociations commerciales, alors que Donald Trump a annonc\u00e9 hier soir une salve de tarifs douaniers punitifs, avec notamment 50 % sur le Br\u00e9sil et 25 % pour l&rsquo;Inde.\n<\/p>\n<p>Le pr\u00e9sident am\u00e9ricain a indiqu\u00e9 que les \u00c9tats-Unis appliqueraient un droit de 15 % sur les importations en provenance de Cor\u00e9e du Sud, dans le cadre d&rsquo;un accord qui &lsquo;apaise&rsquo; pour l&rsquo;instant les tensions avec ce partenaire commercial majeur et alli\u00e9 cl\u00e9 en Asie.\n<\/p>\n<p>C\u00f4t\u00e9 chiffres, les d\u00e9penses de consommation des m\u00e9nages am\u00e9ricains ont augment\u00e9 de 0,3 % en juin en rythme s\u00e9quentiel, apr\u00e8s une stabilit\u00e9 le mois pr\u00e9c\u00e9dent, leurs revenus s&rsquo;\u00e9tant aussi accrus de 0,3 %, apr\u00e8s un repli de 0,4 % en mai, selon le D\u00e9partement du Commerce.\n<\/p>\n<p>Le chiffre le plus attendu \u00e9tait celui de l&rsquo;indice des prix \u00e0 la consommation dit &lsquo;PCE&rsquo; &#8211; tr\u00e8s surveill\u00e9 par la Fed &#8211; : il est ressorti \u00e0 +2,6 % en juin en rythme annuel (apr\u00e8s +2,4 % en mai). En donn\u00e9es &lsquo;core&rsquo; (hors \u00e9nergie et alimentation), il est rest\u00e9 constant \u00e0 +2,8 %&#8230; mais il \u00e9tait anticip\u00e9 en repli de -0,1 % \u00e0 2,7 %.\n<\/p>\n<p>Le D\u00e9partement du Travail annonce avoir enregistr\u00e9 218 000 nouvelles inscriptions aux allocations ch\u00f4mage aux \u00c9tats-Unis la semaine du 21 juillet : une diff\u00e9rence de 1 000 par rapport \u00e0 la semaine pr\u00e9c\u00e9dente, totalement insignifiante.<br \/>\n<br \/>Ce jeudi \u00e9tait \u00e9galement marqu\u00e9 par la publication du taux d&rsquo;inflation annuel en Allemagne au mois de juillet (en donn\u00e9es pr\u00e9liminaires).\n<\/p>\n<p>Destatis publie un indice des prix \u00e0 la consommation (IPC) de 2 % sur le mois qui s&rsquo;ach\u00e8ve, inchang\u00e9 par rapport \u00e0 juin, explique l&rsquo;institut f\u00e9d\u00e9ral de la statistique, l&rsquo;acc\u00e9l\u00e9ration de la hausse des prix de l&rsquo;alimentation ayant \u00e9t\u00e9 compens\u00e9e par le ralentissement de celle des tarifs des services.<br \/>\n<br \/>Les analystes s&rsquo;attendaient n\u00e9anmoins \u00e0 un repli de l&rsquo;inflation annuelle \u00e0 1,9 %, selon le consensus.<br \/>\n<br \/>En s\u00e9quentiel, les prix de d\u00e9tail ont augment\u00e9 de 0,3 %, selon les donn\u00e9es provisoires de Destatis, un chiffre l\u00e0 aussi sup\u00e9rieur au consensus de 0,2 %.<br \/>\n<br \/>L&rsquo;inflation harmonis\u00e9e aux normes europ\u00e9ennes (IPCH) ressort, elle, en hausse de 0,4 % d&rsquo;une ann\u00e9e sur l&rsquo;autre et augmente de 1,8 % d&rsquo;une ann\u00e9e sur l&rsquo;autre.\n<\/p>\n<p>Sur le compartiment obligataire, le rendement des Treasuries \u00e0 10 ans \u00e9volue autour des 4,327 % (-5 pts), le &rsquo;30 ans&rsquo; efface -5,3 pts vers 4,86 %.Le Bund 2035 se d\u00e9tend de -2 pts \u00e0 2,687 %, l&rsquo;OAT d\u00e9cale de -2,8 pts \u00e0 3,334 %.\n<\/p>\n<p>Sur le march\u00e9 des changes, le dollar conserve ses gains des trois pr\u00e9c\u00e9dentes s\u00e9ances suite au discours toujours frileux de la Fed, l&rsquo;euro grappille +0,3 % vers 1,1435 $.<br \/>\n<br \/>\u00c0 Londres, le Brent recule de 1,3 %, autour des 72,5 $ le baril.<br \/>\n<br \/>\u00c0 noter un plongeon de -22 % du cours du cuivre apr\u00e8s l&rsquo;annonce par Trump d&rsquo;une taxation de 50 % du cuivre import\u00e9 (et non recycl\u00e9). L&rsquo;or c\u00e8de pr\u00e8s de 1 %, vers 3 300 $ l&rsquo;once.\n<\/p>\n<p>Dans l&rsquo;actualit\u00e9 des soci\u00e9t\u00e9s tricolores, Soci\u00e9t\u00e9 G\u00e9n\u00e9rale d\u00e9voile pour le deuxi\u00e8me trimestre 2025 un r\u00e9sultat net part du groupe en hausse de 39,6 % (en organique) \u00e0 1,45 milliard d&rsquo;euros, soit une rentabilit\u00e9 sur actifs nets tangibles (ROTE) de 9,7 %, contre 7,4 % un an auparavant.\n<\/p>\n<p>\u00c0 l&rsquo;occasion de sa publication semestrielle, Safran indique relever ses perspectives pour 2025, \u00e0 p\u00e9rim\u00e8tre constant, visant d\u00e9sormais un r\u00e9sultat op\u00e9rationnel courant de 5 \u00e0 5,1 milliards d&rsquo;euros et une croissance du chiffre d&rsquo;affaires en augmentation de 10 \u00e0 12 %. L&rsquo;\u00e9quipementier a\u00e9ronautique a engrang\u00e9 au premier semestre un BPA (b\u00e9n\u00e9fice par action) de 12,07 euros, contre 0,13 euro un an auparavant.\n<\/p>\n<p>Cr\u00e9dit Agricole SA publie un r\u00e9sultat net part du groupe (RNPG) en hausse de 30,7 % \u00e0 2,39 milliards d&rsquo;euros pour le deuxi\u00e8me trimestre 2025, b\u00e9n\u00e9ficiant notamment de la plus-value li\u00e9e \u00e0 la d\u00e9consolidation d&rsquo;Amundi US.\n<\/p>\n<p>Renault Group publie un r\u00e9sultat net de 0,5 milliard d&rsquo;euros hors impacts Nissan (estim\u00e9s \u00e0 -11,6 milliards) pour les six premiers mois de 2025. Son chiffre d&rsquo;affaires a augment\u00e9 de 2,5 % \u00e0 plus de 27,6 milliards d&rsquo;euros (+3,6 % \u00e0 taux de change constants).<br \/>\n<br \/>Enfin, Oddo BHF confirme son conseil &lsquo;neutre&rsquo; sur Herm\u00e8s, assorti d&rsquo;un objectif de cours abaiss\u00e9 de 2 405 \u00e0 2 323 euros. Le broker estime que la valorisation reste &lsquo;tr\u00e8s exigeante&rsquo;, avec des multiples environ 2,5 fois ceux de LVMH, ce qui limite les marges d&rsquo;ajustement \u00e0 la hausse.<\/p>\n","protected":false},"excerpt":{"rendered":"(Zonebourse.com) &#8211; La Bourse de Paris c\u00e8de 1,14 % ce soir, \u00e0 7 771 points, plomb\u00e9e par Accor&hellip;\n","protected":false},"author":2,"featured_media":9135,"comment_status":"","ping_status":"","sticky":false,"template":"","format":"standard","meta":{"footnotes":""},"categories":[1888],"tags":[400,1111,1928,11,1927,398,408,405,1777,674,1011,27,403,402,399,404,12,1926,626,1925,25,401,406,407],"class_list":{"0":"post-287156","1":"post","2":"type-post","3":"status-publish","4":"format-standard","5":"has-post-thumbnail","7":"category-paris","8":"tag-action-cac-40","9":"tag-actu","10":"tag-actu-paris","11":"tag-actualites","12":"tag-actualites-paris","13":"tag-bourse-de-paris","14":"tag-boursorama","15":"tag-cotations","16":"tag-eu","17":"tag-europe","18":"tag-fr","19":"tag-france","20":"tag-indices-devises","21":"tag-investir","22":"tag-investissement","23":"tag-marche-boursier","24":"tag-news","25":"tag-news-paris","26":"tag-paris","27":"tag-paris-news","28":"tag-republique-francaise","29":"tag-sicav","30":"tag-trackers","31":"tag-warrants"},"share_on_mastodon":{"url":"https:\/\/pubeurope.com\/@fr\/114948935759836511","error":""},"_links":{"self":[{"href":"https:\/\/www.europesays.com\/fr\/wp-json\/wp\/v2\/posts\/287156","targetHints":{"allow":["GET"]}}],"collection":[{"href":"https:\/\/www.europesays.com\/fr\/wp-json\/wp\/v2\/posts"}],"about":[{"href":"https:\/\/www.europesays.com\/fr\/wp-json\/wp\/v2\/types\/post"}],"author":[{"embeddable":true,"href":"https:\/\/www.europesays.com\/fr\/wp-json\/wp\/v2\/users\/2"}],"replies":[{"embeddable":true,"href":"https:\/\/www.europesays.com\/fr\/wp-json\/wp\/v2\/comments?post=287156"}],"version-history":[{"count":0,"href":"https:\/\/www.europesays.com\/fr\/wp-json\/wp\/v2\/posts\/287156\/revisions"}],"wp:featuredmedia":[{"embeddable":true,"href":"https:\/\/www.europesays.com\/fr\/wp-json\/wp\/v2\/media\/9135"}],"wp:attachment":[{"href":"https:\/\/www.europesays.com\/fr\/wp-json\/wp\/v2\/media?parent=287156"}],"wp:term":[{"taxonomy":"category","embeddable":true,"href":"https:\/\/www.europesays.com\/fr\/wp-json\/wp\/v2\/categories?post=287156"},{"taxonomy":"post_tag","embeddable":true,"href":"https:\/\/www.europesays.com\/fr\/wp-json\/wp\/v2\/tags?post=287156"}],"curies":[{"name":"wp","href":"https:\/\/api.w.org\/{rel}","templated":true}]}}