{"id":287159,"date":"2025-07-31T17:06:13","date_gmt":"2025-07-31T17:06:13","guid":{"rendered":"https:\/\/www.europesays.com\/fr\/287159\/"},"modified":"2025-07-31T17:06:13","modified_gmt":"2025-07-31T17:06:13","slug":"omar-mort-ecrase-a-paris-les-conducteurs-de-camions-bennes-en-greve-en-soutien-a-leur-collegue-mis-en-cause","status":"publish","type":"post","link":"https:\/\/www.europesays.com\/fr\/287159\/","title":{"rendered":"Omar, mort \u00e9cras\u00e9 \u00e0 Paris : les conducteurs de camions-bennes en gr\u00e8ve en soutien \u00e0 leur coll\u00e8gue mis en cause"},"content":{"rendered":"<p class=\"paragraph text_align_left lp-f-body-02\">\u00ab Avec le retour de la chaleur, \u00e7a va commencer \u00e0 poser probl\u00e8me pour les odeurs \u00bb, s\u2019inqui\u00e8te Charly devant les d\u00e9tritus qui s\u2019amoncellent devant son restaurant de la rue Victor-Mass\u00e9 (IXe), ce jeudi 31 juillet. La veille, les poubelles sont rest\u00e9es sur le trottoir. Et pour cause, dans les arrondissements de Paris o\u00f9 la collecte des ordures m\u00e9nag\u00e8res est assur\u00e9e par la r\u00e9gie de la Ville &#8211; les IIe, Ve, VIe, VIII, IX, XIIe, XIVe, XVIe, XVIIe et XXe &#8211; les conducteurs de <a href=\"https:\/\/www.leparisien.fr\/paris-75\/reforme-des-retraites-les-eboueurs-parisiens-a-leur-tour-en-greve-07-03-2023-T5NXYY52TVCGXNXELGRI27CYW4.php\" target=\"_self\" rel=\"nofollow noopener\">camion-poubelles ont fait gr\u00e8ve.<\/a> <\/p>\n<p class=\"paragraph text_align_left lp-f-body-02\">200 agents, soit 90% des effectifs, ont pris part au mouvement en soutien \u00e0 leur coll\u00e8gue suspendu quelques jours plus t\u00f4t, selon les informations de la Ville de Paris. Laquelle indique que les poubelles ne devraient pas rester longtemps pleines sur les trottoirs : \u00ab La collecte a repris ce jeudi et l\u2019impact de la mobilisation a \u00e9t\u00e9 minime \u00bb, fait-elle valoir.<\/p>\n<p class=\"paragraph text_align_left lp-f-body-02\">Le conducteur suspendu est impliqu\u00e9 dans l\u2019<a href=\"https:\/\/www.leparisien.fr\/faits-divers\/paris-un-enfant-de-cinq-ans-ecrase-par-un-camion-poubelle-20-07-2025-5AXWAZOQWFAP7OH7XF6TEIY7W4.php\" target=\"_self\" rel=\"nofollow noopener\">accident qui a co\u00fbt\u00e9 la vie \u00e0 Omar, 3 ans<\/a>, son pied \u00e9cras\u00e9 par la roue d\u2019un camion-poubelle dimanche 20 juillet dans le XIIe arrondissement. Apr\u00e8s ce drame, le conducteur a \u00e9t\u00e9 mis en examen pour homicide routier.<\/p>\n<p>Suspendu \u00ab le temps de l\u2019enqu\u00eate \u00bb<\/p>\n<p class=\"paragraph text_align_left lp-f-body-02\">L\u2019homme est \u00ab plac\u00e9 sous contr\u00f4le judiciaire avec interdiction de conduire, interdiction de contact avec la famille de la victime, obligation de soins \u00bb, indiquait le parquet de Paris quelques jours <a href=\"https:\/\/www.leparisien.fr\/faits-divers\/la-famille-domar-lenfant-de-3-ans-mort-ecrase-sous-un-camion-poubelle-a-paris-se-constitue-partie-civile-27-07-2025-LOWBH3AW2RH2DCSHY3HW4YJNNI.php\" target=\"_self\" rel=\"nofollow noopener\">apr\u00e8s le drame<\/a>.<\/p>\n<p class=\"paragraph text_align_left lp-f-body-02\">Proche de la retraite, il a \u00e9t\u00e9 suspendu par la Ville de Paris \u00ab le temps de l\u2019enqu\u00eate, car la proc\u00e9dure l\u2019exige lorsqu\u2019un agent est mis en examen \u00bb, justifie la municipalit\u00e9. Qui pr\u00e9cise que \u00ab le conducteur est actuellement en arr\u00eat maladie \u00bb et que sa suspension ne sera par cons\u00e9quent effective \u00ab qu\u2019\u00e0 la fin de son arr\u00eat \u00bb.<\/p>\n<p class=\"paragraph text_align_left lp-f-body-02\">Dans une lettre adress\u00e9e \u00e0 Olivia Polski mardi, maire adjointe en charge des Ressources Humaines de la Ville de Paris, la branche de la CGT repr\u00e9sentant notamment les \u00e9boueurs et conducteurs d\u00e9nonce cette suspension. \u00ab Il s\u2019agit d\u2019une remise en cause grave de la pr\u00e9somption d\u2019innocence (\u2026). C\u2019est mettre en difficult\u00e9 l\u2019agent pour assurer le soutien psychologique dont il peut avoir besoin \u00bb, d\u00e9non\u00e7ait notamment le syndicat.<\/p>\n","protected":false},"excerpt":{"rendered":"\u00ab Avec le retour de la chaleur, \u00e7a va commencer \u00e0 poser probl\u00e8me pour les odeurs \u00bb, s\u2019inqui\u00e8te&hellip;\n","protected":false},"author":2,"featured_media":287160,"comment_status":"","ping_status":"","sticky":false,"template":"","format":"standard","meta":{"footnotes":""},"categories":[1888],"tags":[11,1777,674,1011,27,1944,12,626,25],"class_list":{"0":"post-287159","1":"post","2":"type-post","3":"status-publish","4":"format-standard","5":"has-post-thumbnail","7":"category-paris","8":"tag-actualites","9":"tag-eu","10":"tag-europe","11":"tag-fr","12":"tag-france","13":"tag-ma-ville","14":"tag-news","15":"tag-paris","16":"tag-republique-francaise"},"share_on_mastodon":{"url":"https:\/\/pubeurope.com\/@fr\/114948943627659939","error":""},"_links":{"self":[{"href":"https:\/\/www.europesays.com\/fr\/wp-json\/wp\/v2\/posts\/287159","targetHints":{"allow":["GET"]}}],"collection":[{"href":"https:\/\/www.europesays.com\/fr\/wp-json\/wp\/v2\/posts"}],"about":[{"href":"https:\/\/www.europesays.com\/fr\/wp-json\/wp\/v2\/types\/post"}],"author":[{"embeddable":true,"href":"https:\/\/www.europesays.com\/fr\/wp-json\/wp\/v2\/users\/2"}],"replies":[{"embeddable":true,"href":"https:\/\/www.europesays.com\/fr\/wp-json\/wp\/v2\/comments?post=287159"}],"version-history":[{"count":0,"href":"https:\/\/www.europesays.com\/fr\/wp-json\/wp\/v2\/posts\/287159\/revisions"}],"wp:featuredmedia":[{"embeddable":true,"href":"https:\/\/www.europesays.com\/fr\/wp-json\/wp\/v2\/media\/287160"}],"wp:attachment":[{"href":"https:\/\/www.europesays.com\/fr\/wp-json\/wp\/v2\/media?parent=287159"}],"wp:term":[{"taxonomy":"category","embeddable":true,"href":"https:\/\/www.europesays.com\/fr\/wp-json\/wp\/v2\/categories?post=287159"},{"taxonomy":"post_tag","embeddable":true,"href":"https:\/\/www.europesays.com\/fr\/wp-json\/wp\/v2\/tags?post=287159"}],"curies":[{"name":"wp","href":"https:\/\/api.w.org\/{rel}","templated":true}]}}