{"id":287164,"date":"2025-07-31T17:09:09","date_gmt":"2025-07-31T17:09:09","guid":{"rendered":"https:\/\/www.europesays.com\/fr\/287164\/"},"modified":"2025-07-31T17:09:09","modified_gmt":"2025-07-31T17:09:09","slug":"qui-est-laura-loomer-cette-influenceuse-dextreme-droite-qui-conseille-donald-trump","status":"publish","type":"post","link":"https:\/\/www.europesays.com\/fr\/287164\/","title":{"rendered":"qui est Laura Loomer, cette influenceuse d\u2019extr\u00eame-droite qui conseille Donald Trump\u00a0?"},"content":{"rendered":"<p>Elle a compar\u00e9 l\u2019islam \u00e0 un cancer et s\u2019est r\u00e9jouie de la mort de r\u00e9fugi\u00e9s en M\u00e9diterran\u00e9e. \u00c0 coups de provocations et d\u2019invectives, Laura Loomer, influenceuse d\u2019extr\u00eame droite suivie par 1,7\u00a0million d\u2019abonn\u00e9s sur X, s\u2019est impos\u00e9e comme un visage de la sph\u00e8re trumpiste. Mais ses sorties virulentes ne se limitent plus aux r\u00e9seaux sociaux, elle influence \u00e9galement les plus hautes sph\u00e8res du pouvoir.<\/p>\n<p>Cet article est r\u00e9serv\u00e9 aux abonn\u00e9s<\/p>\n<p>\n                    Vous souhaitez lire la suite\u00a0? Abonnez-vous sans engagement \u00e0 notre offre num\u00e9rique\n                <\/p>\n<p>                <a href=\"https:\/\/www.la-croix.com\/abonnement\" class=\"default-paywall__subscribe-button\" data-tracking=\"cta_click\" data-tracking-action=\"voir la page abonnement\" data-tracking-category=\"abonnement\" rel=\"nofollow noopener\" target=\"_blank\">Je m&rsquo;abonne<\/a><\/p>\n","protected":false},"excerpt":{"rendered":"Elle a compar\u00e9 l\u2019islam \u00e0 un cancer et s\u2019est r\u00e9jouie de la mort de r\u00e9fugi\u00e9s en M\u00e9diterran\u00e9e. \u00c0&hellip;\n","protected":false},"author":2,"featured_media":287165,"comment_status":"","ping_status":"","sticky":false,"template":"","format":"standard","meta":{"footnotes":""},"categories":[1589],"tags":[11,73,1866,12,1864,1865,1863,308],"class_list":{"0":"post-287164","1":"post","2":"type-post","3":"status-publish","4":"format-standard","5":"has-post-thumbnail","7":"category-etats-unis","8":"tag-actualites","9":"tag-etats-unis","10":"tag-etats-unis-damerique","11":"tag-news","12":"tag-united-states","13":"tag-united-states-of-america","14":"tag-us","15":"tag-usa"},"share_on_mastodon":{"url":"https:\/\/pubeurope.com\/@fr\/114948955532957312","error":""},"_links":{"self":[{"href":"https:\/\/www.europesays.com\/fr\/wp-json\/wp\/v2\/posts\/287164","targetHints":{"allow":["GET"]}}],"collection":[{"href":"https:\/\/www.europesays.com\/fr\/wp-json\/wp\/v2\/posts"}],"about":[{"href":"https:\/\/www.europesays.com\/fr\/wp-json\/wp\/v2\/types\/post"}],"author":[{"embeddable":true,"href":"https:\/\/www.europesays.com\/fr\/wp-json\/wp\/v2\/users\/2"}],"replies":[{"embeddable":true,"href":"https:\/\/www.europesays.com\/fr\/wp-json\/wp\/v2\/comments?post=287164"}],"version-history":[{"count":0,"href":"https:\/\/www.europesays.com\/fr\/wp-json\/wp\/v2\/posts\/287164\/revisions"}],"wp:featuredmedia":[{"embeddable":true,"href":"https:\/\/www.europesays.com\/fr\/wp-json\/wp\/v2\/media\/287165"}],"wp:attachment":[{"href":"https:\/\/www.europesays.com\/fr\/wp-json\/wp\/v2\/media?parent=287164"}],"wp:term":[{"taxonomy":"category","embeddable":true,"href":"https:\/\/www.europesays.com\/fr\/wp-json\/wp\/v2\/categories?post=287164"},{"taxonomy":"post_tag","embeddable":true,"href":"https:\/\/www.europesays.com\/fr\/wp-json\/wp\/v2\/tags?post=287164"}],"curies":[{"name":"wp","href":"https:\/\/api.w.org\/{rel}","templated":true}]}}