{"id":287168,"date":"2025-07-31T17:11:12","date_gmt":"2025-07-31T17:11:12","guid":{"rendered":"https:\/\/www.europesays.com\/fr\/287168\/"},"modified":"2025-07-31T17:11:12","modified_gmt":"2025-07-31T17:11:12","slug":"en-2026-le-budget-militaire-de-lallemagne-sera-presque-deux-fois-plus-eleve-que-celui-de-la-france","status":"publish","type":"post","link":"https:\/\/www.europesays.com\/fr\/287168\/","title":{"rendered":"En 2026, le budget militaire de l&rsquo;Allemagne sera presque deux fois plus \u00e9lev\u00e9 que celui de la France"},"content":{"rendered":"<p><img fetchpriority=\"high\" decoding=\"async\" src=\"https:\/\/www.europesays.com\/fr\/wp-content\/uploads\/2025\/07\/leopard-20150411.jpg\" alt=\"\" width=\"590\" height=\"394\" class=\"alignnone size-full wp-image-31223\"  \/><\/p>\n<p>Gr\u00e2ce \u00e0 la lev\u00e9e du \u00ab\u00a0frein \u00e0 l\u2019endettement\u00a0\u00bb, vot\u00e9e en mars, la coalition gouvernementale du chancelier Friedrich Merz, va pouvoir sortir le \u00ab\u00a0grand bazooka\u00a0\u00bb pour doter l\u2019Allemagne de \u00ab\u00a0l\u2019arm\u00e9e conventionnelle la plus puissante d\u2019Europe\u00a0\u00bb. Ce qui suppose \u00e9videmment une hausse substantielle du budget de la Bundeswehr dans les ann\u00e9es \u00e0 venir, l\u2019objectif \u00e9tant de le porter \u00e0 3,5 % du PIB [soit 153 milliards d\u2019euros] d\u2019ici 2029, conform\u00e9ment \u00e0 ses engagements \u00e0 l\u2019\u00e9gard de l\u2019Otan. <\/p>\n<p>Aussi, ce contexte est propice aux \u00ab\u00a0fuites\u00a0\u00bb, fond\u00e9es ou non, sur les programmes qu\u2019entend lancer le minist\u00e8re allemand de la D\u00e9fense. Ainsi, ces derni\u00e8res semaines, il lui a \u00e9t\u00e9 pr\u00eat\u00e9 l\u2019intention d\u2019acqu\u00e9rir une quinzaine de chasseurs-bombardiers F-35A suppl\u00e9mentaires\u2026 ce qu\u2019il a fini par d\u00e9mentir. En revanche, il a confirm\u00e9 sa volont\u00e9 de se procurer des lanceurs Typhon aupr\u00e8s des \u00c9tats-Unis, afin de renforcer les capacit\u00e9s de la Bundeswehr en mati\u00e8re de frappe dans la profondeur. <\/p>\n<p>D\u00e9but juillet, l\u2019agence Bloomberg a rapport\u00e9 que Berlin envisageait de commander un millier de chars Leopard 2A8 [ou Leopard 3] ainsi que 2 500 blind\u00e9s \u00e0 roues ARTEC Boxer. Ce qui n\u2019a pas \u00e9t\u00e9 confirm\u00e9 depuis. <\/p>\n<p>Depuis, les plans ont \u00e9volu\u00e9 \u00e9tant donn\u00e9 que, il y a quelques jours, la m\u00eame source <a href=\"https:\/\/www.bloomberg.com\/news\/articles\/2025-07-29\/germany-readies-military-order-for-8-500-armored-vehicles\" target=\"_blank\" rel=\"noopener\">a affirm\u00e9<\/a> que la Bundeswehr avait l\u2019intention de se procurer pas moins 3 500 ARTEC Boxer et de remplacer ses v\u00e9hicules de transport de troupes Fuchs par 5 000 Patria 6\u00d76, dans le cadre du programme CAVS [Common Armoured Vehicle System], lanc\u00e9 par la Finlande et la Lettonie en 2020. Enfin, Bloomberg a aussi \u00e9voqu\u00e9 la commande 20 avions de combat Eurofighter EF2000 suppl\u00e9mentaires\u2026 ce qui n\u2019est pas une nouveaut\u00e9 puisqu\u2019elle <a href=\"https:\/\/www.opex360.com\/2024\/06\/05\/lallemagne-va-commander-20-avions-de-combat-eurofighter-ef-2000-supplementaires\/\" target=\"_blank\" rel=\"noopener\">a \u00e9t\u00e9 annonc\u00e9e<\/a> en juin 2024 par Olaf Scholz, le pr\u00e9d\u00e9cesseur de l\u2019actuel chancelier. <\/p>\n<p>Ces informations ont \u00e9t\u00e9 en partie recoup\u00e9es <a href=\"https:\/\/www.reuters.com\/business\/aerospace-defense\/germany-prepares-huge-orders-jets-armored-vehicles-sources-say-2025-07-29\/\" target=\"_blank\" rel=\"noopener\">par Reuters<\/a>. \u00ab\u00a0En partie\u00a0\u00bb parce que les chiffres qu\u2019elle a communiqu\u00e9s ne concordent pas avec ceux donn\u00e9s par Bloomberg. Ainsi, selon deux sources \u00ab\u00a0proches du dossier\u00a0\u00bb qu\u2019elle a sollicit\u00e9es, l\u2019agence de presse britannique a affirm\u00e9 que la Bundeswehr comptait commander 3 000 Boxer et 3 500 Patria 6\u00d76. Ce qui est d\u00e9j\u00e0 cons\u00e9quent. <\/p>\n<p>En tout cas, ce qui est certain, c\u2019est que Berlin entend demander au Bundestag de porter le budget de la Bundeswehr \u00e0 plus de 100 milliards d\u2019euros en 2026. <\/p>\n<p>Dans le d\u00e9tail, le budget \u00ab\u00a0normal\u00a0\u00bb du minist\u00e8re de la D\u00e9fense devrait atteindre 82,7 milliards d\u2019euros l\u2019an prochain. Cette somme sera compl\u00e9t\u00e9e par une enveloppe de 25,5 milliards d\u2019euros, pr\u00e9lev\u00e9e sur le Fonds sp\u00e9cial de la Bundeswehr. Au total, cette derni\u00e8re devrait donc disposer de 108,2 milliards d\u2019euros en 2026.<\/p>\n<p>\u00c0 titre de comparaison, et apr\u00e8s les annonces faites par le pr\u00e9sident Macron le 13 juillet, le budget du minist\u00e8re des Arm\u00e9es s\u2019\u00e9l\u00e8vera \u00e0 57,2 milliards d\u2019euros l\u2019an prochain [+ 6,7 milliards] \u2026 Soit un montant presque deux fois moindre que celui dont disposeront les forces allemandes, alors que celles-ci n\u2019ont pas \u00e0 financer de dissuasion nucl\u00e9aire. <\/p>\n<p>Pour rappel, il est question que les forces fran\u00e7aises puissent disposer d\u2019un budget de 64 milliards d\u2019euros en 2027 et non en 2029, comme l\u2019avait pr\u00e9vu la Loi de programmation militaire [LPM] 2024-30. <\/p>\n<p>\u00ab\u00a0Outre les investissements n\u00e9cessaires pour les \u00e9quipements et les infrastructures, ce projet de budget cr\u00e9e les conditions essentielles \u00e0 la poursuite du d\u00e9veloppement de la Bundeswehr. \u00c0 cette fin, 10 000 postes militaires et 2 000 emplois civils suppl\u00e9mentaires seront cr\u00e9\u00e9s en 2026. [\u2026] Par ailleurs, 20 000 postes \u2018temporaires\u2019 seront cr\u00e9\u00e9s dans le cadre du nouveau service militaire\u00a0\u00bb, a pr\u00e9cis\u00e9 le gouvernement allemand.<\/p>\n<p>\u00ab\u00a0Avec le budget 2026, non seulement nous renforcerons l\u2019\u00e9quipement et les infrastructures mais nous investirons sp\u00e9cifiquement dans le personnel. Ce n\u2019est qu\u2019avec un maximum d\u2019hommes et de femmes engag\u00e9s que nous pourrons transformer les technologies de pointe en puissance militaire. [\u2026] Nous renforcerons donc les troupes d\u2019active en cr\u00e9ant de nombreux postes au sein de la Bundeswehr et nous mettrons en place le nouveau service militaire, ce qui vitaliser la r\u00e9serve. Nous constatons d\u00e9j\u00e0 une augmentation des candidatures et des recrutements. Nous souhaitons poursuivre sur cette lanc\u00e9e\u00a0\u00bb, a comment\u00e9 Boris Pistorius, le ministre allemand de la D\u00e9fense. <\/p>\n","protected":false},"excerpt":{"rendered":"Gr\u00e2ce \u00e0 la lev\u00e9e du \u00ab\u00a0frein \u00e0 l\u2019endettement\u00a0\u00bb, vot\u00e9e en mars, la coalition gouvernementale du chancelier Friedrich Merz,&hellip;\n","protected":false},"author":2,"featured_media":287169,"comment_status":"","ping_status":"","sticky":false,"template":"","format":"standard","meta":{"footnotes":""},"categories":[1587],"tags":[11,672,8164,1003,1804,7694,1805,554,2609,1803,1777,674,42586,1801,12,1802],"class_list":{"0":"post-287168","1":"post","2":"type-post","3":"status-publish","4":"format-standard","5":"has-post-thumbnail","7":"category-allemagne","8":"tag-actualites","9":"tag-allemagne","10":"tag-boris-pistorius","11":"tag-budget","12":"tag-bundesrepublik-deutschland","13":"tag-bundeswehr","14":"tag-de","15":"tag-defense","16":"tag-depenses-militaires","17":"tag-deutschland","18":"tag-eu","19":"tag-europe","20":"tag-fonds-special","21":"tag-germany","22":"tag-news","23":"tag-republique-federale-dallemagne"},"share_on_mastodon":{"url":"https:\/\/pubeurope.com\/@fr\/114948963227210745","error":""},"_links":{"self":[{"href":"https:\/\/www.europesays.com\/fr\/wp-json\/wp\/v2\/posts\/287168","targetHints":{"allow":["GET"]}}],"collection":[{"href":"https:\/\/www.europesays.com\/fr\/wp-json\/wp\/v2\/posts"}],"about":[{"href":"https:\/\/www.europesays.com\/fr\/wp-json\/wp\/v2\/types\/post"}],"author":[{"embeddable":true,"href":"https:\/\/www.europesays.com\/fr\/wp-json\/wp\/v2\/users\/2"}],"replies":[{"embeddable":true,"href":"https:\/\/www.europesays.com\/fr\/wp-json\/wp\/v2\/comments?post=287168"}],"version-history":[{"count":0,"href":"https:\/\/www.europesays.com\/fr\/wp-json\/wp\/v2\/posts\/287168\/revisions"}],"wp:featuredmedia":[{"embeddable":true,"href":"https:\/\/www.europesays.com\/fr\/wp-json\/wp\/v2\/media\/287169"}],"wp:attachment":[{"href":"https:\/\/www.europesays.com\/fr\/wp-json\/wp\/v2\/media?parent=287168"}],"wp:term":[{"taxonomy":"category","embeddable":true,"href":"https:\/\/www.europesays.com\/fr\/wp-json\/wp\/v2\/categories?post=287168"},{"taxonomy":"post_tag","embeddable":true,"href":"https:\/\/www.europesays.com\/fr\/wp-json\/wp\/v2\/tags?post=287168"}],"curies":[{"name":"wp","href":"https:\/\/api.w.org\/{rel}","templated":true}]}}