{"id":287172,"date":"2025-07-31T17:13:10","date_gmt":"2025-07-31T17:13:10","guid":{"rendered":"https:\/\/www.europesays.com\/fr\/287172\/"},"modified":"2025-07-31T17:13:10","modified_gmt":"2025-07-31T17:13:10","slug":"francois-bayrou-juge-que-la-france-a-ete-un-peu-seule","status":"publish","type":"post","link":"https:\/\/www.europesays.com\/fr\/287172\/","title":{"rendered":"Fran\u00e7ois Bayrou juge que la France a \u00e9t\u00e9 \u00abun peu seule\u00bb"},"content":{"rendered":"<p>Le premier ministre a assur\u00e9 que les \u00ab\u00c9tats auront d\u2019une mani\u00e8re ou d\u2019une autre leur mot \u00e0 dire\u00bb sur cet accord.<\/p>\n<p class=\"fig-paragraph\">Il monte au cr\u00e9neau. Le premier ministre,\u00a0<a href=\"http:\/\/www.lefigaro.fr\/politique\/en-froid-avec-retailleau-macron-charge-bayrou-de-remettre-de-l-ordre-dans-son-gouvernement-20250724\" data-fig-type=\"Article\" data-gtm-custom-categorie=\"navigation\" data-gtm-custom-action=\"crossclick\" data-gtm-custom-label=\"Contextuel\" data-gtm-event=\"customEventSPE\" data-fig-domain=\"LEFIGARO\" target=\"_blank\" rel=\"noopener\">Fran\u00e7ois Bayrou<\/a>, a jug\u00e9 jeudi que la France avait \u00e9t\u00e9 \u00abun peu seule\u00bb dans la bataille commerciale face aux \u00c9tats-Unis, en marge d&rsquo;un d\u00e9placement dans les locaux de Tracfin, organisme de lutte contre la criminalit\u00e9 financi\u00e8re, \u00e0 Montreuil (Seine-Saint-Denis). Le chef du gouvernement, qui avait vivement critiqu\u00e9 lundi l&rsquo;accord commercial conclu entre l&rsquo;Union europ\u00e9enne et les\u00a0<a href=\"http:\/\/www.lefigaro.fr\/vox\/monde\/l-editorial-de-philippe-gelie-l-europe-face-a-trump-le-stigmate-de-la-soumission-20250730\" data-fig-type=\"Article\" data-gtm-custom-categorie=\"navigation\" data-gtm-custom-action=\"crossclick\" data-gtm-custom-label=\"Contextuel\" data-gtm-event=\"customEventSPE\" data-fig-domain=\"LEFIGARO\" target=\"_blank\" rel=\"noopener\">\u00c9tats-Unis<\/a>, d\u00e9plorant une \u00absoumission\u00bb de l&rsquo;Europe, a estim\u00e9 que ce n&rsquo;\u00e9tait \u00abpas la fin de l&rsquo;histoire\u00bb, et qu&rsquo;il fallait \u00abun processus encore pas totalement \u00e9lucid\u00e9 de ratification\u00bb de cet accord.<\/p>\n<p class=\"fig-paragraph\">\u00abIl y a \u00e0 v\u00e9rifier quelle est la port\u00e9e exacte de ces accords, et les \u00c9tats auront d&rsquo;une mani\u00e8re ou d&rsquo;une autre leur mot \u00e0 dire\u00bb, a-t-il ajout\u00e9. \u00abJe sais que toutes les autorit\u00e9s fran\u00e7aises, et en particulier le pr\u00e9sident de la R\u00e9publique, ont \u00e9t\u00e9 ceux qui se sont battus le plus contre des concessions qu&rsquo;on consid\u00e9rait comme excessives\u00bb, a-t-il affirm\u00e9 avant de s&rsquo;interroger\u00a0: \u00abEst-ce qu&rsquo;on a le sentiment qu&rsquo;\u00e0 l&rsquo;int\u00e9rieur de l&rsquo;Union europ\u00e9enne, des forces politiques et \u00e9conomiques \u00e9taient plut\u00f4t sur une ligne de trouver des accommodements? Oui\u00bb, a-t-il ajout\u00e9, en estimant que de son point de vue, \u00abla voie pour l&rsquo;Europe est une voie d&rsquo;affirmation et de r\u00e9sistance quand il faut et de fiert\u00e9 le plus souvent possible\u00bb.<\/p>\n<p>                                    <a class=\"fig-a11y-skip a11y-hidden\" href=\"#fig-a11y-skip-main-inarticle\"><br \/>\n        Passer la publicit\u00e9<br \/>\n    <\/a><\/p>\n<p>Unanimit\u00e9 dans la classe politique<\/p>\n<p class=\"fig-paragraph\">La classe politique fran\u00e7aise a \u00e9t\u00e9 unanime \u00e0 d\u00e9noncer l&rsquo;accord conclu entre le pr\u00e9sident am\u00e9ricain, Donald Trump, et la pr\u00e9sidente de la Commission europ\u00e9enne, Ursula von der Leyen, qui pr\u00e9voit notamment une hausse de 15% des droits de douane sur les exportations europ\u00e9ennes. Le pr\u00e9sident Emmanuel Macron a d\u00e9plor\u00e9 mercredi en Conseil des ministres que l&rsquo;Union europ\u00e9enne n&rsquo;ait pas \u00e9t\u00e9 assez \u00abcrainte\u00bb dans ses n\u00e9gociations commerciales avec les \u00c9tats-Unis, affirmant que la France continuerait de faire montre \u00abd&rsquo;exigence et de fermet\u00e9\u00bb dans la suite des discussions.<\/p>\n","protected":false},"excerpt":{"rendered":"Le premier ministre a assur\u00e9 que les \u00ab\u00c9tats auront d\u2019une mani\u00e8re ou d\u2019une autre leur mot \u00e0 dire\u00bb&hellip;\n","protected":false},"author":2,"featured_media":287173,"comment_status":"","ping_status":"","sticky":false,"template":"","format":"standard","meta":{"footnotes":""},"categories":[1586],"tags":[11,73,1777,674,1779,1011,27,431,12,25,1778,364],"class_list":{"0":"post-287172","1":"post","2":"type-post","3":"status-publish","4":"format-standard","5":"has-post-thumbnail","7":"category-europe","8":"tag-actualites","9":"tag-etats-unis","10":"tag-eu","11":"tag-europe","12":"tag-european-union","13":"tag-fr","14":"tag-france","15":"tag-francois-bayrou","16":"tag-news","17":"tag-republique-francaise","18":"tag-ue","19":"tag-union-europeenne"},"share_on_mastodon":{"url":"https:\/\/pubeurope.com\/@fr\/114948971253635426","error":""},"_links":{"self":[{"href":"https:\/\/www.europesays.com\/fr\/wp-json\/wp\/v2\/posts\/287172","targetHints":{"allow":["GET"]}}],"collection":[{"href":"https:\/\/www.europesays.com\/fr\/wp-json\/wp\/v2\/posts"}],"about":[{"href":"https:\/\/www.europesays.com\/fr\/wp-json\/wp\/v2\/types\/post"}],"author":[{"embeddable":true,"href":"https:\/\/www.europesays.com\/fr\/wp-json\/wp\/v2\/users\/2"}],"replies":[{"embeddable":true,"href":"https:\/\/www.europesays.com\/fr\/wp-json\/wp\/v2\/comments?post=287172"}],"version-history":[{"count":0,"href":"https:\/\/www.europesays.com\/fr\/wp-json\/wp\/v2\/posts\/287172\/revisions"}],"wp:featuredmedia":[{"embeddable":true,"href":"https:\/\/www.europesays.com\/fr\/wp-json\/wp\/v2\/media\/287173"}],"wp:attachment":[{"href":"https:\/\/www.europesays.com\/fr\/wp-json\/wp\/v2\/media?parent=287172"}],"wp:term":[{"taxonomy":"category","embeddable":true,"href":"https:\/\/www.europesays.com\/fr\/wp-json\/wp\/v2\/categories?post=287172"},{"taxonomy":"post_tag","embeddable":true,"href":"https:\/\/www.europesays.com\/fr\/wp-json\/wp\/v2\/tags?post=287172"}],"curies":[{"name":"wp","href":"https:\/\/api.w.org\/{rel}","templated":true}]}}