{"id":287174,"date":"2025-07-31T17:14:21","date_gmt":"2025-07-31T17:14:21","guid":{"rendered":"https:\/\/www.europesays.com\/fr\/287174\/"},"modified":"2025-07-31T17:14:21","modified_gmt":"2025-07-31T17:14:21","slug":"de-gauche-a-droite-lespagne-vue-comme-un-modele-economique-dans-lequel-piocher-mais","status":"publish","type":"post","link":"https:\/\/www.europesays.com\/fr\/287174\/","title":{"rendered":"De gauche \u00e0 droite, l\u2019Espagne vue comme un mod\u00e8le \u00e9conomique dans lequel piocher, mais&#8230;"},"content":{"rendered":"<p>        <img decoding=\"async\" loading=\"lazy\" src=\"https:\/\/www.europesays.com\/fr\/wp-content\/uploads\/2025\/07\/4a14efe_1730811351575-000-36lj6bu.jpg\"  width=\"728\" height=\"409\" alt=\"Pedro Sanchez, photographi\u00e9 \u00e0 Madrid en novembre 2024\"\/>  <\/p>\n<p>OSCAR DEL POZO \/ AFP<\/p>\n<p>Pedro Sanchez, photographi\u00e9 \u00e0 Madrid en novembre 2024<\/p>\n<p class=\"asset asset-text\">POLITIQUE &#8211; Et por qu\u00e9 no\u00a0? En France, le charme ib\u00e9rique fonctionne \u00e0 plein r\u00e9gime. Rien \u00e0 voir avec les images d\u2019\u00c9pinal et autres clich\u00e9s de l\u2019\u00e9t\u00e9 que charrie <a href=\"https:\/\/www.huffingtonpost.fr\/international\/article\/a-madrid-une-decision-historique-pour-proteger-les-habitants-du-surtourisme_252373.html\" rel=\"nofollow noopener\" target=\"_blank\">l\u2019Espagne<\/a>. Non, les \u00e9lus hexagonaux s\u2019\u00e9baudissent de son \u00ab\u00a0miracle\u00a0\u00bb \u00e9conomique, <a href=\"https:\/\/www.huffingtonpost.fr\/economie\/article\/les-annonces-de-francois-bayrou-sur-le-budget-2026-font-aussi-quelques-heureux_252630.html\" rel=\"nofollow noopener\" target=\"_blank\">et de son\u00a0insolente\u00a0croissance<\/a> \u00e0 pr\u00e8s de 3\u00a0%.<\/p>\n<p class=\"asset asset-text\">Le sc\u00e9nario a d\u2019autant plus tout de la jolie rom-com, qu\u2019il y a 10\u00a0ans, personne ne misait sur nos voisins embourb\u00e9s dans une crise \u00e9conomique aux horizons mornes et que la France, elle, se cherche d\u00e9sormais<a href=\"https:\/\/www.huffingtonpost.fr\/politique\/video\/avant-francois-bayrou-on-a-deja-vecu-une-cure-d-austerite-voila-a-quoi-ca-ressemblait_252984.html\" target=\"_blank\" rel=\"noopener nofollow\" title=\"Nouvelle fen\u00eatre\"> 40\u00a0milliards d\u2019\u00e9conomies<\/a>. Gage que la \u00ab\u00a0fascination\u00a0\u00bb tricolore est persistante, il suffit d\u2019observer les \u00ab\u00a0ah\u00a0\u00bb et \u00ab\u00a0oh\u00a0\u00bb, suscit\u00e9s par un article de <a href=\"https:\/\/www.bfmtv.com\/economie\/alors-que-toute-l-europe-est-au-point-mort-comment-fait-l-espagne-pour-etre-sur-un-rythme-annuel-de-2-8-de-croissance_AD-202507290271.html?at_brand=BFMTV&amp;at_compte=BFMTV&amp;at_plateforme=twitter&amp;at_campaign=Fan_pages&amp;at_medium=Community_Management\" target=\"_blank\" rel=\"noopener nofollow\" title=\"Nouvelle fen\u00eatre\">BFMTV <\/a>consacr\u00e9 \u00e0 la \u00ab\u00a0locomotive\u00a0\u00bb espagnole dans une Europe, elle, bloqu\u00e9e sur la r\u00e9serve d\u2019essence.<\/p>\n<p class=\"asset asset-text\">\u00c0 gauche comme \u00e0 droite tout le monde a de quoi piocher et s\u2019invectiver sur des mesures symboliques. Et tant pis s\u2019il s\u2019agit finalement de comparer, mas o\u00a0menos, des choux et des carottes, sans prendre en compte une multitude d\u2019indicateurs et des trajectoires \u00e9conomiques diff\u00e9rentes.<\/p>\n<p>    Quand la gauche r\u00eave de relance sociale\u2026    <\/p>\n<p class=\"asset asset-text\">\u00c0 gauche, comme le s\u00e9nateur communiste <a href=\"https:\/\/x.com\/IanBrossat\/status\/1950200378445680959\" target=\"_blank\" rel=\"noopener nofollow\" title=\"Nouvelle fen\u00eatre\">Ian Brossat<\/a>, on attribue cette r\u00e9ussite \u00e9conomique \u00ab\u00a0au gouvernement de gauche\u00a0\u00bb, tout simplement. Les mesures sociales du Premier ministre ministres sont particuli\u00e8rement sollicit\u00e9es, \u00e0 l\u2019instar de l\u2019allongement des cong\u00e9s parentaux et de l\u2019embauche de milliers de fonctionnaires.<\/p>\n<p class=\"asset asset-text\">Le d\u00e9put\u00e9 LFI Christophe Bex listait encore r\u00e9cemment sur X, une revalorisation du SMIC, un plafonnement des loyers, une indexation des retraites sur l\u2019inflation. Oubliant peut-\u00eatre un peu vite que pour ces deux derniers points, c\u2019est aussi le cas en France, et qu\u2019en mati\u00e8re de niveau de salaire l\u2019Espagne reste en dessous.<\/p>\n<p class=\"asset asset-text\">Plut\u00f4t que du d\u00e9tail, les c\u00e9nacles de gauche mettent aussi en avant la r\u00e9ussite d\u2019une relance par la croissance, per\u00e7ue en opposition \u00e0 celle men\u00e9e par l\u2019ex\u00e9cutif macroniste depuis 2017. Et l\u2019\u00e9cologiste Karima Delli de cingler sur le r\u00e9seau social X\u00a0: \u00ab\u00a0L\u2019Espagne fait tout l\u2019inverse de la France\u00a0: hausse des salaires, services publics renforc\u00e9s, politique sociale\u2026 Et \u00e7a cartonne. Comme quoi, l\u2019aust\u00e9rit\u00e9, c\u2019est pas une fatalit\u00e9 \u2014 c\u2019est juste un d\u00e9lire made in Bercy\u00a0\u00bb.<\/p>\n<p class=\"asset asset-text\">Des consid\u00e9rations \u00e9conomiques auxquelles s\u2019ajoute sans doute \u00e0 gauche une certaine id\u00e9alisation politique\u00a0: Pedro Sanchez arrive \u00e0 se maintenir au pouvoir gr\u00e2ce \u00e0 des alliances fragiles, dans un pays d\u00e9centralis\u00e9, o\u00f9 il est par ailleurs cern\u00e9 par des r\u00e9gions gouvern\u00e9es \u00e0 majorit\u00e9 par la droite.<\/p>\n<p>                     &#8230; la droite demande le d\u00e9tail de l\u2019addition    <\/p>\n<p class=\"asset asset-text\">Ces injonctions \u00e0 plus de social ont en tout \u00e9tat de cause le don d\u2019irriter les centristes et la droite, qui louent de leur c\u00f4t\u00e9 les efforts difficiles impos\u00e9s en 2013, et qui permettraient aujourd\u2019hui \u00e0 l\u2019Espagne d\u2019afficher cette vitalit\u00e9 insolente. \u00ab\u00a0On sait que l\u2019Espagne a connu avant d\u2019en arriver l\u00e0 une purge aust\u00e9ritaire comme jamais&#8230; \u00e0 c\u00f4t\u00e9 de laquelle le budget Bayrou n\u2019est que de la tisane d\u2019eau douce\u00a0!\u00a0\u00bb, r\u00e9plique le conseiller municipal Renaissance, Lo\u00efc Chabrier, sur X.<\/p>\n<p class=\"asset asset-text\">L\u2019ancien candidat MoDem aux municipales Michel Merrelle insiste lui aussi sur la dimension \u00ab\u00a0lib\u00e9rale\u00a0\u00bb des politiques men\u00e9es par l\u2019Espagne. Comme d\u2019autres, dont l\u2019ex-d\u00e9put\u00e9 macroniste St\u00e9phane Vojetta, il agite un v\u00e9ritable \u00e9pouvantail pour la gauche et les syndicats\u00a0: la retraite \u00e0 67\u00a0ans qui sera en place en Espagne en 2027. Un chiffre mentionn\u00e9 par l\u2019\u00e9conomiste Sylvain Catherine qui estime que pour s\u2019aligner sur le mod\u00e8le de l\u2019Espagne, il faudrait \u00e9galement en France \u00ab\u00a0doubler les aides aux entreprises, ou r\u00e9duire d\u2019autant leur fiscalit\u00e9 pour aligner les taux de pr\u00e9l\u00e8vements obligatoires nets\u00a0\u00bb.<\/p>\n<p class=\"asset asset-text\">Si les plus irrit\u00e9s vont, eux, jusqu\u2019\u00e0 \u00e9voquer le contre mod\u00e8le ultralib\u00e9ral de Javier Milei en Argentine, le g\u00e2teau est visiblement si all\u00e9chant que m\u00eame l\u2019extr\u00eame droite est pr\u00eate \u00e0 en prendre une part. Les d\u00e9put\u00e9s RN Fr\u00e9d\u00e9ric Falcon et Guillaume Bigot ont eux aussi trouv\u00e9 une mesure pour expliquer en partie la \u00ab\u00a0croissance assur\u00e9e\u00a0\u00bb de la p\u00e9ninsule\u00a0: la sortie du march\u00e9 europ\u00e9en de l\u2019\u00e9nergie. Une mesure, au hasard, \u00e9galement d\u00e9fendue par les troupes lep\u00e9nistes.<\/p>\n<p>                     Ces autres indicateurs clefs    <\/p>\n<p class=\"asset asset-text\">Si la classe politique r\u00eave devant les 3\u00a0% de croissance, c\u2019est aussi peut-\u00eatre qu\u2019ils s\u2019apparentent plus aux moulins de Don Quichotte. Comme le d\u00e9taillait le journaliste Romaric Godin dans <a href=\"https:\/\/www.mediapart.fr\/journal\/international\/080225\/la-croissance-de-l-espagne-un-modele-illusoire-pour-la-gauche\" target=\"_blank\" rel=\"noopener nofollow\" title=\"Nouvelle fen\u00eatre\">Mediapart <\/a>en f\u00e9vrier dernier, la dynamique du PIB par habitant n\u2019est pas flamboyante, la productivit\u00e9 a peu de marge de progression, et le mod\u00e8le espagnol reste fond\u00e9 sur le tourisme de masse. Quant au budget, on ne saurait que trop rappeler qu\u2019il n\u2019a pas \u00e9t\u00e9 vot\u00e9 depuis 2023, ce qui n\u2019est pas sans poser quelques questions d\u00e9mocratiques.<\/p>\n<p class=\"asset asset-text\">La p\u00e9ninsule est aussi le deuxi\u00e8me plus gros b\u00e9n\u00e9ficiaire du plan de relance europ\u00e9en post-Covid. Des versements qui servent \u00ab\u00a0de fait comme un budget de secours\u00a0\u00bb, et permettent de contourner le blocage politique, expliquait \u00e0 nos confr\u00e8res des <a href=\"https:\/\/www.lesechos.fr\/monde\/europe\/en-espagne-sanchez-serein-malgre-le-risque-dune-deuxieme-annee-sans-budget-2137456\" target=\"_blank\" rel=\"noopener nofollow\" title=\"Nouvelle fen\u00eatre\">\u00c9chos<\/a>, Jorge Onrubia, professeur de finances publiques \u00e0 Madrid. Un \u00ab\u00a0mirage\u00a0\u00bb plut\u00f4t qu\u2019un \u00ab\u00a0miracle\u00a0\u00bb\u00a0?<\/p>\n","protected":false},"excerpt":{"rendered":"OSCAR DEL POZO \/ AFP Pedro Sanchez, photographi\u00e9 \u00e0 Madrid en novembre 2024 POLITIQUE &#8211; Et por qu\u00e9&hellip;\n","protected":false},"author":2,"featured_media":287175,"comment_status":"","ping_status":"","sticky":false,"template":"","format":"standard","meta":{"footnotes":""},"categories":[2],"tags":[11,1003,33,123,1011,27,12,316,25],"class_list":{"0":"post-287174","1":"post","2":"type-post","3":"status-publish","4":"format-standard","5":"has-post-thumbnail","7":"category-actualites","8":"tag-actualites","9":"tag-budget","10":"tag-economie","11":"tag-espagne","12":"tag-fr","13":"tag-france","14":"tag-news","15":"tag-politique","16":"tag-republique-francaise"},"share_on_mastodon":{"url":"https:\/\/pubeurope.com\/@fr\/114948975181894131","error":""},"_links":{"self":[{"href":"https:\/\/www.europesays.com\/fr\/wp-json\/wp\/v2\/posts\/287174","targetHints":{"allow":["GET"]}}],"collection":[{"href":"https:\/\/www.europesays.com\/fr\/wp-json\/wp\/v2\/posts"}],"about":[{"href":"https:\/\/www.europesays.com\/fr\/wp-json\/wp\/v2\/types\/post"}],"author":[{"embeddable":true,"href":"https:\/\/www.europesays.com\/fr\/wp-json\/wp\/v2\/users\/2"}],"replies":[{"embeddable":true,"href":"https:\/\/www.europesays.com\/fr\/wp-json\/wp\/v2\/comments?post=287174"}],"version-history":[{"count":0,"href":"https:\/\/www.europesays.com\/fr\/wp-json\/wp\/v2\/posts\/287174\/revisions"}],"wp:featuredmedia":[{"embeddable":true,"href":"https:\/\/www.europesays.com\/fr\/wp-json\/wp\/v2\/media\/287175"}],"wp:attachment":[{"href":"https:\/\/www.europesays.com\/fr\/wp-json\/wp\/v2\/media?parent=287174"}],"wp:term":[{"taxonomy":"category","embeddable":true,"href":"https:\/\/www.europesays.com\/fr\/wp-json\/wp\/v2\/categories?post=287174"},{"taxonomy":"post_tag","embeddable":true,"href":"https:\/\/www.europesays.com\/fr\/wp-json\/wp\/v2\/tags?post=287174"}],"curies":[{"name":"wp","href":"https:\/\/api.w.org\/{rel}","templated":true}]}}