{"id":287178,"date":"2025-07-31T17:16:16","date_gmt":"2025-07-31T17:16:16","guid":{"rendered":"https:\/\/www.europesays.com\/fr\/287178\/"},"modified":"2025-07-31T17:16:16","modified_gmt":"2025-07-31T17:16:16","slug":"les-infos-de-18h-vente-de-biogaran-des-emplois-menaces-en-france","status":"publish","type":"post","link":"https:\/\/www.europesays.com\/fr\/287178\/","title":{"rendered":"Les infos de 18h &#8211; Vente de Biogaran : des emplois menac\u00e9s en France ?"},"content":{"rendered":"<p class=\"article-p mdl\">Un champion de l&rsquo;industrie pharmaceutique fran\u00e7aise pourrait passer sous pavillon britannique. Le laboratoire Servier compte vendre sa filiale Biogaran \u00e0 un fonds d&rsquo;investissement europ\u00e9en bas\u00e9 au Royaume-Uni. Biogaran est le num\u00e9ro 1 des g\u00e9n\u00e9riques vendus en France.\u00a0<\/p>\n<p class=\"article-p mdl\">Cette vente ravive <strong>les inqui\u00e9tudes sur la souverainet\u00e9 nationale en mati\u00e8re de m\u00e9dicaments<\/strong>, trois mois apr\u00e8s le passage de\u00a0<a class=\"link\" href=\"https:\/\/www.rtl.fr\/actu\/economie-consommation\/invitee-rtl-la-presidente-de-sanofi-france-garantit-la-perennite-des-emplois-et-du-doliprane-dans-les-pharmacies-7900429936\" target=\"_blank\" rel=\"noopener\">Doliprane sous pavillon am\u00e9ricain<\/a>. Biogaran repr\u00e9sente un g\u00e9n\u00e9rique vendu sur trois en pharmacie. \u00ab\u00a0C&rsquo;est une vraie bombe politique \u00e0 d\u00e9flagration lente\u00a0\u00bb, a estim\u00e9 Fr\u00e9d\u00e9ric Bizard, \u00e9conomiste de la sant\u00e9.\u00a0<\/p>\n<p class=\"article-p mdl\">L&rsquo;\u00e9conomiste a pr\u00e9cis\u00e9 que 15% du portefeuille de Biogaran \u00e9tait produit \u00e0 perte et a indiqu\u00e9 que <strong>la production et les emplois en France pourraient baisser<\/strong>. D&rsquo;apr\u00e8s les informations de RTL, \u00e0 ce stade, l&rsquo;\u00c9tat fran\u00e7ais n&rsquo;a pas demand\u00e9 de garanties sur l&#8217;emploi et la\u00a0<a class=\"link\" href=\"https:\/\/www.rtl.fr\/actu\/sante\/teralithe-sertraline-venlaxafine-la-liste-des-medicaments-en-difficulte-d-approvisionnement-7900523194\" target=\"_blank\" rel=\"noopener\">disponibilit\u00e9 des m\u00e9dicaments<\/a>\u00a0au fonds d&rsquo;investissement.\u00a0<\/p>\n<p class=\"article-p mdl\">Un connaisseur du dossier a ajout\u00e9 que le fonds d&rsquo;investissement BC Partners n&rsquo;avait <strong>\u00ab\u00a0aucun int\u00e9r\u00eat \u00e0 ne plus fournir le march\u00e9 fran\u00e7ais\u00a0\u00bb.<\/strong> Dans un communiqu\u00e9,<strong> le groupe dit vouloir investir pour d\u00e9velopper les\u00a0<\/strong><a class=\"link\" href=\"https:\/\/www.rtl.fr\/actu\/sante\/sante-qu-est-ce-qu-un-medicament-generique-7900509037\" target=\"_blank\" rel=\"noopener\">m\u00e9dicaments g\u00e9n\u00e9riques<\/a>, mol\u00e9cules en moyenne 30% moins ch\u00e8res que les marques. Le risque est pour les sous-traitants de Biogaran qui pourraient \u00eatre d\u00e9laiss\u00e9s par le nouvel actionnaire.\u00a0<\/p>\n<p>            \u00c0 \u00e9couter \u00e9galement dans ce journal<\/p>\n<p class=\"article-p mdl\"><strong>H\u00e9rault &#8211;<\/strong> Une employ\u00e9e d&rsquo;\u00e9cole maternelle de 59 ans est en d\u00e9tention provisoire pour des\u00a0<a class=\"link\" href=\"https:\/\/www.rtl.fr\/actu\/justice-faits-divers\/herault-une-assistante-d-ecole-maternelle-ecrouee-pour-viols-et-agressions-sexuelles-sur-9-enfants-7900527174\" target=\"_blank\" rel=\"noopener\">soup\u00e7ons de viols et d&rsquo;agressions sexuelles<\/a>\u00a0contre des enfants. Cette Atsem est mise en examen pour des actes qui auraient \u00e9t\u00e9 commis sur des enfants de 3 \u00e0 4 ans.<\/p>\n<p class=\"article-p mdl\"><strong>Corse &#8211;<\/strong> Le dernier wagon d&rsquo;un\u00a0<a class=\"link\" href=\"https:\/\/www.rtl.fr\/actu\/justice-faits-divers\/corse-un-accident-de-petit-train-fait-12-blesses-dont-4-graves-7900527205\" target=\"_blank\" rel=\"noopener\">petit train touristique<\/a>\u00a0s&rsquo;est renvers\u00e9, jeudi 31 juillet \u00e0 Ajaccio, faisant 18 bless\u00e9s dont quatre hospitalis\u00e9s en urgence absolue. D&rsquo;apr\u00e8s le procureur d&rsquo;Ajaccio, la vitesse pourrait \u00eatre en cause.\u00a0<br \/><strong\/><br \/><strong>Mondiaux de natation &#8211; <\/strong>Apr\u00e8s son record du monde lors de la demi-finale, mercredi,<a class=\"link\" href=\"https:\/\/www.rtl.fr\/sport\/autres-sports\/mondiaux-de-natation-leon-marchand-conserve-son-titre-sur-le-200-m-4-nages-7900527171\" target=\"_blank\" rel=\"noopener\"> L\u00e9on Marchand<\/a>\u00a0s&rsquo;est impos\u00e9 en finale du\u00a0200 m\u00e8tres 4 nages, jeudi 31 juillet. Le quadruple champion olympique a remport\u00e9 son troisi\u00e8me titre mondial sur 200 m 4 nages.<\/p>\n<p>    La r\u00e9daction vous recommande<\/p>\n<p class=\"s-newsletter__title\">\n                L\u2019actualit\u00e9 par la r\u00e9daction de RTL dans votre bo\u00eete mail.\n            <\/p>\n<p class=\"s-newsletter__subtitle\">\n                Gr\u00e2ce \u00e0 votre compte RTL abonnez-vous \u00e0 la newsletter RTL info pour suivre toute l&rsquo;actualit\u00e9 au quotidien\n            <\/p>\n<p>\n                                    Lire la suite\n                                <\/p>\n","protected":false},"excerpt":{"rendered":"Un champion de l&rsquo;industrie pharmaceutique fran\u00e7aise pourrait passer sous pavillon britannique. Le laboratoire Servier compte vendre sa filiale&hellip;\n","protected":false},"author":2,"featured_media":287179,"comment_status":"","ping_status":"","sticky":false,"template":"","format":"standard","meta":{"footnotes":""},"categories":[4],"tags":[11,107,1011,27,42587,16292,12,362,25,71],"class_list":{"0":"post-287178","1":"post","2":"type-post","3":"status-publish","4":"format-standard","5":"has-post-thumbnail","7":"category-france","8":"tag-actualites","9":"tag-fil-info","10":"tag-fr","11":"tag-france","12":"tag-laboratoire-servier","13":"tag-medicaments","14":"tag-news","15":"tag-replay","16":"tag-republique-francaise","17":"tag-sante"},"share_on_mastodon":{"url":"https:\/\/pubeurope.com\/@fr\/114948982881785955","error":""},"_links":{"self":[{"href":"https:\/\/www.europesays.com\/fr\/wp-json\/wp\/v2\/posts\/287178","targetHints":{"allow":["GET"]}}],"collection":[{"href":"https:\/\/www.europesays.com\/fr\/wp-json\/wp\/v2\/posts"}],"about":[{"href":"https:\/\/www.europesays.com\/fr\/wp-json\/wp\/v2\/types\/post"}],"author":[{"embeddable":true,"href":"https:\/\/www.europesays.com\/fr\/wp-json\/wp\/v2\/users\/2"}],"replies":[{"embeddable":true,"href":"https:\/\/www.europesays.com\/fr\/wp-json\/wp\/v2\/comments?post=287178"}],"version-history":[{"count":0,"href":"https:\/\/www.europesays.com\/fr\/wp-json\/wp\/v2\/posts\/287178\/revisions"}],"wp:featuredmedia":[{"embeddable":true,"href":"https:\/\/www.europesays.com\/fr\/wp-json\/wp\/v2\/media\/287179"}],"wp:attachment":[{"href":"https:\/\/www.europesays.com\/fr\/wp-json\/wp\/v2\/media?parent=287178"}],"wp:term":[{"taxonomy":"category","embeddable":true,"href":"https:\/\/www.europesays.com\/fr\/wp-json\/wp\/v2\/categories?post=287178"},{"taxonomy":"post_tag","embeddable":true,"href":"https:\/\/www.europesays.com\/fr\/wp-json\/wp\/v2\/tags?post=287178"}],"curies":[{"name":"wp","href":"https:\/\/api.w.org\/{rel}","templated":true}]}}