{"id":287182,"date":"2025-07-31T17:20:13","date_gmt":"2025-07-31T17:20:13","guid":{"rendered":"https:\/\/www.europesays.com\/fr\/287182\/"},"modified":"2025-07-31T17:20:13","modified_gmt":"2025-07-31T17:20:13","slug":"la-sideration-des-specialistes-du-double-chasses-du-mixte-par-les-stars-a-lus-open","status":"publish","type":"post","link":"https:\/\/www.europesays.com\/fr\/287182\/","title":{"rendered":"la sid\u00e9ration des sp\u00e9cialistes du double, chass\u00e9s du mixte par les stars \u00e0 l&rsquo;US Open"},"content":{"rendered":"<p>Les 16 paires inscrites en double mixte \u00e0 l&rsquo;US Open<\/p>\n<p>Jannik Sinner (ITA, 1er mondial) \/ Emma Navarro (USA, 11e mondiale)<br \/>Carlos Alcaraz (ESP, 2e) \/ Emma Raducanu (GBR, 33e)<br \/>Alexander Zverev (ALL, 3e) \/ Belinda Bencic (SUI, 20e)<br \/>Taylor Fritz (USA, 4e) \/ Elena Rybakina (KAZ, 12e)<br \/>Jack Draper (GBR, 5e) \/ Paula Badosa (ESP, 10e)<br \/>Novak Djokovic (SRB, 6e) \/ Olga Danilovic (SRB, 40e)<br \/>Ben Shelton (USA, 7e) \/ Taylor Townsend (USA, 1re en double)<br \/>Holger Rune (DAN, 9e) \/ Amanda Anisimova (USA, 7e)<br \/>Frances Tiafoe (USA, 12e) \/ Madison Keys (USA, 8e)<br \/>Casper Ruud (NOR, 13e) \/ Iga Swiatek (POL, 3e)<br \/>Daniil Medvedev (RUS, 14e) \/ Mirra Andreeva (RUS, 5e)<br \/>Tommy Paul (USA, 15e) \/ Jessica Pegula (USA, 4e)<br \/>Reilly Opelka (USA, 74e) \/ Venus Williams (non-class\u00e9e)<br \/>Andrea Vavassori (ITA, 12e en double) \/ Sara Errani (ITA, 6e en double)<br \/>\u00c0 d\u00e9finir<br \/>\u00c0 d\u00e9finir<\/p>\n","protected":false},"excerpt":{"rendered":"Les 16 paires inscrites en double mixte \u00e0 l&rsquo;US Open Jannik Sinner (ITA, 1er mondial) \/ Emma Navarro&hellip;\n","protected":false},"author":2,"featured_media":287183,"comment_status":"","ping_status":"","sticky":false,"template":"","format":"standard","meta":{"footnotes":""},"categories":[1415],"tags":[1011,27,60,1467],"class_list":{"0":"post-287182","1":"post","2":"type-post","3":"status-publish","4":"format-standard","5":"has-post-thumbnail","7":"category-tennis","8":"tag-fr","9":"tag-france","10":"tag-sports","11":"tag-tennis"},"share_on_mastodon":{"url":"https:\/\/pubeurope.com\/@fr\/114948998649234805","error":""},"_links":{"self":[{"href":"https:\/\/www.europesays.com\/fr\/wp-json\/wp\/v2\/posts\/287182","targetHints":{"allow":["GET"]}}],"collection":[{"href":"https:\/\/www.europesays.com\/fr\/wp-json\/wp\/v2\/posts"}],"about":[{"href":"https:\/\/www.europesays.com\/fr\/wp-json\/wp\/v2\/types\/post"}],"author":[{"embeddable":true,"href":"https:\/\/www.europesays.com\/fr\/wp-json\/wp\/v2\/users\/2"}],"replies":[{"embeddable":true,"href":"https:\/\/www.europesays.com\/fr\/wp-json\/wp\/v2\/comments?post=287182"}],"version-history":[{"count":0,"href":"https:\/\/www.europesays.com\/fr\/wp-json\/wp\/v2\/posts\/287182\/revisions"}],"wp:featuredmedia":[{"embeddable":true,"href":"https:\/\/www.europesays.com\/fr\/wp-json\/wp\/v2\/media\/287183"}],"wp:attachment":[{"href":"https:\/\/www.europesays.com\/fr\/wp-json\/wp\/v2\/media?parent=287182"}],"wp:term":[{"taxonomy":"category","embeddable":true,"href":"https:\/\/www.europesays.com\/fr\/wp-json\/wp\/v2\/categories?post=287182"},{"taxonomy":"post_tag","embeddable":true,"href":"https:\/\/www.europesays.com\/fr\/wp-json\/wp\/v2\/tags?post=287182"}],"curies":[{"name":"wp","href":"https:\/\/api.w.org\/{rel}","templated":true}]}}