{"id":287184,"date":"2025-07-31T17:21:49","date_gmt":"2025-07-31T17:21:49","guid":{"rendered":"https:\/\/www.europesays.com\/fr\/287184\/"},"modified":"2025-07-31T17:21:49","modified_gmt":"2025-07-31T17:21:49","slug":"le-calendrier-de-la-nf2-devoile","status":"publish","type":"post","link":"https:\/\/www.europesays.com\/fr\/287184\/","title":{"rendered":"Le calendrier de la NF2 d\u00e9voil\u00e9 !"},"content":{"rendered":"<p class=\"rtejustify\">Apr\u00e8s une belle saison et un maintien obtenu \u00e0 cinq journ\u00e9es de la fin,\u00a0nos F\u00e9minines sont impatientes de d\u00e9buter\u00a0le championnat ! De retour \u00e0 l&rsquo;entra\u00eenement\u00a0depuis la mi-ao\u00fbt, les joueuses du nouveau coach, <strong>L\u00e9o Dalger<\/strong>, sont focalis\u00e9es sur leur <strong>objectif de la saison : obtenir le maintien le plus t\u00f4t possible<\/strong> !\u00a0<\/p>\n<p class=\"rtejustify\">Dans l&rsquo;objectif de se pr\u00e9parer pour le d\u00e9but du championnat, les Rochelaises ont disput\u00e9 leur <strong>premier match de pr\u00e9-saison<\/strong> face au Centre de Formation de <strong>l&rsquo;UFAB,<\/strong> la semaine derni\u00e8re. Au coude-\u00e0-coude toute la rencontre, les\u00a0Maritimes <strong>se sont impos\u00e9es sur le fil<\/strong>, de deux unit\u00e9s. Puis, elles auront un second match de pr\u00e9partion le <strong>samedi 7 septembre<\/strong> face \u00e0 <strong>L&rsquo;Amboisi\u00e8res-Martin,\u00a0<\/strong>un bon test pour les Rochelaises puisque les deux \u00e9quipes \u00e9voluent dans la m\u00eame poule de NF2.<\/p>\n<p class=\"rtejustify\"><strong>Les Jaune et Noir d\u00e9buteront la comp\u00e9tition <\/strong>\u00e0 Gaston Neveur<strong>, le samedi 21\u00a0septembre \u00e0 20h00,\u00a0<\/strong>face \u00e0 la solide formation<strong>\u00a0d&rsquo;Avrill\u00e9,\u00a0<\/strong>avant de se d\u00e9placer \u00e0 <strong>Gimont<\/strong>, une \u00e9quipe qui descend de NF1, fin septembre !<\/p>\n<p class=\"rtejustify\"><strong>Des informations sur l&rsquo;effectif et les recrues seront communiqu\u00e9es prochainement, restez connect\u00e9s !<\/strong><\/p>\n<p>Le calendrier<\/p>\n","protected":false},"excerpt":{"rendered":"Apr\u00e8s une belle saison et un maintien obtenu \u00e0 cinq journ\u00e9es de la fin,\u00a0nos F\u00e9minines sont impatientes de&hellip;\n","protected":false},"author":2,"featured_media":287185,"comment_status":"","ping_status":"","sticky":false,"template":"","format":"standard","meta":{"footnotes":""},"categories":[1414],"tags":[1465,1464,1011,27,60],"class_list":{"0":"post-287184","1":"post","2":"type-post","3":"status-publish","4":"format-standard","5":"has-post-thumbnail","7":"category-basket","8":"tag-basket","9":"tag-basketball","10":"tag-fr","11":"tag-france","12":"tag-sports"},"share_on_mastodon":{"url":"https:\/\/pubeurope.com\/@fr\/114949006485837881","error":""},"_links":{"self":[{"href":"https:\/\/www.europesays.com\/fr\/wp-json\/wp\/v2\/posts\/287184","targetHints":{"allow":["GET"]}}],"collection":[{"href":"https:\/\/www.europesays.com\/fr\/wp-json\/wp\/v2\/posts"}],"about":[{"href":"https:\/\/www.europesays.com\/fr\/wp-json\/wp\/v2\/types\/post"}],"author":[{"embeddable":true,"href":"https:\/\/www.europesays.com\/fr\/wp-json\/wp\/v2\/users\/2"}],"replies":[{"embeddable":true,"href":"https:\/\/www.europesays.com\/fr\/wp-json\/wp\/v2\/comments?post=287184"}],"version-history":[{"count":0,"href":"https:\/\/www.europesays.com\/fr\/wp-json\/wp\/v2\/posts\/287184\/revisions"}],"wp:featuredmedia":[{"embeddable":true,"href":"https:\/\/www.europesays.com\/fr\/wp-json\/wp\/v2\/media\/287185"}],"wp:attachment":[{"href":"https:\/\/www.europesays.com\/fr\/wp-json\/wp\/v2\/media?parent=287184"}],"wp:term":[{"taxonomy":"category","embeddable":true,"href":"https:\/\/www.europesays.com\/fr\/wp-json\/wp\/v2\/categories?post=287184"},{"taxonomy":"post_tag","embeddable":true,"href":"https:\/\/www.europesays.com\/fr\/wp-json\/wp\/v2\/tags?post=287184"}],"curies":[{"name":"wp","href":"https:\/\/api.w.org\/{rel}","templated":true}]}}