{"id":28719,"date":"2025-04-16T07:27:08","date_gmt":"2025-04-16T07:27:08","guid":{"rendered":"https:\/\/www.europesays.com\/fr\/28719\/"},"modified":"2025-04-16T07:27:08","modified_gmt":"2025-04-16T07:27:08","slug":"ces-souvenirs-precieux-des-jo-de-paris-2024-exposes-a-marseille-voici-comment-les-voir","status":"publish","type":"post","link":"https:\/\/www.europesays.com\/fr\/28719\/","title":{"rendered":"Ces souvenirs pr\u00e9cieux des JO de Paris 2024 expos\u00e9s \u00e0 Marseille : voici comment les voir"},"content":{"rendered":"<p>            Par<br \/>\n        <strong><br \/>\n            <a href=\"https:\/\/actu.fr\/auteur\/fabien-binacchi\" title=\"Consulter tous les articles de Fabien Binacchi\" rel=\"nofollow noopener\" target=\"_blank\">Fabien Binacchi<\/a><br \/>\n        <\/strong><\/p>\n<p>        Publi\u00e9 le<\/p>\n<p>            16 avr. 2025 \u00e0 7h17        <\/p>\n<p>Ils ont \u00e9t\u00e9 <strong>vus par des centaines de millions de t\u00e9l\u00e9spectateurs<\/strong> \u00e0 travers le monde, <strong>peut-\u00eatre m\u00eame plusieurs milliards<\/strong>. Et ils s\u2019installent aujourd\u2019hui au mus\u00e9e.<\/p>\n<p class=\" wall-content\">Des costumes de la c\u00e9r\u00e9monie d\u2019ouverture des Jeux olympiques de Paris 2024 arrivent ce mercredi 16\u00a0avril <strong>dans les collections du <a href=\"https:\/\/actu.fr\/tag\/mucem\" rel=\"nofollow noopener\" target=\"_blank\">Mucem<\/a><\/strong>, \u00e0 <a href=\"https:\/\/actu.fr\/marseille\/\" rel=\"nofollow noopener\" target=\"_blank\">Marseille<\/a>.<\/p>\n<p class=\" wall-content\">On vous explique.<\/p>\n<p>Marseille se remet \u00e0 l\u2019heure des Jeux<\/p>\n<p class=\" wall-content\">Pr\u00e8s d\u2019un an apr\u00e8s avoir v\u00e9cu au rythme de <strong>la flamme, arriv\u00e9e d\u2019Olympie jusqu\u2019au Vieux-Port,<\/strong> en bateau, Marseille se remet \u00e0 l\u2019heure des Jeux de Paris 2024 ce mercredi 16\u00a0avril. Et plus particuli\u00e8rement de sa c\u00e9r\u00e9monie d\u2019ouverture.<\/p>\n<p class=\" wall-content\">En plus de <a href=\"https:\/\/actu.fr\/provence-alpes-cote-d-azur\/marseille_13055\/zeus-le-celebre-cheval-des-jo-de-paris-2024-a-marseille-une-operation-perilleuse_62514047.html\" rel=\"nofollow noopener\" target=\"_blank\">Zeus, le cheval m\u00e9canique et onirique qui avait \u00ab\u2009survol\u00e9\u2009\u00bb la Seine<\/a> et \u00e9merveill\u00e9 les t\u00e9l\u00e9spectateurs, visible au Mucem jusqu\u2019au 27\u00a0avril, le mus\u00e9e marseillais accueille \u00e9galement <strong>trois costumes embl\u00e9matiques du show<\/strong> orchestr\u00e9 par Thomas Joly\u2009:<\/p>\n<p>Vid\u00e9os : en ce moment sur Actu<\/p>\n<ul class=\" wall-content\">\n<li>celui du Porteur de flamme masqu\u00e9 qui a travers\u00e9 la capitale, parcourant les toits de Paris jusqu\u2019au parvis de la tour Eiffel,<\/li>\n<li>celui inspirait par Marie-Antoinette et dont la t\u00eate d\u00e9capit\u00e9e interpr\u00e9tait le chant r\u00e9volutionnaire \u00ab\u2009Ah\u2009! \u00e7a ira\u2009\u00bb,<\/li>\n<li>et l\u2019ensemble port\u00e9 par une vingtaine d\u2019athl\u00e8tes et para-athl\u00e8tes au cours de l\u2019ultime \u00e9tape du relais de la flamme vers la vasque olympique, dans le jardin des Tuileries.<\/li>\n<\/ul>\n<blockquote class=\"tiktok-embed\" cite=\"https:\/\/www.tiktok.com\/@actu.frmarseille\/video\/7493767505928785174\" data-video-id=\"7493767505928785174\" data-embed-from=\"oembed\" style=\"max-width:605px; min-width:325px;\"><p>\n<a target=\"_blank\" title=\"@actu.frmarseille\" href=\"https:\/\/www.tiktok.com\/@actu.frmarseille?refer=embed\" rel=\"nofollow noopener\">@actu.frmarseille<\/a> <\/p>\n<p><a title=\"marseille\" target=\"_blank\" href=\"https:\/\/www.tiktok.com\/tag\/marseille?refer=embed\" rel=\"nofollow noopener\">#Marseille<\/a> se remet \u00e0 l\u2019heure des @Jeux Olympiques de <a title=\"paris2024\" target=\"_blank\" href=\"https:\/\/www.tiktok.com\/tag\/paris2024?refer=embed\" rel=\"nofollow noopener\">#Paris2024<\/a> avec l\u2019exposition de trois costumes de la c\u00e9r\u00e9monie d\u2019ouverture au @Mucem <a title=\"mucem\" target=\"_blank\" href=\"https:\/\/www.tiktok.com\/tag\/mucem?refer=embed\" rel=\"nofollow noopener\">#mucem<\/a> <a title=\"jeuxolympiques\" target=\"_blank\" href=\"https:\/\/www.tiktok.com\/tag\/jeuxolympiques?refer=embed\" rel=\"nofollow noopener\">#jeuxolympiques<\/a> <a title=\"fy\" target=\"_blank\" href=\"https:\/\/www.tiktok.com\/tag\/fy?refer=embed\" rel=\"nofollow noopener\">#fy<\/a> <a title=\"foryou\" target=\"_blank\" href=\"https:\/\/www.tiktok.com\/tag\/foryou?refer=embed\" rel=\"nofollow noopener\">#foryou<\/a> <a title=\"pourtoi\" target=\"_blank\" href=\"https:\/\/www.tiktok.com\/tag\/pourtoi?refer=embed\" rel=\"nofollow noopener\">#pourtoi<\/a> <\/p>\n<p> <a target=\"_blank\" title=\"\u266c Hymne \u00e0 l&#039;amour (Live aux Jeux Olympiques de Paris 2024 \/ Live from the Olympic Games Paris 2024) - C\u00e9line Dion\" href=\"https:\/\/www.tiktok.com\/music\/Hymne-%C3%A0-l&#039;amour-Live-aux-Jeux-Olympiques-de-Paris-2024-Live-from-the-Olympic-Games-Paris-2024-7420860073541928961?refer=embed\" rel=\"nofollow noopener\">\u266c Hymne \u00e0 l\u2019amour (Live aux Jeux Olympiques de Paris 2024 \/ Live from the Olympic Games Paris 2024) \u2013 C\u00e9line Dion<\/a> <\/p>\n<\/blockquote>\n<p>Pr\u00e9sent\u00e9 dans l\u2019exposition \u00ab\u2009Populaire\u2009?\u2009\u00bb<\/p>\n<p class=\" wall-content\">Le comit\u00e9 d\u2019organisation des JO de Paris 2024 en fait <strong>don au Mucem<\/strong>. Ils int\u00e8grent les collections du mus\u00e9e et sont pr\u00e9sent\u00e9s dans le cadre de son exposition \u00ab\u2009Populaire\u2009?\u2009\u00bb.<\/p>\n<blockquote class=\"ac-article-quote wall-content\">\n<p>C&rsquo;\u00e9tait une \u00e9vidence. Les Jeux olympiques sont l&rsquo;\u00e9v\u00e9nement populaire par excellence.<\/p>\n<p>    <strong>Marie-Charlotte Calafat<\/strong><br \/>\n        Directrice scientifique et des collections du Mucem    <\/p><\/blockquote>\n<p class=\" wall-content\">L\u2019un des exemplaires du costume du Porteur de flamme est mis en sc\u00e8ne avec <strong>plusieurs des prototypes<\/strong> que l\u2019\u00e9quipe de l\u2019animatrice Daphn\u00e9 B\u00fcrki, directrice \u00ab\u2009stylisme et costumes\u2009\u00bb des quatre c\u00e9r\u00e9monies d\u2019ouverture et de cl\u00f4ture des Jeux olympiques et paralympiques de Paris 2024, avait d\u00e9velopp\u00e9s dans le plus grand secret.<\/p>\n<p class=\" wall-content\">Comme celui, <strong>rouge sang<\/strong>, inspir\u00e9e par Marie-Antoinette, con\u00e7u pour une s\u00e9quence tr\u00e8s remarqu\u00e9e \u00e0 la Conciergerie qui avait\u2026 fait tourner les t\u00eates.<\/p>\n<p class=\" wall-content\">L\u2019ensemble des derniers relayeurs, ceux qui avaient amen\u00e9 la flamme jusqu\u2019\u00e0 la fameuse vasque, port\u00e9e par un ballon, est \u00e9galement expos\u00e9 avec des pr\u00e9cisions\u2009: il a \u00e9t\u00e9 dessin\u00e9 par D\u00e9cathlon comme <strong>\u00ab\u2009une tenue inclusive\u2009\u00bb<\/strong>, la m\u00eame pour tous les sportifs.<\/p>\n<p>Visible jusqu\u2019au mois de novembre<\/p>\n<p class=\" wall-content\">Ces pi\u00e8ces seront visibles par le public jusqu\u2019au mois de novembre. Elles iront ensuite retrouver<strong>\u00a0les r\u00e9serves du mus\u00e9e<\/strong> marseillais en attendant une prochaine exposition.<\/p>\n<blockquote class=\"ac-article-quote wall-content\">\n<p>Les textiles sont des mat\u00e9riaux tr\u00e8s sensibles, \u00e0 la lumi\u00e8re notamment. Elle peut les d\u00e9grader. Et il est tr\u00e8s important de les faire se reposer. Notre sujet, c&rsquo;est de conserver ces costumes pour des g\u00e9n\u00e9rations, de conserver la m\u00e9moire de ceux qui les ont port\u00e9s et de ceux qui les ont con\u00e7us.<\/p>\n<p>    <strong>Marie-Charlotte Calafat<\/strong>\n            <\/p><\/blockquote>\n<p class=\" wall-content\">En attendant qu\u2019ils repartent \u00e0 l\u2019abri des regards, ces t\u00e9moins de l\u2019histoire des Jeux olympiques sont \u00e0 d\u00e9couvrir au Mucem d\u00e8s ce mercredi 16\u00a0avril, jour d\u2019inauguration. L\u2019acc\u00e8s au mus\u00e9e est <strong>\u00ab\u2009exceptionnellement\u2009\u00bb gratuit<\/strong> pour l\u2019occasion.<\/p>\n<p class=\" wall-content\">Suivez toute l\u2019actualit\u00e9 de vos villes et m\u00e9dias favoris en vous inscrivant \u00e0 <a href=\"https:\/\/moncompte.actu.fr\" title=\"D\u00e9couvez Mon Actu\" rel=\"nofollow noopener\" data-trk=\"{&quot;cta&quot;:{&quot;action&quot;:&quot;https:\\\/\\\/moncompte.actu.fr&quot;,&quot;category&quot;:&quot;mon compte&quot;,&quot;from&quot;:&quot;article footer&quot;,&quot;name&quot;:&quot;Mon actu&quot;,&quot;type&quot;:&quot;cta&quot;}}\" target=\"_blank\">Mon Actu<\/a>.<\/p>\n<p>                    <script async src=\"\/\/www.tiktok.com\/embed.js\"><\/script><\/p>\n","protected":false},"excerpt":{"rendered":"Par Fabien Binacchi Publi\u00e9 le 16 avr. 2025 \u00e0 7h17 Ils ont \u00e9t\u00e9 vus par des centaines de&hellip;\n","protected":false},"author":2,"featured_media":28720,"comment_status":"","ping_status":"","sticky":false,"template":"","format":"standard","meta":{"footnotes":""},"categories":[1888],"tags":[1111,1928,11,1927,1777,674,1011,27,3996,7941,6864,12,1926,626,1925,25],"class_list":{"0":"post-28719","1":"post","2":"type-post","3":"status-publish","4":"format-standard","5":"has-post-thumbnail","7":"category-paris","8":"tag-actu","9":"tag-actu-paris","10":"tag-actualites","11":"tag-actualites-paris","12":"tag-eu","13":"tag-europe","14":"tag-fr","15":"tag-france","16":"tag-jeux-olympiques","17":"tag-jo-paris-2024","18":"tag-mucem","19":"tag-news","20":"tag-news-paris","21":"tag-paris","22":"tag-paris-news","23":"tag-republique-francaise"},"share_on_mastodon":{"url":"https:\/\/pubeurope.com\/@fr\/114346462046979926","error":""},"_links":{"self":[{"href":"https:\/\/www.europesays.com\/fr\/wp-json\/wp\/v2\/posts\/28719","targetHints":{"allow":["GET"]}}],"collection":[{"href":"https:\/\/www.europesays.com\/fr\/wp-json\/wp\/v2\/posts"}],"about":[{"href":"https:\/\/www.europesays.com\/fr\/wp-json\/wp\/v2\/types\/post"}],"author":[{"embeddable":true,"href":"https:\/\/www.europesays.com\/fr\/wp-json\/wp\/v2\/users\/2"}],"replies":[{"embeddable":true,"href":"https:\/\/www.europesays.com\/fr\/wp-json\/wp\/v2\/comments?post=28719"}],"version-history":[{"count":0,"href":"https:\/\/www.europesays.com\/fr\/wp-json\/wp\/v2\/posts\/28719\/revisions"}],"wp:featuredmedia":[{"embeddable":true,"href":"https:\/\/www.europesays.com\/fr\/wp-json\/wp\/v2\/media\/28720"}],"wp:attachment":[{"href":"https:\/\/www.europesays.com\/fr\/wp-json\/wp\/v2\/media?parent=28719"}],"wp:term":[{"taxonomy":"category","embeddable":true,"href":"https:\/\/www.europesays.com\/fr\/wp-json\/wp\/v2\/categories?post=28719"},{"taxonomy":"post_tag","embeddable":true,"href":"https:\/\/www.europesays.com\/fr\/wp-json\/wp\/v2\/tags?post=28719"}],"curies":[{"name":"wp","href":"https:\/\/api.w.org\/{rel}","templated":true}]}}