{"id":287192,"date":"2025-07-31T17:26:12","date_gmt":"2025-07-31T17:26:12","guid":{"rendered":"https:\/\/www.europesays.com\/fr\/287192\/"},"modified":"2025-07-31T17:26:12","modified_gmt":"2025-07-31T17:26:12","slug":"mercato-om-le-club-officialise-le-retour-de-pierre-emerick-aubameyang","status":"publish","type":"post","link":"https:\/\/www.europesays.com\/fr\/287192\/","title":{"rendered":"Mercato OM. Le club officialise le retour de Pierre-Emerick Aubameyang"},"content":{"rendered":"<p>Un an apr\u00e8s avoir quitt\u00e9 l&rsquo;Olympique \u00e0 l&rsquo;issue d&rsquo;une saison lors de laquelle il avait port\u00e9 quasiment \u00e0 lui seul une \u00e9quipe morose et brinquebalante (30 buts toutes comp\u00e9titions confondues), \u00ab\u00a0Auba\u00a0\u00bb est de retour. \u00c0 36 ans, il a rompu le contrat qui le liait au club saoudien d&rsquo;Al-Qadsiah <a href=\"https:\/\/www.laprovence.com\/article\/om\/15422530173155\/mercato-om-aubameyang-de-retour-a-marseille-le-choix-du-coeur\" target=\"_blank\" rel=\"noopener\">pour revenir \u00e0 Marseille<\/a> o\u00f9 il a \u00e9marg\u00e9 pour deux saisons.\u00a0<\/p>\n<p>Il sera pr\u00e9sent\u00e9 en conf\u00e9rence de presse ce vendredi \u00e0 15h, en direct sur la cha\u00eene Twitch de l&rsquo;OM.<\/p>\n","protected":false},"excerpt":{"rendered":"Un an apr\u00e8s avoir quitt\u00e9 l&rsquo;Olympique \u00e0 l&rsquo;issue d&rsquo;une saison lors de laquelle il avait port\u00e9 quasiment \u00e0&hellip;\n","protected":false},"author":2,"featured_media":287193,"comment_status":"","ping_status":"","sticky":false,"template":"","format":"standard","meta":{"footnotes":""},"categories":[1410],"tags":[17,39855,5244,63,1011,27,1434,28960,149,42588,8133,60],"class_list":{"0":"post-287192","1":"post","2":"type-post","3":"status-publish","4":"format-standard","5":"has-post-thumbnail","7":"category-football","8":"tag-17","9":"tag-aubameyang","10":"tag-club","11":"tag-football","12":"tag-fr","13":"tag-france","14":"tag-mercato","15":"tag-officialise","16":"tag-om","17":"tag-pierre-emerick","18":"tag-retour","19":"tag-sports"},"share_on_mastodon":{"url":"https:\/\/pubeurope.com\/@fr\/114949022282724521","error":""},"_links":{"self":[{"href":"https:\/\/www.europesays.com\/fr\/wp-json\/wp\/v2\/posts\/287192","targetHints":{"allow":["GET"]}}],"collection":[{"href":"https:\/\/www.europesays.com\/fr\/wp-json\/wp\/v2\/posts"}],"about":[{"href":"https:\/\/www.europesays.com\/fr\/wp-json\/wp\/v2\/types\/post"}],"author":[{"embeddable":true,"href":"https:\/\/www.europesays.com\/fr\/wp-json\/wp\/v2\/users\/2"}],"replies":[{"embeddable":true,"href":"https:\/\/www.europesays.com\/fr\/wp-json\/wp\/v2\/comments?post=287192"}],"version-history":[{"count":0,"href":"https:\/\/www.europesays.com\/fr\/wp-json\/wp\/v2\/posts\/287192\/revisions"}],"wp:featuredmedia":[{"embeddable":true,"href":"https:\/\/www.europesays.com\/fr\/wp-json\/wp\/v2\/media\/287193"}],"wp:attachment":[{"href":"https:\/\/www.europesays.com\/fr\/wp-json\/wp\/v2\/media?parent=287192"}],"wp:term":[{"taxonomy":"category","embeddable":true,"href":"https:\/\/www.europesays.com\/fr\/wp-json\/wp\/v2\/categories?post=287192"},{"taxonomy":"post_tag","embeddable":true,"href":"https:\/\/www.europesays.com\/fr\/wp-json\/wp\/v2\/tags?post=287192"}],"curies":[{"name":"wp","href":"https:\/\/api.w.org\/{rel}","templated":true}]}}