{"id":287196,"date":"2025-07-31T17:29:31","date_gmt":"2025-07-31T17:29:31","guid":{"rendered":"https:\/\/www.europesays.com\/fr\/287196\/"},"modified":"2025-07-31T17:29:31","modified_gmt":"2025-07-31T17:29:31","slug":"leditrice-joelle-losfeld-quitte-gallimard-pour-relancer-sa-propre-maison","status":"publish","type":"post","link":"https:\/\/www.europesays.com\/fr\/287196\/","title":{"rendered":"L&rsquo;\u00e9ditrice Jo\u00eblle Losfeld quitte Gallimard pour relancer sa propre maison"},"content":{"rendered":"<p>Cette nouvelle structure, dont le lancement est programm\u00e9 pour d\u00e9but 2026, se nommera le Terrain Vague-Losfeld et sera financ\u00e9e en partie gr\u00e2ce \u00e0 un h\u00e9ritage familial.<\/p>\n<p>Apr\u00e8s plus de vingt ans pass\u00e9s au sein de groupe <a href=\"https:\/\/www.bfmtv.com\/culture\/affaire-kamel-daoud-gallimard-denonce-les-paralleles-forces-entre-houris-et-la-vie-de-son-accusatrice_AD-202505130506.html\" title=\"Affaire Kamel Daoud: Gallimard d\u00e9nonce les &quot;parall\u00e8les forc\u00e9s&quot; entre &quot;Houris&quot; et la vie de son accusatrice\" class=\"internal_link\" rel=\"nofollow noopener\" target=\"_blank\">Gallimard<\/a>, Jo\u00eblle Losfeld, 73 ans, quitte le groupe d&rsquo;\u00e9dition pour recr\u00e9er sa propre structure ind\u00e9pendante, a-t-elle indiqu\u00e9 jeudi \u00e0 l&rsquo;AFP, confirmant une information du journal Lib\u00e9ration.<\/p>\n<p>\u00ab\u00a0Je ne suis pas une tr\u00e8s grande fan des grandes entreprises et j&rsquo;ai envie de finir ma vie professionnelle en renouant avec qui j&rsquo;\u00e9tais au d\u00e9part, c&rsquo;est-\u00e0-dire une petite structure o\u00f9 je peux publier ce que je veux\u00a0\u00bb, a-t-elle pr\u00e9cis\u00e9.<\/p>\n<blockquote class=\"embed embed_quote\"><p>\u00ab\u00a0Non pas que Gallimard m&rsquo;ait emp\u00each\u00e9e de publier ce que je voulais, mais j&rsquo;\u00e9tais cantonn\u00e9e aux romans\u00a0\u00bb, a-t-elle ajout\u00e9.<\/p><\/blockquote>\n<p>Lancement d\u00e9but 2026<\/p>\n<p>Jo\u00eblle Losfeld quitte Gallimard en conservant la propri\u00e9t\u00e9 de son nom, qu&rsquo;elle n&rsquo;a jamais c\u00e9d\u00e9, tout en laissant \u00e0 l&rsquo;\u00e9diteur la gestion de son fonds.<\/p>\n<blockquote class=\"embed embed_quote\"><p>\u00ab\u00a0On cog\u00e8re ensemble ce catalogue. Si Gallimard veut republier un livre ou le mettre au pilon (d\u00e9truits pour que le papier soit recycl\u00e9), il me demandera la permission\u00a0\u00bb, a-t-elle dit.<\/p><\/blockquote>\n<p>Cette nouvelle structure, dont le lancement est programm\u00e9 pour d\u00e9but 2026, sera financ\u00e9e en partie gr\u00e2ce \u00e0 un h\u00e9ritage familial. Elle se nommera le Terrain Vague-Losfeld, en r\u00e9f\u00e9rence au nom de sa premi\u00e8re soci\u00e9t\u00e9. \u00ab\u00a0C&rsquo;est la boucle finale\u00a0\u00bb, estime-t-elle.<\/p>\n<p>Fille de l&rsquo;\u00e9diteur franco-belge \u00c9ric Losfeld, fondateur de la maison d&rsquo;\u00e9dition Le Terrain Vague &#8211; c\u00e9l\u00e8bre pour ses publications surr\u00e9alistes et \u00e9rotiques telles qu&rsquo;Emmanuelle d&rsquo;Emmanuelle Arsan &#8211; Jo\u00eblle Losfeld reprend les r\u00eanes de la soci\u00e9t\u00e9 \u00e0 sa mort en 1979, en y associant son nom.<\/p>\n<p>Un catalogue qui m\u00eale litt\u00e9ratures fran\u00e7aise et \u00e9trang\u00e8re<\/p>\n<p>Confront\u00e9e \u00e0 des difficult\u00e9s \u00e9conomiques, elle met fin \u00e0 cette premi\u00e8re aventure \u00e9ditoriale avant de fonder une maison d&rsquo;\u00e9dition \u00e0 son nom en 1991. Elle s&rsquo;associe au groupe Mango de 1997 \u00e0 2003, date \u00e0 laquelle sa structure int\u00e8gre les \u00e9ditions Gallimard.<\/p>\n<p>Son catalogue, nourri d&rsquo;une quinzaine de titres par an, m\u00eale litt\u00e9ratures fran\u00e7aise et \u00e9trang\u00e8re et se distingue par \u00ab\u00a0un regard en marge port\u00e9 par un style original et un imaginaire au service de la cr\u00e9ation litt\u00e9raire\u00a0\u00bb, d\u00e9crit Gallimard sur son site.<\/p>\n<p>Jo\u00eblle Losfeld a notamment contribu\u00e9 \u00e0 faire conna\u00eetre en France des auteurs anglophones tels que Janet Frame, John Meade Falkner, Paula Fox, Kate O&rsquo;Riordan ou encore John Cheever.<\/p>\n<p>En 1999, le succ\u00e8s inattendu du roman Effroyables jardins de Michel Quint donne une visibilit\u00e9 nouvelle \u00e0 sa maison. Elle est \u00e9galement \u00e0 l&rsquo;origine de la r\u00e9\u00e9dition des oeuvres compl\u00e8tes de l&rsquo;\u00e9crivain \u00e9gyptien francophone Albert Cossery, grand prix de la francophonie en 1990.<\/p>\n","protected":false},"excerpt":{"rendered":"Cette nouvelle structure, dont le lancement est programm\u00e9 pour d\u00e9but 2026, se nommera le Terrain Vague-Losfeld et sera&hellip;\n","protected":false},"author":2,"featured_media":287197,"comment_status":"","ping_status":"","sticky":false,"template":"","format":"standard","meta":{"footnotes":""},"categories":[1357],"tags":[1379,58,59,1011,27,1380],"class_list":{"0":"post-287196","1":"post","2":"type-post","3":"status-publish","4":"format-standard","5":"has-post-thumbnail","7":"category-livres","8":"tag-books","9":"tag-divertissement","10":"tag-entertainment","11":"tag-fr","12":"tag-france","13":"tag-livres"},"share_on_mastodon":{"url":"https:\/\/pubeurope.com\/@fr\/114949034089141645","error":""},"_links":{"self":[{"href":"https:\/\/www.europesays.com\/fr\/wp-json\/wp\/v2\/posts\/287196","targetHints":{"allow":["GET"]}}],"collection":[{"href":"https:\/\/www.europesays.com\/fr\/wp-json\/wp\/v2\/posts"}],"about":[{"href":"https:\/\/www.europesays.com\/fr\/wp-json\/wp\/v2\/types\/post"}],"author":[{"embeddable":true,"href":"https:\/\/www.europesays.com\/fr\/wp-json\/wp\/v2\/users\/2"}],"replies":[{"embeddable":true,"href":"https:\/\/www.europesays.com\/fr\/wp-json\/wp\/v2\/comments?post=287196"}],"version-history":[{"count":0,"href":"https:\/\/www.europesays.com\/fr\/wp-json\/wp\/v2\/posts\/287196\/revisions"}],"wp:featuredmedia":[{"embeddable":true,"href":"https:\/\/www.europesays.com\/fr\/wp-json\/wp\/v2\/media\/287197"}],"wp:attachment":[{"href":"https:\/\/www.europesays.com\/fr\/wp-json\/wp\/v2\/media?parent=287196"}],"wp:term":[{"taxonomy":"category","embeddable":true,"href":"https:\/\/www.europesays.com\/fr\/wp-json\/wp\/v2\/categories?post=287196"},{"taxonomy":"post_tag","embeddable":true,"href":"https:\/\/www.europesays.com\/fr\/wp-json\/wp\/v2\/tags?post=287196"}],"curies":[{"name":"wp","href":"https:\/\/api.w.org\/{rel}","templated":true}]}}