{"id":287198,"date":"2025-07-31T17:30:27","date_gmt":"2025-07-31T17:30:27","guid":{"rendered":"https:\/\/www.europesays.com\/fr\/287198\/"},"modified":"2025-07-31T17:30:27","modified_gmt":"2025-07-31T17:30:27","slug":"coralie-maries-au-premier-regard-franchit-une-grande-etape-avec-son-compagnon-mickael","status":"publish","type":"post","link":"https:\/\/www.europesays.com\/fr\/287198\/","title":{"rendered":"Coralie (Mari\u00e9s au premier regard) franchit une grande \u00e9tape avec son compagnon Micka\u00ebl"},"content":{"rendered":"<p>Coralie, candidate de la saison 9 de Mari\u00e9s au premier regard diffus\u00e9e au printemps, avait confirm\u00e9 sa rupture avec Bruno quelques semaines apr\u00e8s le tournage et annonc\u00e9, dans le m\u00eame temps, qu&rsquo;elle avait retrouv\u00e9 l&rsquo;amour aupr\u00e8s d&rsquo;un certain Micka\u00ebl. Quelques mois apr\u00e8s l&rsquo;officialisation de leur relation, ils ont d\u00e9cid\u00e9 de s&rsquo;installer ensemble ! <\/p>\n<p>C&rsquo;est un cap ou pas cap que Coralie a accept\u00e9 avec plaisir. La candidate de <a href=\"https:\/\/www.programme-tv.net\/news\/tele-realite\/371158-maries-au-premier-regard-2025-date-de-diffusion-deux-expertes-nouveautes-les-premieres-infos-sur-la-saison-9\/\" data-api-deeplink=\"teleloisirs:\/\/news\/371158\" target=\"_blank\" rel=\"noopener\">Mari\u00e9s au premier regard 2025<\/a>, qui s&rsquo;est achev\u00e9 d\u00e9but juin sur M6, a annonc\u00e9 une bonne nouvelle ce jeudi sur son compte Instagram. Quelques mois apr\u00e8s sa rupture avec Bruno, avec qui elle \u00e9tait compatible \u00e0 78\u00a0% selon les expertes du programme, <b>elle va commencer une nouvelle vie<\/b><a href=\"https:\/\/www.programme-tv.net\/news\/tele-realite\/381476-surprise-coralie-maries-au-premier-regard-2025-annonce-avoir-retrouve-l-amour-apres-son-divorce-avec-bruno\/\" data-api-deeplink=\"teleloisirs:\/\/news\/381476\" target=\"_blank\" rel=\"noopener\"> dans les bras d&rsquo;un autre homme, Micka\u00ebl<\/a>. En effet, Coralie passera l&rsquo;\u00e9t\u00e9 dans les cartons puisqu&rsquo;elle pr\u00e9voit d&#8217;emm\u00e9nager \u00e0 la rentr\u00e9e avec son nouveau ch\u00e9ri pour qui elle avait eu un coup de foudre il y a quelques ann\u00e9es, bien avant de participer \u00e0 l&rsquo;\u00e9mission.<\/p>\n<p>Coralie (Mari\u00e9s au premier regard 2025) emm\u00e9nage avec son petit ami Micka\u00ebl : \u00ab\u00a0Il a \u00e9t\u00e9 mon coup de foudre\u00a0\u00bb<\/p>\n<p>Micka\u00ebl est entrepreneur dans le b\u00e2timent et s&rsquo;est install\u00e9 il y a quelque temps au Maroc, o\u00f9 Coralie le rejoint r\u00e9guli\u00e8rement. Mais d\u00e8s la rentr\u00e9e, l&rsquo;infirmi\u00e8re lib\u00e9rale exer\u00e7ant \u00e0 Saint-Rapha\u00ebl n&rsquo;aura <a href=\"https:\/\/www.programme-tv.net\/news\/tele-realite\/382799-on-y-pense-coralie-maries-au-premier-regard-2025-fait-une-grande-annonce-sur-son-couple-avec-mickael\/\" data-api-deeplink=\"teleloisirs:\/\/news\/382799\" target=\"_blank\" rel=\"noopener\">plus besoin de faire les allers-retours<\/a> pour voir son ch\u00e9ri. Elle a annonc\u00e9 \u00e0 ses abonn\u00e9s que son d\u00e9m\u00e9nagement arrivait tr\u00e8s vite. \u00ab\u00a0\u00c9videmment, <b>c&rsquo;est super rapide, mais je le ressens au fond de moi comme une \u00e9vidence&#8230; <\/b>Avec Micka\u00ebl, <a href=\"https:\/\/www.programme-tv.net\/news\/tele-realite\/383471-j-avais-une-famille-des-enfants-mickael-le-compagnon-de-coralie-maries-au-premier-regard-2025-revient-sur-leur-premiere-rencontre\/\" data-api-deeplink=\"teleloisirs:\/\/news\/383471\" target=\"_blank\" rel=\"noopener\">on s&rsquo;est rencontr\u00e9s il y a quatre ans<\/a>, il a \u00e9t\u00e9 mon coup de foudre mais notre histoire n&rsquo;\u00e9tait pas possible\u00a0\u00bb, a soulign\u00e9 la jeune femme. Et d&rsquo;ajouter : \u00ab\u00a0On a lutt\u00e9, on s&rsquo;est fait mal, on a coup\u00e9 tout contact pendant des ann\u00e9es&#8230; Mais oui je le savais, c&rsquo;\u00e9tait d\u00e9j\u00e0 en moi\u00a0\u00bb. <b>Leurs retrouvailles, apr\u00e8s sa rupture avec Bruno, ont \u00e9t\u00e9 intenses <\/b>et les deux amoureux ne veulent plus perdre de temps. \u00ab\u00a0Aujourd&rsquo;hui, nous nous retrouvons et je n&rsquo;ai jamais \u00e9t\u00e9 aussi heureuse et align\u00e9e avec mes choix et mon c\u0153ur. Je serai plus malheureuse de ne pas essayer que de croire en mes r\u00eaves et en nous\u00a0\u00bb, a-t-elle insist\u00e9. Malgr\u00e9 la rapidit\u00e9 de cet emm\u00e9nagement, Coralie est s\u00fbre de son choix : \u00ab\u00a0Je sais que je suis exactement \u00e0 la bonne place \u00e0 ses c\u00f4t\u00e9s\u00a0\u00bb, a-t-elle ajout\u00e9.<\/p>\n<p>                        Coralie (Mari\u00e9s au premier regard 2025) r\u00e9v\u00e8le si elle va garder son m\u00e9tier malgr\u00e9 son d\u00e9m\u00e9nagement au Maroc<\/p>\n<p>Coralie va mettre en vente son cabinet et proposer sa maison et son studio \u00e0 la location. Concernant la poursuite de son m\u00e9tier, la candidate n&rsquo;a pas encore tranch\u00e9. \u00ab\u00a0<b>Je suis en train de me renseigner&#8230; <\/b>J&rsquo;ai \u00e9t\u00e9 titulaire de mon propre cabinet pendant presque 12 ans, mon travail est ma passion. Si j&rsquo;exerce, il faut que je me sente bien dans le travail que je choisis alors c&rsquo;est une r\u00e9flexion \u00e0 avoir\u00a0\u00bb, a-t-elle expliqu\u00e9 \u00e0 ses abonn\u00e9s.<\/p>\n","protected":false},"excerpt":{"rendered":"Coralie, candidate de la saison 9 de Mari\u00e9s au premier regard diffus\u00e9e au printemps, avait confirm\u00e9 sa rupture&hellip;\n","protected":false},"author":2,"featured_media":287199,"comment_status":"","ping_status":"","sticky":false,"template":"","format":"standard","meta":{"footnotes":""},"categories":[1356],"tags":[23614,244,23613,58,59,1011,27,494,5214,252,1364],"class_list":{"0":"post-287198","1":"post","2":"type-post","3":"status-publish","4":"format-standard","5":"has-post-thumbnail","7":"category-television","8":"tag-bruno-mariu00e9s-au-premier-regard-9","9":"tag-commentaire","10":"tag-coralie-mariu00e9s-au-premier-regard-9","11":"tag-divertissement","12":"tag-entertainment","13":"tag-fr","14":"tag-france","15":"tag-m6","16":"tag-mariu00e9s-au-premier-regard","17":"tag-television","18":"tag-tv"},"share_on_mastodon":{"url":"https:\/\/pubeurope.com\/@fr\/114949038077645084","error":""},"_links":{"self":[{"href":"https:\/\/www.europesays.com\/fr\/wp-json\/wp\/v2\/posts\/287198","targetHints":{"allow":["GET"]}}],"collection":[{"href":"https:\/\/www.europesays.com\/fr\/wp-json\/wp\/v2\/posts"}],"about":[{"href":"https:\/\/www.europesays.com\/fr\/wp-json\/wp\/v2\/types\/post"}],"author":[{"embeddable":true,"href":"https:\/\/www.europesays.com\/fr\/wp-json\/wp\/v2\/users\/2"}],"replies":[{"embeddable":true,"href":"https:\/\/www.europesays.com\/fr\/wp-json\/wp\/v2\/comments?post=287198"}],"version-history":[{"count":0,"href":"https:\/\/www.europesays.com\/fr\/wp-json\/wp\/v2\/posts\/287198\/revisions"}],"wp:featuredmedia":[{"embeddable":true,"href":"https:\/\/www.europesays.com\/fr\/wp-json\/wp\/v2\/media\/287199"}],"wp:attachment":[{"href":"https:\/\/www.europesays.com\/fr\/wp-json\/wp\/v2\/media?parent=287198"}],"wp:term":[{"taxonomy":"category","embeddable":true,"href":"https:\/\/www.europesays.com\/fr\/wp-json\/wp\/v2\/categories?post=287198"},{"taxonomy":"post_tag","embeddable":true,"href":"https:\/\/www.europesays.com\/fr\/wp-json\/wp\/v2\/tags?post=287198"}],"curies":[{"name":"wp","href":"https:\/\/api.w.org\/{rel}","templated":true}]}}