{"id":287204,"date":"2025-07-31T17:33:12","date_gmt":"2025-07-31T17:33:12","guid":{"rendered":"https:\/\/www.europesays.com\/fr\/287204\/"},"modified":"2025-07-31T17:33:12","modified_gmt":"2025-07-31T17:33:12","slug":"dijon-un-cas-de-dengue-signale-dans-le-quartier-des-bourroches","status":"publish","type":"post","link":"https:\/\/www.europesays.com\/fr\/287204\/","title":{"rendered":"Dijon. Un cas de dengue signal\u00e9 dans le quartier des Bourroches"},"content":{"rendered":"<p>Pendant trois heures, dans les rues du quartier des Bourroches, un camion a effectu\u00e9 une op\u00e9ration de d\u00e9moustication, en pulv\u00e9risant un insecticide contre le moustique-tigre, suite \u00e0 un cas de dengue recens\u00e9.<\/p>\n<p>L\u2019op\u00e9ration a \u00e9t\u00e9 r\u00e9alis\u00e9e par l\u2019Entente Interd\u00e9partementale Rh\u00f4ne-Alpes pour la D\u00e9moustication (EIRAD), missionn\u00e9e par l\u2019ARS de Bourgogne-Franche-Comt\u00e9.<\/p>\n<p>  Un cas de dengue import\u00e9<\/p>\n<p>C\u2019est dans le quartier des Bourroches qu\u2019une personne a d\u00e9couvert \u00eatre atteinte de la dengue, apr\u00e8s avoir contract\u00e9 la maladie lors d\u2019un s\u00e9jour \u00e0 l\u2019\u00e9tranger. L\u2019ARS a donc diligent\u00e9 une enqu\u00eate entomologique, le 24\u00a0juillet, qui a r\u00e9v\u00e9l\u00e9 la pr\u00e9sence de moustiques tigres \u00ab\u00a0\u00e0 l\u2019int\u00e9rieur du p\u00e9rim\u00e8tre d\u2019un site fr\u00e9quent\u00e9\u00a0\u00bb par la personne malade\u00a0: en effet, une fois \u00ab\u00a0import\u00e9\u00a0\u00bb, un cas de dengue peut se propager si la personne infect\u00e9e est piqu\u00e9e par un moustique tigre, qui ira transmettre la maladie en piquant d\u2019autres individus.<\/p>\n<p>  Un traitement pulv\u00e9ris\u00e9 dans l\u2019air<\/p>\n<p>L\u2019ARS a donc, conform\u00e9ment au code de la Sant\u00e9 Publique, charg\u00e9 l\u2019EIRAD de proc\u00e9der \u00e0 un \u00ab\u00a0traitement adulticide\u00a0\u00bb, et ce dans un rayon de 150 m\u00e8tres autour du lieu fr\u00e9quent\u00e9 par la personne atteinte de dengue. L\u2019op\u00e9ration s\u2019est d\u00e9roul\u00e9e dans la nuit du 30 au 31\u00a0juillet 2025, entre 2 et 5 heures du matin.<\/p>\n<p>L\u2019apparition d\u2019un nouveau cas de dengue <a href=\"https:\/\/www.bienpublic.com\/sante\/2025\/07\/09\/un-cas-de-dengue-detecte-quartier-mansart\" target=\"_blank\" rel=\"noopener\">fait suite \u00e0 celui d\u00e9tect\u00e9 quartier Mansart au d\u00e9but du mois<\/a>. Le malade s\u2019\u00e9tait rendu dans une zone o\u00f9 la pr\u00e9sence de moustiques-tigres avait \u00e9t\u00e9 \u00e9tablie. L\u2019ARS a indiqu\u00e9 que \u00ab\u00a0l\u2019\u00e9valuation post-traitement r\u00e9alis\u00e9e ce matin (jeudi 31\u00a0juillet) montre l\u2019absence de moustiques adultes dans le p\u00e9rim\u00e8tre trait\u00e9\u00a0\u00bb.<\/p>\n","protected":false},"excerpt":{"rendered":"Pendant trois heures, dans les rues du quartier des Bourroches, un camion a effectu\u00e9 une op\u00e9ration de d\u00e9moustication,&hellip;\n","protected":false},"author":2,"featured_media":287205,"comment_status":"","ping_status":"","sticky":false,"template":"","format":"standard","meta":{"footnotes":""},"categories":[10],"tags":[2930,8587,8588,107,1011,27,72,71,104],"class_list":{"0":"post-287204","1":"post","2":"type-post","3":"status-publish","4":"format-standard","5":"has-post-thumbnail","7":"category-sante","8":"tag-dijon","9":"tag-dijon-ville","10":"tag-edition-dijon-et-son-agglomeration","11":"tag-fil-info","12":"tag-fr","13":"tag-france","14":"tag-health","15":"tag-sante","16":"tag-societe"},"share_on_mastodon":{"url":"","error":""},"_links":{"self":[{"href":"https:\/\/www.europesays.com\/fr\/wp-json\/wp\/v2\/posts\/287204","targetHints":{"allow":["GET"]}}],"collection":[{"href":"https:\/\/www.europesays.com\/fr\/wp-json\/wp\/v2\/posts"}],"about":[{"href":"https:\/\/www.europesays.com\/fr\/wp-json\/wp\/v2\/types\/post"}],"author":[{"embeddable":true,"href":"https:\/\/www.europesays.com\/fr\/wp-json\/wp\/v2\/users\/2"}],"replies":[{"embeddable":true,"href":"https:\/\/www.europesays.com\/fr\/wp-json\/wp\/v2\/comments?post=287204"}],"version-history":[{"count":0,"href":"https:\/\/www.europesays.com\/fr\/wp-json\/wp\/v2\/posts\/287204\/revisions"}],"wp:featuredmedia":[{"embeddable":true,"href":"https:\/\/www.europesays.com\/fr\/wp-json\/wp\/v2\/media\/287205"}],"wp:attachment":[{"href":"https:\/\/www.europesays.com\/fr\/wp-json\/wp\/v2\/media?parent=287204"}],"wp:term":[{"taxonomy":"category","embeddable":true,"href":"https:\/\/www.europesays.com\/fr\/wp-json\/wp\/v2\/categories?post=287204"},{"taxonomy":"post_tag","embeddable":true,"href":"https:\/\/www.europesays.com\/fr\/wp-json\/wp\/v2\/tags?post=287204"}],"curies":[{"name":"wp","href":"https:\/\/api.w.org\/{rel}","templated":true}]}}