{"id":287209,"date":"2025-07-31T17:36:10","date_gmt":"2025-07-31T17:36:10","guid":{"rendered":"https:\/\/www.europesays.com\/fr\/287209\/"},"modified":"2025-07-31T17:36:10","modified_gmt":"2025-07-31T17:36:10","slug":"la-pomme-de-terre-a-pour-ancetre-la-tomate-selon-une-etude-recente","status":"publish","type":"post","link":"https:\/\/www.europesays.com\/fr\/287209\/","title":{"rendered":"La pomme de terre a pour anc\u00eatre\u2026 la tomate, selon une \u00e9tude r\u00e9cente"},"content":{"rendered":"\n<p class=\"article__paragraph  \">Elle fait partie de notre quotidien depuis des g\u00e9n\u00e9rations, mais conserve beaucoup de secrets. La pomme de terre, dont les preuves de consommation par les humains remontent \u00e0 10\u00a0000\u00a0ans en Am\u00e9rique du Sud, alimente encore des controverses sur les conditions de son apparition et de sa domestication. Aussi, la d\u00e9couverte d\u2019une \u00e9quipe internationale de chercheurs, publi\u00e9e le 31\u00a0juillet <a href=\"https:\/\/dx.doi.org\/10.1016\/j.cell.2025.06.034\" target=\"_blank\" rel=\"noopener nofollow\" title=\"Nouvelle fen\u00eatre\">dans la revue am\u00e9ricaine de biologie Cell<\/a>, apporte une pi\u00e8ce importante, et \u00e9tonnante, au puzzle de son histoire\u00a0: la pomme de terre descend de la tomate\u00a0!<\/p>\n<p class=\"article__paragraph  \">Biologistes, g\u00e9n\u00e9ticiens, informaticiens et statisticiens se sont associ\u00e9s dans cette vaste \u00e9tude pour remonter le temps et tenter de dessiner l\u2019arbre phylog\u00e9n\u00e9tique des esp\u00e8ces de pomme de terre cultiv\u00e9es. Mais l\u2019\u00e9quipe s\u2019est particuli\u00e8rement int\u00e9ress\u00e9e \u00e0 Petota, une lign\u00e9e de plantes sauvages \u00e0 tubercules \u00e0 laquelle la pomme de terre est apparent\u00e9e. Elle fait partie de la grande famille des solanac\u00e9es, \u00e0 laquelle appartiennent les pommes de terre et les tomates.<\/p>\n<p>                                   Lire aussi (2012) |  <a href=\"https:\/\/www.lemonde.fr\/sciences\/article\/2012\/05\/30\/les-scientifiques-ont-sequence-le-genome-de-la-tomate-leur-fruit-modele_1709977_1650684.html\" class=\"js-article-read-also catcher--favoris__link\" data-premium=\"\" id=\"article-title-395353\" rel=\"nofollow noopener\" target=\"_blank\">Les scientifiques ont s\u00e9quenc\u00e9 le g\u00e9nome de la tomate, leur \u00ab\u00a0fruit mod\u00e8le\u00a0\u00bb<\/a>    <\/p>\n<p>   Lire plus tard  <\/p>\n<p class=\"article__paragraph  \">\u00ab\u00a0Les pommes de terre cultiv\u00e9es, bien que pr\u00e9cieuses, sont g\u00e9n\u00e9tiquement uniformes en raison de la s\u00e9lection artificielle. Nous avons donc choisi une plante sauvage pour notre \u00e9tude, car elle offre un patrimoine g\u00e9n\u00e9tique plus diversifi\u00e9 et nous permet d\u2019observer les processus \u00e9volutifs naturels sans l\u2019influence de la s\u00e9lection par l\u2019homme\u00a0\u00bb, se justifie Zhiyang Zhang, chercheur \u00e0 l\u2019Institut de g\u00e9nomique agricole de Shenzhen (Acad\u00e9mie chinoise des sciences agricoles), premier signataire de l\u2019\u00e9tude.<\/p>\n<p class=\"article__paragraph  \">L\u2019analyse du g\u00e9nome de 128\u00a0sp\u00e9cimens de Petota pr\u00e9lev\u00e9s sur ses biotopes naturels sur le continent am\u00e9ricain a permis de r\u00e9v\u00e9ler qu\u2019elle est \u00ab\u00a0d\u2019origine hybride ancienne, tous ses membres pr\u00e9sentant une ascendance g\u00e9nomique mixte stable, d\u00e9riv\u00e9e des lign\u00e9es etuberosum et tomates il y a environ 8 \u00e0 9\u00a0millions d\u2019ann\u00e9es\u00a0\u00bb, \u00e9crivent les chercheurs dans leur article.<\/p>\n<p>           Un \u00e9v\u00e9nement rare           <\/p>\n<p class=\"article__paragraph  \">Etuberosum, pr\u00e9sente dans le sud du Chili, a des feuilles qui ressemblent \u00e0 celles des pommes de terre et des organes souterrains capables de repousser. Mais il s\u2019agit de rhizomes, des tiges souterraines, pas de tubercules. La tomate, qui n\u2019est plus \u00e0 pr\u00e9senter, compte une quinzaine d\u2019esp\u00e8ces sauvages, exclusivement visibles en Am\u00e9rique du Sud et en Am\u00e9rique centrale.<\/p>\n<p class=\"reading-mode-only \"><strong>Il vous reste 62.66% de cet article \u00e0 lire. La suite est r\u00e9serv\u00e9e aux abonn\u00e9s.<\/strong><\/p>\n","protected":false},"excerpt":{"rendered":"Elle fait partie de notre quotidien depuis des g\u00e9n\u00e9rations, mais conserve beaucoup de secrets. La pomme de terre,&hellip;\n","protected":false},"author":2,"featured_media":287210,"comment_status":"","ping_status":"","sticky":false,"template":"","format":"standard","meta":{"footnotes":""},"categories":[7],"tags":[1011,27,43,40,41,39,42,44],"class_list":{"0":"post-287209","1":"post","2":"type-post","3":"status-publish","4":"format-standard","5":"has-post-thumbnail","7":"category-sciences-et-technologies","8":"tag-fr","9":"tag-france","10":"tag-science","11":"tag-science-and-technology","12":"tag-sciences","13":"tag-sciences-et-technologies","14":"tag-technologies","15":"tag-technology"},"share_on_mastodon":{"url":"https:\/\/pubeurope.com\/@fr\/114949061633000850","error":""},"_links":{"self":[{"href":"https:\/\/www.europesays.com\/fr\/wp-json\/wp\/v2\/posts\/287209","targetHints":{"allow":["GET"]}}],"collection":[{"href":"https:\/\/www.europesays.com\/fr\/wp-json\/wp\/v2\/posts"}],"about":[{"href":"https:\/\/www.europesays.com\/fr\/wp-json\/wp\/v2\/types\/post"}],"author":[{"embeddable":true,"href":"https:\/\/www.europesays.com\/fr\/wp-json\/wp\/v2\/users\/2"}],"replies":[{"embeddable":true,"href":"https:\/\/www.europesays.com\/fr\/wp-json\/wp\/v2\/comments?post=287209"}],"version-history":[{"count":0,"href":"https:\/\/www.europesays.com\/fr\/wp-json\/wp\/v2\/posts\/287209\/revisions"}],"wp:featuredmedia":[{"embeddable":true,"href":"https:\/\/www.europesays.com\/fr\/wp-json\/wp\/v2\/media\/287210"}],"wp:attachment":[{"href":"https:\/\/www.europesays.com\/fr\/wp-json\/wp\/v2\/media?parent=287209"}],"wp:term":[{"taxonomy":"category","embeddable":true,"href":"https:\/\/www.europesays.com\/fr\/wp-json\/wp\/v2\/categories?post=287209"},{"taxonomy":"post_tag","embeddable":true,"href":"https:\/\/www.europesays.com\/fr\/wp-json\/wp\/v2\/tags?post=287209"}],"curies":[{"name":"wp","href":"https:\/\/api.w.org\/{rel}","templated":true}]}}