{"id":287214,"date":"2025-07-31T17:39:10","date_gmt":"2025-07-31T17:39:10","guid":{"rendered":"https:\/\/www.europesays.com\/fr\/287214\/"},"modified":"2025-07-31T17:39:10","modified_gmt":"2025-07-31T17:39:10","slug":"la-decision-de-donald-trump-dincinerer-plus-de-8-millions-deuros-de-contraceptifs-en-france-provoque-un-tolle","status":"publish","type":"post","link":"https:\/\/www.europesays.com\/fr\/287214\/","title":{"rendered":"La d\u00e9cision de Donald Trump d\u2019incin\u00e9rer plus de 8 millions d\u2019euros de contraceptifs en France provoque un toll\u00e9"},"content":{"rendered":"<p>Des st\u00e9rilets et implants, entrepos\u00e9s en Belgique et destin\u00e9s \u00e0 des femmes vivant en Afrique, devraient \u00eatre incin\u00e9r\u00e9s en France d\u2019ici la fin du mois, d\u00e9noncent des associations, ONG et responsables politiques du monde entier.<\/p>\n<p class=\"fig-paragraph\">La col\u00e8re monte apr\u00e8s que les \u00c9tats-Unis ont annonc\u00e9 la\u00a0<a href=\"https:\/\/video.lefigaro.fr\/figaro\/video\/les-etats-unis-envisagent-de-bruler-des-millions-de-contraceptifs-suite-au-demantelement-dune-agence-internationale-a-la-demande-de-trump\/\" target=\"_blank\" data-fig-type=\"Video\" rel=\"sponsored noopener\" data-gtm-custom-categorie=\"navigation\" data-gtm-custom-action=\"crossclick\" data-gtm-custom-label=\"Contextuel\" data-gtm-event=\"customEventSPE\" data-fig-domain=\"VIDEO\">destruction prochaine de produits de contraception f\u00e9minine<\/a>\u00a0&#8211; des implants et des st\u00e9rilets &#8211; actuellement entrepos\u00e9s \u00e0 Geel, en Belgique. Ces fournitures, d\u2019une valeur de 9,7 millions de dollars (8,3 millions d\u2019euros), devaient \u00eatre distribu\u00e9es \u00e0 des femmes dans le besoin sur le continent africain. Sur d\u00e9cision des autorit\u00e9s am\u00e9ricaines, elles s\u2019appr\u00eatent \u00e0 \u00eatre d\u00e9truites \u00abfin juillet\u00bb en France. Face \u00e0 la mont\u00e9e de la pol\u00e9mique, le minist\u00e8re de la Sant\u00e9 fran\u00e7ais a soutenu mercredi vouloir \u00abtrouver une solution pour \u00e9viter la destruction\u00bb de ces produits.<\/p>\n<p class=\"fig-paragraph\">Le d\u00e9partement d\u2019\u00c9tat am\u00e9ricain a confirm\u00e9 mi-juillet qu\u2019une \u00abd\u00e9cision pr\u00e9liminaire\u00bb avait \u00ab\u00e9t\u00e9 prise pour d\u00e9truire certains produits contraceptifs abortifs issus de contrats de l\u2019USAID\u00bb, une agence am\u00e9ricaine pour le d\u00e9veloppement \u00e9conomique et de l\u2019aide humanitaire dans le monde, pass\u00e9s sous la pr\u00e9sidence de Joe Biden. Cette destruction s\u2019inscrit dans la\u00a0<a href=\"http:\/\/www.lefigaro.fr\/international\/c-est-le-sommet-de-l-iceberg-aux-etats-unis-des-femmes-victimes-de-la-loi-anti-avortement-20241003\" target=\"_blank\" data-fig-type=\"Article\" rel=\"noopener\" data-gtm-custom-categorie=\"navigation\" data-gtm-custom-action=\"crossclick\" data-gtm-custom-label=\"Contextuel\" data-gtm-event=\"customEventSPE\" data-fig-domain=\"LEFIGARO\">politique anti-avortement<\/a>\u00a0men\u00e9e par Donald Trump depuis son premier mandat en 2017. \u00c0 peine \u00e9lu, il avait sign\u00e9 un d\u00e9cret r\u00e9tablissant la \u00abpolitique de Mexico\u00bb qui interdit le financement d\u2019ONG \u00e9trang\u00e8res pratiquant l\u2019avortement ou militant activement en sa faveur. Elle \u00e9tait initialement entr\u00e9e en vigueur sous la pr\u00e9sidence du Ronald Reagan \u00e0 l\u2019occasion d\u2019une conf\u00e9rence internationale \u00e0 Mexico en 1984.<\/p>\n<p>                                    <a class=\"fig-a11y-skip a11y-hidden\" href=\"#fig-a11y-skip-main-inarticle\"><br \/>\n        Passer la publicit\u00e9<br \/>\n    <\/a><\/p>\n<p class=\"fig-paragraph\">D\u00e8s son retour \u00e0 la Maison-Blanche en janvier, Donald Trump a d\u00e9cid\u00e9 de d\u00e9manteler l\u2019USAID, cr\u00e9\u00e9e en 1961, malgr\u00e9 les cons\u00e9quences sur les populations vuln\u00e9rables. D\u2019apr\u00e8s une\u00a0<a href=\"http:\/\/www.lefigaro.fr\/international\/aide-internationale-les-coupes-americaines-pourraient-causer-plus-de-14-millions-de-morts-selon-une-etude-20250701\" target=\"_blank\" data-fig-type=\"NewsFlash\" rel=\"noopener\" data-gtm-custom-categorie=\"navigation\" data-gtm-custom-action=\"crossclick\" data-gtm-custom-label=\"Contextuel\" data-gtm-event=\"customEventSPE\" data-fig-domain=\"LEFIGARO\">r\u00e9cente \u00e9tude publi\u00e9e dans la revue The Lancet<\/a>, la disparition de cette agence pourrait entra\u00eener plus de 14 millions de d\u00e9c\u00e8s suppl\u00e9mentaires d\u2019ici 2030. Le \u00abminist\u00e8re de l\u2019efficacit\u00e9 gouvernementale\u00bb (Doge), autrefois dirig\u00e9 par Elon Musk, a supprim\u00e9 83% des programmes de l\u2019USAID et l\u2019ensemble de son\u00a0<a href=\"http:\/\/www.lefigaro.fr\/international\/l-agence-usaid-limoge-la-majorite-de-ses-effectifs-20250224\" target=\"_blank\" data-fig-type=\"NewsFlash\" rel=\"noopener\" data-gtm-custom-categorie=\"navigation\" data-gtm-custom-action=\"crossclick\" data-gtm-custom-label=\"Contextuel\" data-gtm-event=\"customEventSPE\" data-fig-domain=\"LEFIGARO\">personnel a \u00e9t\u00e9 renvoy\u00e9<\/a>. Les programmes d\u2019aide \u00e9trang\u00e8re doivent quant \u00e0 eux \u00eatre int\u00e9gr\u00e9s au d\u00e9partement d\u2019\u00c9tat. \u00c0 ces mesures s\u2019ajoute la r\u00e9cente d\u00e9cision du Congr\u00e8s de r\u00e9viser \u00e0 la baisse l\u2019aide internationale am\u00e9ricaine de quelque 9 milliards de dollars.<\/p>\n<p class=\"fig-paragraph\">Ainsi, plut\u00f4t que de distribuer les derni\u00e8res fournitures d\u2019aide aux personnes dans le besoin, le pr\u00e9sident am\u00e9ricain pr\u00e9f\u00e8re les d\u00e9truire, malgr\u00e9 les d\u00e9penses que cela entra\u00eene. Cette op\u00e9ration devrait co\u00fbter 167.000 dollars aux contribuables am\u00e9ricains, selon les r\u00e9v\u00e9lations du\u00a0<a href=\"https:\/\/www.theguardian.com\/us-news\/2025\/jul\/18\/trump-administration-destroy-contraceptives-usaid-africa\" target=\"_blank\" rel=\"sponsored noopener\" data-gtm-custom-categorie=\"navigation\" data-gtm-custom-action=\"crossclick\" data-gtm-custom-label=\"Contextuel\" data-gtm-event=\"customEventSPE\">Guardian<\/a> .<\/p>\n<p>Rachat des fournitures par des ONG<\/p>\n<p class=\"fig-paragraph\">Ces diff\u00e9rentes d\u00e9cisions ont provoqu\u00e9 l\u2019indignation du camp d\u00e9mocrate, \u00e0 travers la s\u00e9natrice du New Hampshire Jeanne Shaheen qui a d\u00e9nonc\u00e9 dans un communiqu\u00e9 un \u00abgaspillage de l\u2019argent des contribuables am\u00e9ricains et d\u2019une abdication du leadership mondial des \u00c9tats-Unis dans la pr\u00e9vention des grossesses non d\u00e9sir\u00e9es, des avortements \u00e0 risque et des d\u00e9c\u00e8s maternels\u00bb, cite le Guardian. La s\u00e9natrice et son coll\u00e8gue Brian Schatz, s\u00e9nateur d\u2019Hawa\u00ef, ont pr\u00e9sent\u00e9 un projet de loi pour mettre fin \u00e0 cette destruction.<\/p>\n<p class=\"fig-paragraph\">Les deux \u00e9lus ont \u00e9t\u00e9 suivis par de nombreuses associations et ONG partout dans le monde. Aux \u00c9tats-Unis d\u2019abord, avec le pr\u00e9sident de la branche am\u00e9ricaine M\u00e9decins Sans Fronti\u00e8re, Avril Beno\u00eet, qui a point\u00e9 un \u00abacte d\u00e9lib\u00e9r\u00e9ment irresponsable et pr\u00e9judiciable envers les femmes et les filles du monde entier\u00bb. Le dirigeant a par ailleurs soulign\u00e9 que des organisations ont propos\u00e9 de prendre en charge les frais d\u2019exp\u00e9dition et de distribution des contraceptifs, \u00abmais le gouvernement am\u00e9ricain a d\u00e9clin\u00e9 ces offres\u00bb, a-t-il d\u00e9plor\u00e9.<\/p>\n<p class=\"fig-paragraph\">Le d\u00e9partement d\u2019\u00c9tat am\u00e9ricain s\u2019est d\u00e9fendu en avan\u00e7ant \u00abqu\u2019il ne pouvait pas les vendre\u00bb, en partie \u00e0 cause de la politique de Mexico, d\u00e9taille le Guardian. Il avait \u00e9galement mis en avant la question des dates d\u2019expiration des produits mais selon des informations de presse, les contraceptifs expirent en r\u00e9alit\u00e9 entre avril 2027 et septembre 2031.<\/p>\n<p>                                    <a class=\"fig-a11y-skip a11y-hidden\" href=\"#fig-a11y-skip-main-inarticle_mtf\"><br \/>\n        Passer la publicit\u00e9<br \/>\n    <\/a><\/p>\n<p class=\"fig-paragraph\">Interrog\u00e9e par le quotidien britannique, la directrice de MSI Reproductive Choices, une organisation mondiale de planification familiale pr\u00e9sente dans pr\u00e8s de 40 pays, a indiqu\u00e9 qu\u2019elle avait propos\u00e9 \u00abd\u2019acheter, de reconditionner et de g\u00e9rer la logistique\u00bb \u00e0 ses frais \u00aben veillant \u00e0 ce que les produits parviennent aux personnes dans le besoin\u00bb mais \u00able gouvernement n\u2019a accept\u00e9 que le prix fort, ce que MSI ne pouvait pas se permettre\u00bb. M\u00eame proposition faite &#8211; sans succ\u00e8s &#8211; par la F\u00e9d\u00e9ration internationale pour la planification familiale (IPPF) qui s\u2019\u00e9tait dite pr\u00eate \u00e0 \u00abcollecter les produits \u00e0 Bruxelles, les transporter et les reconditionner dans son entrep\u00f4t aux Pays-Bas, puis les distribuer aux femmes dans le besoin \u00e0 travers le monde, tout cela sans aucun co\u00fbt pour le gouvernement am\u00e9ricain\u00bb.<\/p>\n<p>P\u00e9tition sign\u00e9e par pr\u00e8s de 6000 personnes<\/p>\n<p class=\"fig-paragraph\">Face aux vives critiques, le minist\u00e8re belge des Affaires \u00e9trang\u00e8res a indiqu\u00e9 avoir \u00abengag\u00e9 des d\u00e9marches diplomatiques aupr\u00e8s de l\u2019ambassade des \u00c9tats-Unis \u00e0 Bruxelles\u00bb et a d\u00e9clar\u00e9 \u00eatre en train d\u2019\u00abexplorer toutes les pistes possibles pour \u00e9viter la destruction de ces produits, y compris des solutions de relocalisation temporaire\u00bb. La France, aussi impliqu\u00e9e dans la pol\u00e9mique puisque c\u2019est sur son territoire que les contraceptifs devraient \u00eatre incin\u00e9r\u00e9s, a embo\u00eet\u00e9 le pas de la Belgique.<\/p>\n<p class=\"fig-paragraph\">Des\u00a0<a href=\"http:\/\/www.lefigaro.fr\/actualite-france\/destruction-de-contraceptifs-feminins-par-washington-les-ecologistes-interpellent-macron-20250726\" target=\"_blank\" data-fig-type=\"NewsFlash\" rel=\"noopener\" data-gtm-custom-categorie=\"navigation\" data-gtm-custom-action=\"crossclick\" data-gtm-custom-label=\"Contextuel\" data-gtm-event=\"customEventSPE\" data-fig-domain=\"LEFIGARO\">responsables politiques de gauche ont demand\u00e9 \u00e0 Emmanuel Macron<\/a>\u00a0d\u2019intervenir en urgence pour emp\u00eacher la destruction. Dans une lettre ouverte publi\u00e9e le 26 juillet notamment sign\u00e9 par la patronne des Verts Marine Tondelier, ils qualifient la d\u00e9cision am\u00e9ricaine d\u2019\u00abaffront aux principes fondamentaux de solidarit\u00e9, de sant\u00e9 publique et de droits sexuels et reproductifs que la France s\u2019est engag\u00e9e \u00e0 d\u00e9fendre\u00bb. Ils exhortent le pr\u00e9sident \u00e0 \u00abne pas se rendre complice, m\u00eame indirectement, de politiques r\u00e9trogrades\u00bb.<\/p>\n<p class=\"fig-paragraph\">Des associations f\u00e9ministes et des syndicats ont par ailleurs lanc\u00e9 mercredi une p\u00e9tition &#8211; publi\u00e9e sur la plateforme\u00a0<a href=\"https:\/\/www.change.org\/p\/emp%C3%AAchons-la-destruction-des-contraceptifs-pay%C3%A9s-par-usaid\" target=\"_blank\" rel=\"sponsored noopener\" data-gtm-custom-categorie=\"navigation\" data-gtm-custom-action=\"crossclick\" data-gtm-custom-label=\"Contextuel\" data-gtm-event=\"customEventSPE\">Change\u00a0<\/a>-, d\u00e9j\u00e0 sign\u00e9e par pr\u00e8s de 6000 personnes. Le collectif \u00abAvortement en Europe &#8211; les femmes d\u00e9cident\u00bb \u00e0 l\u2019origine de cette initiative estime que la d\u00e9cision am\u00e9ricaine \u00abrenvoie \u00e0 des grossesses non d\u00e9sir\u00e9es, \u00e0 des avortements non s\u00e9curis\u00e9s et leurs cort\u00e8ges de complications\u00bb. \u00abNous ne laisserons pas cette d\u00e9cision inique et sexiste \u00eatre appliqu\u00e9e, g\u00e2chis aussi bien \u00e9conomique qu\u2019humain\u00bb, pr\u00e9vient de surcro\u00eet le collectif qui regroupe aussi le Planning familial, la F\u00e9d\u00e9ration syndicale unitaire (FSU), Osez le f\u00e9minisme ou encore la Ligue des droits de l\u2019Homme.<\/p>\n<p class=\"fig-paragraph\">Le minist\u00e8re fran\u00e7ais de la Sant\u00e9 a assur\u00e9 mercredi soir suivre \u00abavec attention la situation\u00bb et a soutenu \u00abla volont\u00e9 des autorit\u00e9s belges de trouver une solution pour \u00e9viter la destruction des contraceptifs\u00bb, ajoutant que \u00abla d\u00e9fense des droits et de la sant\u00e9 sexuelle et reproductive fait partie des priorit\u00e9s de la politique \u00e9trang\u00e8re de la France\u00bb.<\/p>\n","protected":false},"excerpt":{"rendered":"Des st\u00e9rilets et implants, entrepos\u00e9s en Belgique et destin\u00e9s \u00e0 des femmes vivant en Afrique, devraient \u00eatre incin\u00e9r\u00e9s&hellip;\n","protected":false},"author":2,"featured_media":287215,"comment_status":"","ping_status":"","sticky":false,"template":"","format":"standard","meta":{"footnotes":""},"categories":[4],"tags":[11,475,75,1011,27,12,25],"class_list":{"0":"post-287214","1":"post","2":"type-post","3":"status-publish","4":"format-standard","5":"has-post-thumbnail","7":"category-france","8":"tag-actualites","9":"tag-avortement","10":"tag-donald-trump","11":"tag-fr","12":"tag-france","13":"tag-news","14":"tag-republique-francaise"},"share_on_mastodon":{"url":"https:\/\/pubeurope.com\/@fr\/114949073457496282","error":""},"_links":{"self":[{"href":"https:\/\/www.europesays.com\/fr\/wp-json\/wp\/v2\/posts\/287214","targetHints":{"allow":["GET"]}}],"collection":[{"href":"https:\/\/www.europesays.com\/fr\/wp-json\/wp\/v2\/posts"}],"about":[{"href":"https:\/\/www.europesays.com\/fr\/wp-json\/wp\/v2\/types\/post"}],"author":[{"embeddable":true,"href":"https:\/\/www.europesays.com\/fr\/wp-json\/wp\/v2\/users\/2"}],"replies":[{"embeddable":true,"href":"https:\/\/www.europesays.com\/fr\/wp-json\/wp\/v2\/comments?post=287214"}],"version-history":[{"count":0,"href":"https:\/\/www.europesays.com\/fr\/wp-json\/wp\/v2\/posts\/287214\/revisions"}],"wp:featuredmedia":[{"embeddable":true,"href":"https:\/\/www.europesays.com\/fr\/wp-json\/wp\/v2\/media\/287215"}],"wp:attachment":[{"href":"https:\/\/www.europesays.com\/fr\/wp-json\/wp\/v2\/media?parent=287214"}],"wp:term":[{"taxonomy":"category","embeddable":true,"href":"https:\/\/www.europesays.com\/fr\/wp-json\/wp\/v2\/categories?post=287214"},{"taxonomy":"post_tag","embeddable":true,"href":"https:\/\/www.europesays.com\/fr\/wp-json\/wp\/v2\/tags?post=287214"}],"curies":[{"name":"wp","href":"https:\/\/api.w.org\/{rel}","templated":true}]}}