{"id":287219,"date":"2025-07-31T17:42:15","date_gmt":"2025-07-31T17:42:15","guid":{"rendered":"https:\/\/www.europesays.com\/fr\/287219\/"},"modified":"2025-07-31T17:42:15","modified_gmt":"2025-07-31T17:42:15","slug":"saint-etienne-la-section-escalade-du-fjep-metare-compte-plus-de-100-adherents","status":"publish","type":"post","link":"https:\/\/www.europesays.com\/fr\/287219\/","title":{"rendered":"Saint-\u00c9tienne. La section escalade du FJEP M\u00e9tare compte plus de 100 adh\u00e9rents"},"content":{"rendered":"<p>L\u2019Elan Vertical est un club d\u2019escalade, qui s\u2019adonne \u00e0 sa passion en salle (murs et blocs) et en ext\u00e9rieur, avec de l\u2019alpinisme et du ski de rando pour les enfants et les adultes.<\/p>\n<p>C\u2019est aussi une section du FJEP (Foyer des jeunes et d\u2019\u00e9ducation populaire) M\u00e9tare. Lors de la derni\u00e8re assembl\u00e9e g\u00e9n\u00e9rale, Eric Veyre a \u00e9t\u00e9 nomm\u00e9 pr\u00e9sident, en remplacement de Romain Duranton qui a pass\u00e9 la main apr\u00e8s 12 ann\u00e9es de pr\u00e9sidence pour prendre des fonctions au niveau du comit\u00e9 d\u2019escalade r\u00e9gional.<\/p>\n<p>Des adh\u00e9rents de 8 \u00e0 91 ans<\/p>\n<p>Aut&#8230;<\/p>\n","protected":false},"excerpt":{"rendered":"L\u2019Elan Vertical est un club d\u2019escalade, qui s\u2019adonne \u00e0 sa passion en salle (murs et blocs) et en&hellip;\n","protected":false},"author":2,"featured_media":287220,"comment_status":"","ping_status":"","sticky":false,"template":"","format":"standard","meta":{"footnotes":""},"categories":[9653],"tags":[1111,11,2430,7539,1777,674,1011,27,12,25,4001,7538,517],"class_list":{"0":"post-287219","1":"post","2":"type-post","3":"status-publish","4":"format-standard","5":"has-post-thumbnail","7":"category-saint-etienne","8":"tag-actu","9":"tag-actualites","10":"tag-auvergne-rhone-alpes","11":"tag-edition-loire-sud","12":"tag-eu","13":"tag-europe","14":"tag-fr","15":"tag-france","16":"tag-news","17":"tag-republique-francaise","18":"tag-saint-etienne","19":"tag-saint-etienne-ville","20":"tag-sport"},"share_on_mastodon":{"url":"https:\/\/pubeurope.com\/@fr\/114949085270802105","error":""},"_links":{"self":[{"href":"https:\/\/www.europesays.com\/fr\/wp-json\/wp\/v2\/posts\/287219","targetHints":{"allow":["GET"]}}],"collection":[{"href":"https:\/\/www.europesays.com\/fr\/wp-json\/wp\/v2\/posts"}],"about":[{"href":"https:\/\/www.europesays.com\/fr\/wp-json\/wp\/v2\/types\/post"}],"author":[{"embeddable":true,"href":"https:\/\/www.europesays.com\/fr\/wp-json\/wp\/v2\/users\/2"}],"replies":[{"embeddable":true,"href":"https:\/\/www.europesays.com\/fr\/wp-json\/wp\/v2\/comments?post=287219"}],"version-history":[{"count":0,"href":"https:\/\/www.europesays.com\/fr\/wp-json\/wp\/v2\/posts\/287219\/revisions"}],"wp:featuredmedia":[{"embeddable":true,"href":"https:\/\/www.europesays.com\/fr\/wp-json\/wp\/v2\/media\/287220"}],"wp:attachment":[{"href":"https:\/\/www.europesays.com\/fr\/wp-json\/wp\/v2\/media?parent=287219"}],"wp:term":[{"taxonomy":"category","embeddable":true,"href":"https:\/\/www.europesays.com\/fr\/wp-json\/wp\/v2\/categories?post=287219"},{"taxonomy":"post_tag","embeddable":true,"href":"https:\/\/www.europesays.com\/fr\/wp-json\/wp\/v2\/tags?post=287219"}],"curies":[{"name":"wp","href":"https:\/\/api.w.org\/{rel}","templated":true}]}}