{"id":287221,"date":"2025-07-31T17:43:13","date_gmt":"2025-07-31T17:43:13","guid":{"rendered":"https:\/\/www.europesays.com\/fr\/287221\/"},"modified":"2025-07-31T17:43:13","modified_gmt":"2025-07-31T17:43:13","slug":"lheure-de-la-floraison-est-enfin-arrivee","status":"publish","type":"post","link":"https:\/\/www.europesays.com\/fr\/287221\/","title":{"rendered":"l\u2019heure de la floraison est enfin arriv\u00e9e\u00a0!"},"content":{"rendered":"<p>Ce jeudi, enfin de journ\u00e9e, la file d\u2019attente ne d\u00e9semplit pas. Et ce n\u2019est pas \u00e9tonnant compte tenu de la raret\u00e9 de cette floraison. Pour la deuxi\u00e8me fois en deux ans, le phallus de titan &#8211; de son nom scientifique amorphophallus titanum &#8211; s\u2019ouvre \u00e0 nouveau, au grand plaisir des spectateurs. \u00c0 noter que c\u2019est une premi\u00e8re pour un jardin botanique fran\u00e7ais. Mais la r\u00e9p\u00e9tition de la floraison n\u2019est pas le seul record d\u00e9tenu par Tintin, il est \u00e9galement <a href=\"https:\/\/www.estrepublicain.fr\/environnement\/2025\/07\/24\/tintin-le-phallus-de-titan-devrait-faire-son-grand-retour-lundi\" target=\"_blank\" rel=\"noopener\"> le plus haut Arum Titan<\/a> qu\u2019ait connu la France en d\u00e9passant son pr\u00e9c\u00e9dent exploit de plus de 20\u00a0cm, atteignant 2m16\u00a0!<\/p>\n<p>  \u00c9v\u00e9nement national<\/p>\n<p>Le spectacle attire bien au-del\u00e0 de la m\u00e9tropole nanc\u00e9ienne. C\u2019est le cas d\u2019Aline et M\u00e9lanie qui ont parcouru plus de deux heures de route pour venir au Jardin de Villers-l\u00e8s-Nancy. \u00ab\u00a0On a vu sur Facebook ce matin que la floraison avait d\u00e9but\u00e9, on n\u2019a pas perdu de temps et on est mont\u00e9e directement dans la voiture\u00a0\u00bb, expliquent les deux s\u0153urs, originaires de Forbach.<\/p>\n<p>Cet enthousiasme, G\u00e9rard Pontet le partage \u00e9galement. Membre du conservatoire des collections v\u00e9g\u00e9tales sp\u00e9cialis\u00e9es, il s\u2019est d\u00e9plac\u00e9 depuis la r\u00e9gion parisienne pour voir le ph\u00e9nom\u00e8ne Tintin. \u00ab\u00a0J\u2019avais d\u00e9j\u00e0 vu un arum titan sous sa forme feuillue, mais le voir en fleur, c\u2019est une premi\u00e8re. Je vais rester en Lorraine jusqu\u2019\u00e0 demain, en esp\u00e9rant que le spectacle se poursuive\u00a0\u00bb.<\/p>\n<p>Ce contenu est bloqu\u00e9 car vous n&rsquo;avez pas accept\u00e9 les cookies et autres traceurs.<\/p>\n<p>En cliquant sur \u00ab J\u2019accepte \u00bb, les cookies et autres traceurs seront d\u00e9pos\u00e9s et vous pourrez visualiser les contenus  (<a href=\"\" class=\"consentModule_policy\" target=\"_blank\" title=\"Consulter la politique de protection des donn\u00e9es du fournisseur\">plus d&rsquo;informations<\/a>).<\/p>\n<p>En cliquant sur \u00ab J\u2019accepte tous les cookies \u00bb, vous autorisez des d\u00e9p\u00f4ts de cookies et autres traceurs pour le stockage de vos donn\u00e9es sur nos sites et applications \u00e0 des fins de personnalisation et de ciblage publicitaire.<\/p>\n<p class=\"consentModule_secondaryText\">Vous gardez la possibilit\u00e9 de retirer votre consentement \u00e0 tout moment en consultant notre <a href=\"https:\/\/www.estrepublicain.fr\/protection-des-donnees\" target=\"_blank\" title=\"Consulter notre politique de protection des donn\u00e9es\" rel=\"noopener\">politique de protection des donn\u00e9es<\/a>. <br \/>&#13;<br \/>\n            <a href=\"https:\/\/www.estrepublicain.fr\/environnement\/2025\/07\/31\/javascript:Didomi.notice.show()\" class=\"consentModule_cmp\" target=\"_blank\" rel=\"noopener\">G\u00e9rer mes choix<\/a>&#13;\n        <\/p>\n<p>&#13;<br \/>\n                        J&rsquo;accepte&#13;<br \/>\n            J&rsquo;accepte tous les cookies&#13;\n        <\/p>\n<p>  Et pour combien de temps\u00a0?<\/p>\n<p>Car oui, bien que l\u2019Arum titan ait commenc\u00e9 \u00e0 fleurir, ce n\u2019est pas dit que son ouverture s\u2019agrandisse. S\u2019il d\u00e9gage son odeur pestilentielle, cela signifie que l\u2019inflorescence est arriv\u00e9e \u00e0 son paroxysme. Mais pas d\u2019inqui\u00e9tude, tous les voyants sont au vert pour que le show se poursuive. C\u2019est en tout cas ce qu\u2019affirme Douglas Tavares, responsable de la famille des arac\u00e9es, dont fait partie le c\u00e9l\u00e8bre Tintin. \u00ab\u00a0L\u2019odeur n\u2019est pas pr\u00e9sente et il continue de grandir, donc la floraison devrait se poursuivre vendredi et certainement samedi\u00a0\u00bb.<\/p>\n","protected":false},"excerpt":{"rendered":"Ce jeudi, enfin de journ\u00e9e, la file d\u2019attente ne d\u00e9semplit pas. Et ce n\u2019est pas \u00e9tonnant compte tenu&hellip;\n","protected":false},"author":2,"featured_media":287222,"comment_status":"","ping_status":"","sticky":false,"template":"","format":"standard","meta":{"footnotes":""},"categories":[9635],"tags":[1111,11,1704,436,1777,674,1011,27,775,1757,10262,3457,1702,12,25,10261],"class_list":{"0":"post-287221","1":"post","2":"type-post","3":"status-publish","4":"format-standard","5":"has-post-thumbnail","7":"category-nancy","8":"tag-actu","9":"tag-actualites","10":"tag-edition-nancy-et-agglomeration","11":"tag-environnement","12":"tag-eu","13":"tag-europe","14":"tag-fr","15":"tag-france","16":"tag-grand-est","17":"tag-insolite","18":"tag-metropole-du-grand-nancy-54b5","19":"tag-meurthe-et-moselle","20":"tag-nancy","21":"tag-news","22":"tag-republique-francaise","23":"tag-villers-les-nancy"},"share_on_mastodon":{"url":"https:\/\/pubeurope.com\/@fr\/114949089107477261","error":""},"_links":{"self":[{"href":"https:\/\/www.europesays.com\/fr\/wp-json\/wp\/v2\/posts\/287221","targetHints":{"allow":["GET"]}}],"collection":[{"href":"https:\/\/www.europesays.com\/fr\/wp-json\/wp\/v2\/posts"}],"about":[{"href":"https:\/\/www.europesays.com\/fr\/wp-json\/wp\/v2\/types\/post"}],"author":[{"embeddable":true,"href":"https:\/\/www.europesays.com\/fr\/wp-json\/wp\/v2\/users\/2"}],"replies":[{"embeddable":true,"href":"https:\/\/www.europesays.com\/fr\/wp-json\/wp\/v2\/comments?post=287221"}],"version-history":[{"count":0,"href":"https:\/\/www.europesays.com\/fr\/wp-json\/wp\/v2\/posts\/287221\/revisions"}],"wp:featuredmedia":[{"embeddable":true,"href":"https:\/\/www.europesays.com\/fr\/wp-json\/wp\/v2\/media\/287222"}],"wp:attachment":[{"href":"https:\/\/www.europesays.com\/fr\/wp-json\/wp\/v2\/media?parent=287221"}],"wp:term":[{"taxonomy":"category","embeddable":true,"href":"https:\/\/www.europesays.com\/fr\/wp-json\/wp\/v2\/categories?post=287221"},{"taxonomy":"post_tag","embeddable":true,"href":"https:\/\/www.europesays.com\/fr\/wp-json\/wp\/v2\/tags?post=287221"}],"curies":[{"name":"wp","href":"https:\/\/api.w.org\/{rel}","templated":true}]}}