{"id":287224,"date":"2025-07-31T17:45:13","date_gmt":"2025-07-31T17:45:13","guid":{"rendered":"https:\/\/www.europesays.com\/fr\/287224\/"},"modified":"2025-07-31T17:45:13","modified_gmt":"2025-07-31T17:45:13","slug":"jespere-que-la-france-ne-me-lachera-pas-ce-journaliste-syrien-refugie-a-toulon-raconte-son-histoire","status":"publish","type":"post","link":"https:\/\/www.europesays.com\/fr\/287224\/","title":{"rendered":"\u00ab\u00a0J\u2019esp\u00e8re que la France ne me l\u00e2chera pas\u00a0\u00bb: ce journaliste syrien r\u00e9fugi\u00e9 \u00e0 Toulon raconte son histoire"},"content":{"rendered":"<p>IL Y A des histoires de vie qui laissent sans voix. Comme celle de Rami Nofal. L\u2019homme de 44 ans est r\u00e9fugi\u00e9 syrien d\u2019origine druze.<\/p>\n<p>Les tensions entre Druzes et B\u00e9douins, vieilles de plusieurs d\u00e9cennies, se sont accentu\u00e9es depuis d\u00e9cembre, avec l\u2019arriv\u00e9e au pouvoir des islamistes sunnites en Syrie.<\/p>\n<p>Rami a fui la guerre civile en 2020 et est aujourd\u2019hui install\u00e9 \u00e0 Toulon.<\/p>\n<p>Au mois d\u2019avril, son fr\u00e8re, professeur de fran\u00e7ais en Syrie et p\u00e8re de famille, a \u00e9t\u00e9 tu\u00e9. \u00ab\u00a0Le terroriste a pris soin d\u2019envoyer son corps en photo \u00e0 ma famille. Apr\u00e8s avoir re\u00e7u et vu les images, ma s\u0153ur a d\u00fb \u00eatre hospitalis\u00e9e\u00a0\u00bb, raconte-t-il.<\/p>\n<p>\u00ab\u00a0Sans le statut, je ne peux pas faire venir ma famille\u00a0\u00bb<\/p>\n<p>Sa m\u00e8re, qui est atteinte d\u2019une maladie incurable, ses s\u0153urs, et ses neveux sont bloqu\u00e9s \u00e0 Soue\u00efda, ville actuellement meurtrie par les combats. La zone est actuellement inaccessible.<\/p>\n<p>\u00ab\u00a0Sans le statut de r\u00e9fugi\u00e9, je ne peux pas faire venir ma famille, ils sont en danger. Il n\u2019y a plus d\u2019eau, plus d\u2019\u00e9lectricit\u00e9, le village est encercl\u00e9 de tous les c\u00f4t\u00e9s par Daesh.\u00a0\u00bb<\/p>\n<p>Journaliste, Rami pr\u00e9sentait le journal t\u00e9l\u00e9vis\u00e9 de la cha\u00eene d\u2019\u00c9tat, \u00e0 Damas. Apr\u00e8s la chute du r\u00e9gime dynastique au pouvoir depuis plus d\u2019un demi-si\u00e8cle, Rami a fait l\u2019objet d\u2019une campagne en ligne de haine et de propagande par l\u2019offensive rebelle, le d\u00e9signant comme un \u00ab\u00a0pro Bachar-al-Assad\u00a0\u00bb, tout en le mena\u00e7ant de d\u00e9capitation.<\/p>\n<p>Une appartenance id\u00e9ologique qu\u2019il conteste fermement.<\/p>\n<p>Lorsqu\u2019il d\u00e9bute en tant que pr\u00e9sentateur t\u00e9l\u00e9 \u00e0 Damas en 2005, Rami pr\u00e9sente le JT en fran\u00e7ais, et r\u00e9dige lui-m\u00eame ses chroniques. \u00ab\u00a0J\u2019aimais promouvoir la culture fran\u00e7aise. Je suis issu d\u2019une famille francophone et francophile, j\u2019ai \u00e9t\u00e9 dans une \u00e9cole catholique libanaise, avec des manuels scolaires en fran\u00e7ais.\u00a0\u00bb<\/p>\n<p>De 2009 \u00e0 2012, Rami est recrut\u00e9 en tant qu\u2019interpr\u00e8te aupr\u00e8s de l\u2019ambassade de France \u00e0 Damas. En 2011, il n\u2019h\u00e9site d\u2019ailleurs pas \u00e0 se mettre en danger pour prot\u00e9ger le lieu.<\/p>\n<p>\u00ab\u00a0Deux sbires du r\u00e9gime s\u2019y sont introduits, munis de cocktails molotov. Avec mon coll\u00e8gue, nous nous sommes jet\u00e9s sur eux afin de les mettre hors d\u2019\u00e9tat de nuire. Pourquoi la France, qui est pourtant un pays de valeurs, n\u2019en tient pas compte?\u00a0\u00bb <\/p>\n<p>En 2012, la situation se d\u00e9grade consid\u00e9rablement dans le pays. \u00ab\u00a0Soit je quittais la Syrie sans ma famille et le r\u00e9gime se serait veng\u00e9 sur elle, ou bien je restais travailler contre mon gr\u00e9 pour subvenir \u00e0 leurs besoins.\u00a0\u00bb<\/p>\n<p>Pour lui, ce n\u2019\u00e9tait pas un choix, mais bien une obligation: \u00ab\u00a0On me reproche d\u2019avoir travaill\u00e9 pour cette t\u00e9l\u00e9, mais j\u2019\u00e9tais oblig\u00e9! Il fallait que je m\u2019occupe de ma famille \u00e0 la mort de mon p\u00e8re. Comment aurais-je fait sans travail? Et puis, on m\u2019aurait accus\u00e9 de manquer \u00e0 mon devoir. J\u2019aurais \u00e9t\u00e9 arr\u00eat\u00e9, tortur\u00e9 et probablement tu\u00e9. En Syrie, on ne peut pas dire non, on n\u2019a pas le choix, on me dictait ce qu\u2019il fallait dire, c\u2019est une photocopie de la Cor\u00e9e du Nord\u00a0\u00bb, assure-t-il, jurant avoir \u00ab\u00a0v\u00e9cu un conflit int\u00e9rieur\u00a0\u00bb: \u00ab\u00a0J\u2019\u00e9tais coinc\u00e9 entre l\u2019enclume du r\u00e9gime et le marteau de l\u2019opposition. Je veux pr\u00e9senter mes excuses aux Syriens qui pensaient que je voulais leur nuire, ce n\u2019est pas le cas.\u00a0\u00bb<\/p>\n<p>Entr\u00e9 en France en 2020 accompagn\u00e9 de son deuxi\u00e8me fr\u00e8re qui a depuis obtenu le statut de r\u00e9fugi\u00e9, Rami revient de loin. Et le chemin \u00e0 parcourir pour esp\u00e9rer avoir un semblant de vie normale est encore long.<\/p>\n<p>S\u2019il est aujourd\u2019hui parfaitement int\u00e9gr\u00e9, comme en attestent sa ma\u00eetrise de la langue fran\u00e7aise et les liens amicaux qu\u2019il a tiss\u00e9s \u00e0 Toulon, sa demande d\u2019asile a \u00e9t\u00e9 refus\u00e9e par l\u2019Office fran\u00e7ais de protection des r\u00e9fugi\u00e9s et apatrides (Ofpra), confirm\u00e9e par la Cour nationale du droit d\u2019asile par une d\u00e9cision en date du 12 f\u00e9vrier 2024. Un s\u00e9isme pour le demandeur d\u2019asile.<\/p>\n<p>\u00ab\u00a0\u00c7a a \u00e9t\u00e9 un vrai choc pour moi. Ma m\u00e8re m\u2019appelle en pleurant car elle a perdu un fils et ne peut pas voir les deux autres. J\u2019aime la France, je continue \u00e0 l\u2019aimer mais je ne comprends pas comment on peut nous l\u00e2cher comme \u00e7a. Je ne peux plus supporter \u00e7a, je ne pourrais pas revivre la perte d\u2019un autre membre de ma famille. Je ne suis pas venu en France pour \u00eatre tortur\u00e9 psychologiquement\u00a0\u00bb, l\u00e2che-t-il, d\u00e9sempar\u00e9.<\/p>\n<p>\u00ab\u00a0Je me sens rejet\u00e9 par la soci\u00e9t\u00e9, j\u2019ai 44 ans, je ne travaille pas car je n\u2019ai pas de papiers, Mais je suis d\u00e9termin\u00e9 \u00e0 ne pas craquer, j\u2019aime la France et j\u2019esp\u00e8re qu\u2019elle ne me l\u00e2chera pas. Si elle ne m\u2019avait pas accueilli, je serai s\u00fbrement mort, mais la situation n\u2019est plus tenable. Il m\u2019est impossible de rentrer en Syrie car le r\u00e9gime actuel adopte quasiment la m\u00eame politique d\u2019oppression que le pr\u00e9c\u00e9dent.\u00a0\u00bb<\/p>\n<p>En parall\u00e8le, un recours gracieux de demande de r\u00e9examen a \u00e9t\u00e9 adress\u00e9 \u00e0 l\u2019Ofpra par son avocat Me Gilles Piquois.<\/p>\n<p>Pour lui, le point de non-retour se situe en 2018. M\u00eame si la communaut\u00e9 druze a pris part aux manifestations contre le r\u00e9gime, elle est rest\u00e9e en grande partie \u00e9loign\u00e9e de la guerre civile, notamment en \u00e9vitant l\u2019enr\u00f4lement obligatoire dans l\u2019arm\u00e9e syrienne.<\/p>\n<p>\u00ab\u00a0Nous avons ouvert nos maisons aux Syriens qui s\u2019opposaient au r\u00e9gime, nous avons d\u00e9cid\u00e9 de ne pas envoyer nos enfants dans l\u2019arm\u00e9e. C\u2019est l\u00e0 que le r\u00e9gime de Bachar-al-Assad s\u2019est r\u00e9ellement d\u00e9foul\u00e9 contre les Druzes. Des centaines de combattants de Daesh ont attaqu\u00e9 Soue\u00efda, les jeunes femmes ont \u00e9t\u00e9 viol\u00e9es, d\u2019autres ont pr\u00e9f\u00e9r\u00e9 se suicider pour \u00e9viter de subir des atrocit\u00e9s.\u00a0\u00bb<\/p>\n<p>Arr\u00eat\u00e9 et tortur\u00e9<\/p>\n<p>\u00c0 ce moment-l\u00e0, Rami n\u2019en peut plus. Et craque. \u00ab\u00a0J\u2019ai insult\u00e9 Bachar-al-Assad avec une coll\u00e8gue, qui a \u00e9t\u00e9 me d\u00e9noncer. J\u2019ai \u00e9galement pris position concernant une intervention de la Russie en Syrie. \u00c7a m\u2019a valu d\u2019\u00eatre arr\u00eat\u00e9 par La Branche 215 (1). J\u2019ai \u00e9t\u00e9 tortur\u00e9, menac\u00e9, puis rel\u00e2ch\u00e9\u00a0\u00bb, d\u00e9roule le journaliste, dont les traces des s\u00e9vices sont toujours visibles sur son dos.<\/p>\n<p>Il quitte alors ses fonctions, parvient \u00e0 obtenir un passeport pour quitter la Syrie et \u00eatre \u00e9vacu\u00e9 par l\u2019Ambassade de France.<\/p>\n<p>Aujourd\u2019hui, Rami est vis\u00e9 par une Obligation de quitter le territoire fran\u00e7ais (OQTF), mais sans pays de destination fix\u00e9, et vit dans un studio de 20m2 avec son fr\u00e8re, qui travaille. Un salaire pour deux, et de l\u2019inqui\u00e9tude pour leurs proches \u00e0 n\u2019en plus finir.<\/p>\n<p>\u00ab\u00a0Ca fait 5 ans que je vis dans une prison \u00e0 ciel ouvert, mais jusqu\u2019\u00e0 quand cela va durer?\u00a0\u00bb Malgr\u00e9 l\u2019attente et l\u2019angoisse, il r\u00e9ussit \u00e0 s\u2019octroyer quelques plaisirs. \u00ab\u00a0Je remercie la France et plus particuli\u00e8rement les Toulonnais car j\u2019ai une vie sociale et culturelle vraiment riche. J\u2019aime aussi aller me promener du c\u00f4t\u00e9 de Nice et de Cannes, boire du bon vin, manger de la charcuterie, du fromage. Tout ce qui constitue l\u2019art de vivre \u00e0 la fran\u00e7aise !\u00a0\u00bb<\/p>\n<p>Comme une lueur d\u2019espoir au milieu du chaos, Rami a r\u00e9alis\u00e9 un de ses r\u00eaves d\u2019antan: \u00ab\u00a0Quand j\u2019\u00e9tais jeune, je r\u00eavais de travailler dans des vignes. Lors de mon arriv\u00e9e en France, j\u2019ai pu bosser quelque temps dans celles de La Cadi\u00e8re-d\u2019Azur.\u00a0\u00bb<\/p>\n<p>Un r\u00eave \u00e9ph\u00e9m\u00e8re, qui a vite laiss\u00e9 place \u00e0 la r\u00e9alit\u00e9: \u00ab\u00a0Mais sans statut, je ne peux pas travailler normalement\u2026 \u00ab\u00a0<\/p>\n<p>Une chose est s\u00fbre: Rami ne compte pas baisser les bras. Et esp\u00e8re recevoir de la France l\u2019humanit\u00e9 et la solidarit\u00e9 dont il r\u00eave. \u00ab\u00a0Si je craque, c\u2019est toute une famille qui flanche. Je me battrai jusqu\u2019au bout.\u00a0\u00bb<\/p>\n<p>1. La Branche 215, surnomm\u00e9e en Syrie \u00ab\u00a0branche de la mort\u00a0\u00bb est un centre de d\u00e9tention et de torture qui d\u00e9pend des services de renseignements militaires syriens.<\/p>\n","protected":false},"excerpt":{"rendered":"IL Y A des histoires de vie qui laissent sans voix. Comme celle de Rami Nofal. L\u2019homme de&hellip;\n","protected":false},"author":2,"featured_media":287225,"comment_status":"","ping_status":"","sticky":false,"template":"","format":"standard","meta":{"footnotes":""},"categories":[9619],"tags":[1111,11,10411,1777,674,1011,27,12,882,25,2310],"class_list":{"0":"post-287224","1":"post","2":"type-post","3":"status-publish","4":"format-standard","5":"has-post-thumbnail","7":"category-toulon","8":"tag-actu","9":"tag-actualites","10":"tag-conflits","11":"tag-eu","12":"tag-europe","13":"tag-fr","14":"tag-france","15":"tag-news","16":"tag-provence-alpes-cote-dazur","17":"tag-republique-francaise","18":"tag-toulon"},"share_on_mastodon":{"url":"https:\/\/pubeurope.com\/@fr\/114949096973382415","error":""},"_links":{"self":[{"href":"https:\/\/www.europesays.com\/fr\/wp-json\/wp\/v2\/posts\/287224","targetHints":{"allow":["GET"]}}],"collection":[{"href":"https:\/\/www.europesays.com\/fr\/wp-json\/wp\/v2\/posts"}],"about":[{"href":"https:\/\/www.europesays.com\/fr\/wp-json\/wp\/v2\/types\/post"}],"author":[{"embeddable":true,"href":"https:\/\/www.europesays.com\/fr\/wp-json\/wp\/v2\/users\/2"}],"replies":[{"embeddable":true,"href":"https:\/\/www.europesays.com\/fr\/wp-json\/wp\/v2\/comments?post=287224"}],"version-history":[{"count":0,"href":"https:\/\/www.europesays.com\/fr\/wp-json\/wp\/v2\/posts\/287224\/revisions"}],"wp:featuredmedia":[{"embeddable":true,"href":"https:\/\/www.europesays.com\/fr\/wp-json\/wp\/v2\/media\/287225"}],"wp:attachment":[{"href":"https:\/\/www.europesays.com\/fr\/wp-json\/wp\/v2\/media?parent=287224"}],"wp:term":[{"taxonomy":"category","embeddable":true,"href":"https:\/\/www.europesays.com\/fr\/wp-json\/wp\/v2\/categories?post=287224"},{"taxonomy":"post_tag","embeddable":true,"href":"https:\/\/www.europesays.com\/fr\/wp-json\/wp\/v2\/tags?post=287224"}],"curies":[{"name":"wp","href":"https:\/\/api.w.org\/{rel}","templated":true}]}}