{"id":287233,"date":"2025-07-31T17:51:15","date_gmt":"2025-07-31T17:51:15","guid":{"rendered":"https:\/\/www.europesays.com\/fr\/287233\/"},"modified":"2025-07-31T17:51:15","modified_gmt":"2025-07-31T17:51:15","slug":"a-rouen-ce-restaurant-100-annees-90-2000-remplace-une-creperie-historique","status":"publish","type":"post","link":"https:\/\/www.europesays.com\/fr\/287233\/","title":{"rendered":"\u00c0 Rouen ce restaurant 100% ann\u00e9es 90-2000 remplace une cr\u00eaperie historique"},"content":{"rendered":"<p>            Par<br \/>\n        <strong><br \/>\n            <a href=\"https:\/\/actu.fr\/auteur\/adrien-filoche\" title=\"Consulter tous les articles de Adrien Filoche\" rel=\"nofollow noopener\" target=\"_blank\">Adrien Filoche<\/a><br \/>\n        <\/strong><\/p>\n<p>        Publi\u00e9 le<\/p>\n<p>            31 juil. 2025 \u00e0 19h12        <\/p>\n<p>La <strong>Cr\u00eaperie Le Saint Romain<\/strong> n\u2019est plus, longue vie au restaurant <strong>Le Millenial<\/strong>\u2009! Nich\u00e9 au 52 de la rue Saint-Romain, \u00e0 deux pas de l\u2019historial Jeanne-d\u2019Arc, ce nouvel \u00e9tablissement a ouvert ses portes le mardi 29 juillet 2025, en plein centre-ville de <a href=\"https:\/\/actu.fr\/normandie\/rouen_76540\" rel=\"nofollow noopener\" target=\"_blank\">Rouen<\/a>. Il prend la place d\u2019une enseigne historique, vieille de plus de 20\u00a0ans\u2009! \u00c0 sa t\u00eate, la cheffe <strong>Ludivine Noiret<\/strong>, une ancienne du P\u2019tit Bec et de La Galerie.<\/p>\n<p>Un restaurant dans la nostalgie des ann\u00e9es 90\/2000<\/p>\n<p class=\" wall-content\">\u00ab\u2009Je voulais quelque chose qui me ressemble. \u00c7a fait longtemps que j\u2019avais l\u2019id\u00e9e de m\u2019installer \u00e0 mon compte\u2009\u00bb, confie la g\u00e9rante qui dirige donc aussi la cuisine.<\/p>\n<p class=\" wall-content\">Au mur, des portraits de Harry Potter, de Dragon Ball Z et tant d\u2019autres r\u00e9f\u00e9rences des ann\u00e9es 90-2000. <strong>Le lieu baigne dans la nostalgie<\/strong>. On retrouve aussi dans un coin un petit espace avec <strong>une console Super Nintendo.<\/strong> \u00ab\u2009Et on peut y jouer, \u00e9videmment\u2009\u00bb, souligne la g\u00e9rante en souriant. Un bureau avec des jeux de soci\u00e9t\u00e9s est aussi \u00e0 disposition.<\/p>\n<p>Ouvert le midi, mais pas que<\/p>\n<p class=\" wall-content\">C\u00f4t\u00e9 cuisine (c\u2019est peut-\u00eatre le plus important\u2009!),<strong> un menu du midi<\/strong> est propos\u00e9 tous les jours (le lieu est ouvert du lundi au samedi), avec le choix entre deux entr\u00e9es, deux plats et des desserts.<\/p>\n<p class=\" wall-content\">Pour les prix, le plat seul est \u00e0 14\u00a0euros. Il faut compter 17,50\u00a0euros pour la formule entr\u00e9e\/ plat ou plat\/dessert et 21\u00a0euros pour la compl\u00e8te. \u00ab\u2009On travaille des produits frais, du fait maison\u2009\u00bb, commente la cheffe. Le menu varie plusieurs fois par semaine, selon ses inspirations entre cuisine traditionnelle et \u00ab\u2009plats de grand-m\u00e8re\u2009\u00bb.<\/p>\n<p class=\" wall-content\">En plus du midi, Le Millenial est \u00e9galement ouvert deux soirs par semaine, le vendredi et le samedi. L\u2019\u00e9tablissement propose aussi une <strong>formule petit d\u00e9jeuner en mode brunch<\/strong>, d\u00e8s le matin \u00e0 partir de 9\u00a0heures, ainsi qu\u2019un service en continu et sans interruption jusqu\u2019\u00e0 18\u00a0heures seulement sur la carte \u00ab\u2009grignotage\u2009\u00bb, qui offre un \u00e9ventail de choix (falafels, croquettes de pomme de terre, crab cakes, planches ou encore tenders de poulet).<\/p>\n<p><strong>Infos Pratiques<\/strong><br \/>Le Millenial, 52 rue Saint-Romain \u00e0 Rouen<\/p>\n<p>Suivez l\u2019actualit\u00e9 de Rouen sur <a href=\"https:\/\/www.whatsapp.com\/channel\/0029VaKfnf99hXF2ddApFB1D\" rel=\"nofollow noopener\" target=\"_blank\">notre cha\u00eene WhatsApp<\/a> et sur <a href=\"https:\/\/www.tiktok.com\/@76actu.fr?lang=fr\" rel=\"nofollow noopener\" target=\"_blank\">notre compte Tik Tok<\/a><\/p>\n<p class=\" wall-content\">Suivez toute l\u2019actualit\u00e9 de vos villes et m\u00e9dias favoris en vous inscrivant \u00e0 <a href=\"https:\/\/moncompte.actu.fr\" title=\"D\u00e9couvez Mon Actu\" rel=\"nofollow noopener\" data-trk=\"{&quot;cta&quot;:{&quot;action&quot;:&quot;https:\\\/\\\/moncompte.actu.fr&quot;,&quot;category&quot;:&quot;mon compte&quot;,&quot;from&quot;:&quot;article footer&quot;,&quot;name&quot;:&quot;Mon actu&quot;,&quot;type&quot;:&quot;cta&quot;}}\" target=\"_blank\">Mon Actu<\/a>.<\/p>\n<p>                    <script async src=\"\/\/www.tiktok.com\/embed.js\"><\/script><\/p>\n","protected":false},"excerpt":{"rendered":"Par Adrien Filoche Publi\u00e9 le 31 juil. 2025 \u00e0 19h12 La Cr\u00eaperie Le Saint Romain n\u2019est plus, longue&hellip;\n","protected":false},"author":2,"featured_media":287234,"comment_status":"","ping_status":"","sticky":false,"template":"","format":"standard","meta":{"footnotes":""},"categories":[9587],"tags":[1111,11,9086,1777,674,1011,27,1652,12,5161,3147,25,1340,9590],"class_list":{"0":"post-287233","1":"post","2":"type-post","3":"status-publish","4":"format-standard","5":"has-post-thumbnail","7":"category-rouen","8":"tag-actu","9":"tag-actualites","10":"tag-bon-plan-a-rouen","11":"tag-eu","12":"tag-europe","13":"tag-fr","14":"tag-france","15":"tag-loisirs-culture","16":"tag-news","17":"tag-normandie","18":"tag-nouveaux-commerces","19":"tag-republique-francaise","20":"tag-restaurant","21":"tag-rouen"},"share_on_mastodon":{"url":"https:\/\/pubeurope.com\/@fr\/114949120621268437","error":""},"_links":{"self":[{"href":"https:\/\/www.europesays.com\/fr\/wp-json\/wp\/v2\/posts\/287233","targetHints":{"allow":["GET"]}}],"collection":[{"href":"https:\/\/www.europesays.com\/fr\/wp-json\/wp\/v2\/posts"}],"about":[{"href":"https:\/\/www.europesays.com\/fr\/wp-json\/wp\/v2\/types\/post"}],"author":[{"embeddable":true,"href":"https:\/\/www.europesays.com\/fr\/wp-json\/wp\/v2\/users\/2"}],"replies":[{"embeddable":true,"href":"https:\/\/www.europesays.com\/fr\/wp-json\/wp\/v2\/comments?post=287233"}],"version-history":[{"count":0,"href":"https:\/\/www.europesays.com\/fr\/wp-json\/wp\/v2\/posts\/287233\/revisions"}],"wp:featuredmedia":[{"embeddable":true,"href":"https:\/\/www.europesays.com\/fr\/wp-json\/wp\/v2\/media\/287234"}],"wp:attachment":[{"href":"https:\/\/www.europesays.com\/fr\/wp-json\/wp\/v2\/media?parent=287233"}],"wp:term":[{"taxonomy":"category","embeddable":true,"href":"https:\/\/www.europesays.com\/fr\/wp-json\/wp\/v2\/categories?post=287233"},{"taxonomy":"post_tag","embeddable":true,"href":"https:\/\/www.europesays.com\/fr\/wp-json\/wp\/v2\/tags?post=287233"}],"curies":[{"name":"wp","href":"https:\/\/api.w.org\/{rel}","templated":true}]}}