{"id":287235,"date":"2025-07-31T17:52:13","date_gmt":"2025-07-31T17:52:13","guid":{"rendered":"https:\/\/www.europesays.com\/fr\/287235\/"},"modified":"2025-07-31T17:52:13","modified_gmt":"2025-07-31T17:52:13","slug":"grenoble-samse-en-positif-grace-a-ses-acquisitions-sur-le-1er-semestre-2025","status":"publish","type":"post","link":"https:\/\/www.europesays.com\/fr\/287235\/","title":{"rendered":"Grenoble. Samse en positif gr\u00e2ce \u00e0 ses acquisitions sur le 1er semestre 2025"},"content":{"rendered":"<p>Le Groupe Samse a publi\u00e9 ce jeudi 31\u00a0juillet, en fin de journ\u00e9e, son chiffre d\u2019affaires pour le deuxi\u00e8me trimestre 2025 et pour le premier semestre de l\u2019ann\u00e9e.<\/p>\n<p>Sur T2, \u201cdans des conditions de march\u00e9 d\u00e9grad\u00e9es\u201d, le groupe is\u00e9rois a enregistr\u00e9 un chiffre d\u2019affaires de 534,1\u00a0M\u20ac en recule de &#8211; 0,4\u00a0% en donn\u00e9es publi\u00e9es par rapport \u00e0 T2 2024 et de &#8211; 4,9\u00a0% \u00e0 p\u00e9rim\u00e8tre comparable. Le chiffre d\u2019affaires de l\u2019activit\u00e9 \u201cN\u00e9goce\u201d s\u2019\u00e9tablit \u00e0 429\u00a0M\u20ac (-4,9\u00a0% \u00e0 p\u00e9rim\u00e8tre comparable sur un an, +0,7 en donn\u00e9es publi\u00e9es) et celui l\u2019activit\u00e9 \u201cBricolage\u201d \u00e0 105,5\u00a0M\u20ac (-4,7\u00a0% en donn\u00e9es publi\u00e9es sur un an). Pour m\u00e9moire, les enseignes <a href=\"https:\/\/www.ledauphine.com\/economie\/2024\/05\/06\/isere-le-groupe-samse-realise-la-plus-grosse-operation-de-croissance-externe-de-son-histoire\" target=\"_blank\" rel=\"noopener\">VM Mat\u00e9riaux, LNTP et Cominex<\/a> ont rejoint le groupe au 1er \u00a0mai 2024.<\/p>\n<p>  Le march\u00e9 du bricolage en contraction<\/p>\n<p>Sur le semestre le chiffre d\u2019affaires du Groupe atteint 1,005\u00a0Md\u20ac, en hausse de 4,6\u00a0% (en donn\u00e9es publi\u00e9es sur un an), en recul de 6,3\u00a0% \u00e0 p\u00e9rim\u00e8tre comparable. \u201cL\u2019activit\u00e9 \u201cN\u00e9goce\u201d g\u00e9n\u00e8re un chiffre d\u2019affaires de 814\u00a0M\u20ac, en hausse de 7,4\u00a0% \u00e0 p\u00e9rim\u00e8tre r\u00e9el en raison de l\u2019impact des enseignes VM, LNTP, et Cominex, d\u00e9taille le groupe dans un communiqu\u00e9. \u00c0 p\u00e9rim\u00e8tre comparable, l\u2019activit\u00e9 \u201cN\u00e9goce\u201d affiche un recul de 6,4\u00a0%. L\u2019activit\u00e9 \u201cBricolage\u201d totalise 191\u00a0M\u20ac de chiffre d\u2019affaires \u00e0 fin juin\u00a02025, en diminution de 5,8\u00a0% par rapport \u00e0 l\u2019ann\u00e9e pr\u00e9c\u00e9dente. Cette \u00e9volution s\u2019inscrit dans un march\u00e9 \u00e9galement en contraction, avec une baisse estim\u00e9e \u00e0 2,2\u00a0% selon les indices mensuels de la Banque de France.\u201d<\/p>\n","protected":false},"excerpt":{"rendered":"Le Groupe Samse a publi\u00e9 ce jeudi 31\u00a0juillet, en fin de journ\u00e9e, son chiffre d\u2019affaires pour le deuxi\u00e8me&hellip;\n","protected":false},"author":2,"featured_media":287236,"comment_status":"","ping_status":"","sticky":false,"template":"","format":"standard","meta":{"footnotes":""},"categories":[9566],"tags":[1111,11,2430,4749,9810,33,112,1777,674,107,1795,1011,27,2731,2732,108,12,25,216],"class_list":{"0":"post-287235","1":"post","2":"type-post","3":"status-publish","4":"format-standard","5":"has-post-thumbnail","7":"category-grenoble","8":"tag-actu","9":"tag-actualites","10":"tag-auvergne-rhone-alpes","11":"tag-btp-et-chantiers","12":"tag-direct-entreprises","13":"tag-economie","14":"tag-edition-grenoble-agglomeration","15":"tag-eu","16":"tag-europe","17":"tag-fil-info","18":"tag-fil-web","19":"tag-fr","20":"tag-france","21":"tag-grenoble","22":"tag-grenoble-bassin","23":"tag-isere","24":"tag-news","25":"tag-republique-francaise","26":"tag-vie-des-entreprises"},"share_on_mastodon":{"url":"https:\/\/pubeurope.com\/@fr\/114949124492612596","error":""},"_links":{"self":[{"href":"https:\/\/www.europesays.com\/fr\/wp-json\/wp\/v2\/posts\/287235","targetHints":{"allow":["GET"]}}],"collection":[{"href":"https:\/\/www.europesays.com\/fr\/wp-json\/wp\/v2\/posts"}],"about":[{"href":"https:\/\/www.europesays.com\/fr\/wp-json\/wp\/v2\/types\/post"}],"author":[{"embeddable":true,"href":"https:\/\/www.europesays.com\/fr\/wp-json\/wp\/v2\/users\/2"}],"replies":[{"embeddable":true,"href":"https:\/\/www.europesays.com\/fr\/wp-json\/wp\/v2\/comments?post=287235"}],"version-history":[{"count":0,"href":"https:\/\/www.europesays.com\/fr\/wp-json\/wp\/v2\/posts\/287235\/revisions"}],"wp:featuredmedia":[{"embeddable":true,"href":"https:\/\/www.europesays.com\/fr\/wp-json\/wp\/v2\/media\/287236"}],"wp:attachment":[{"href":"https:\/\/www.europesays.com\/fr\/wp-json\/wp\/v2\/media?parent=287235"}],"wp:term":[{"taxonomy":"category","embeddable":true,"href":"https:\/\/www.europesays.com\/fr\/wp-json\/wp\/v2\/categories?post=287235"},{"taxonomy":"post_tag","embeddable":true,"href":"https:\/\/www.europesays.com\/fr\/wp-json\/wp\/v2\/tags?post=287235"}],"curies":[{"name":"wp","href":"https:\/\/api.w.org\/{rel}","templated":true}]}}