{"id":287241,"date":"2025-07-31T17:55:18","date_gmt":"2025-07-31T17:55:18","guid":{"rendered":"https:\/\/www.europesays.com\/fr\/287241\/"},"modified":"2025-07-31T17:55:18","modified_gmt":"2025-07-31T17:55:18","slug":"gerants-de-deux-restaurants-a-rennes-ils-vont-ouvrir-une-epicerie-italienne","status":"publish","type":"post","link":"https:\/\/www.europesays.com\/fr\/287241\/","title":{"rendered":"g\u00e9rants de deux restaurants \u00e0 Rennes, ils vont ouvrir une \u00e9picerie italienne"},"content":{"rendered":"<p>            Par<br \/>\n        <strong><br \/>\n            <a href=\"https:\/\/actu.fr\/auteur\/lou-batteux\" title=\"Consulter tous les articles de Lou Batteux\" target=\"_blank\" rel=\"noopener\">Lou Batteux<\/a><br \/>\n        <\/strong><\/p>\n<p>        Publi\u00e9 le<\/p>\n<p>            31 juil. 2025 \u00e0 18h03        <\/p>\n<p>Si cela fait \u00e0 peine un an que leur <strong>deuxi\u00e8me restaurant, Supino,<\/strong> a ouvert \u00e0 <a href=\"https:\/\/actu.fr\/rennes\/\" target=\"_blank\" rel=\"noopener\">Rennes<\/a>, <strong>L\u00e9onardo et Adriano Peruzzi<\/strong> vont bient\u00f4t inaugurer leur troisi\u00e8me commerce aux saveurs d\u2019Italie dans le centre de la capitale bretonne.<\/p>\n<p>Les clients de leurs restos demandeurs<\/p>\n<p class=\" wall-content\">Jambon de Parme, mozzarella, huile d\u2019olive, vins rouges\u2026 La future <strong>\u00e9picerie La Fabrica di Supino<\/strong> r\u00e9galera les papilles des amateurs de sp\u00e9cialit\u00e9s italiennes.<\/p>\n<blockquote class=\"ac-article-quote wall-content\">\n<p>Dans nos deux restaurants, des clients fid\u00e8les nous demandaient s&rsquo;ils pouvaient acheter nos produits au d\u00e9tail. Et \u00e7a nous est d\u00e9j\u00e0 arriv\u00e9 de leur vendre du jambon ou des p\u00e2tes par exemple. C&rsquo;est comme \u00e7a que l&rsquo;id\u00e9e d&rsquo;ouvrir une \u00e9picerie italienne nous est venue.<\/p>\n<p>    <strong>L\u00e9onardo<\/strong><br \/>\n        Co-g\u00e9rant des restaurants italiens Ciao Bella et Supino, \u00e0 Rennes    <\/p><\/blockquote>\n<p class=\" wall-content\">Apr\u00e8s avoir \u00e9t\u00e9 <a href=\"https:\/\/actu.fr\/bretagne\/rennes_35238\/rennes-renove-son-centre-ancien-et-met-sur-le-marche-de-nouveaux-logements-plus-accessibles_62598998.html\" target=\"_blank\" rel=\"noopener\">s\u00e9lectionn\u00e9s par la Ville de Rennes parmi d\u2019autres projets pour occuper le local commercial de l\u2019immeuble r\u00e9nov\u00e9 du <strong>14, rue d\u2019Antrain<\/strong><\/a>, les deux fr\u00e8res Peruzzi ont rapidement sign\u00e9 le bail et commenc\u00e9 \u00e0 pr\u00e9parer les plans des travaux.<\/p>\n<p class=\" wall-content\">Ces derniers vont d\u00e9marrer prochainement pour une ouverture du magasin pr\u00e9vue <strong>fin octobre\u00a02025<\/strong>. \u00ab\u2009Pour l\u2019instant, on termine les <strong>travaux d\u2019agrandissement de Ciao Bella<\/strong>\u2009\u00bb, explique L\u00e9onardo.<\/p>\n<p class=\" wall-content\"><a href=\"https:\/\/www.instagram.com\/p\/DMVf84mMe6p\/embed\" title=\"Ouvrir le lien sur Instagram\" target=\"_blank\" rel=\"noopener\">Visualiser le contenu sur Instagram<\/a><\/p>\n<p>\u00ab\u2009On a envie de montrer notre savoir-faire\u2009\u00bb<\/p>\n<p class=\" wall-content\">Mais alors, que r\u00e9serve cette \u00e9picerie\u2009? Vous pourrez y retrouver au d\u00e9tail les <strong>produits italiens utilis\u00e9s dans les deux restaurants associ\u00e9s<\/strong> (charcuterie, fromages, huile d\u2019olive, p\u00e2tes, vins\u2026) ainsi que des <strong>plats pr\u00e9par\u00e9s, mais<\/strong>\u00a0aussi\u00a0un <strong>atelier de fabrication de p\u00e2tes fra\u00eeches <\/strong>install\u00e9 \u00ab\u2009devant les yeux des clients\u2009\u00bb.<\/p>\n<blockquote class=\"ac-article-quote wall-content\">\n<p>C&rsquo;est quelque chose qu&rsquo;on ne montre pas aux gens. C&rsquo;est regrettable. On a envie de montrer notre savoir-faire et d&rsquo;\u00eatre transparent avec nos clients.<\/p>\n<p>    <strong>L\u00e9onardo<\/strong><br \/>\n        Co-g\u00e9rant des restaurants italiens Ciao Bella et Supino, \u00e0 Rennes    <\/p><\/blockquote>\n<p>Un attachement fort \u00e0 l\u2019Italie<\/p>\n<p class=\" wall-content\">\u00ab\u2009Attach\u00e9s au terroir italien\u2009\u00bb, L\u00e9onardo et Adriano se sont d\u2019ailleurs inspir\u00e9 du <strong>nom du village d\u2019enfance de leur p\u00e8re<\/strong>, en Italie, pour baptiser leur future \u00e9picerie La Fabrica di Supino. \u00ab\u2009On veut proposer des produits <strong>s\u00e9lectionn\u00e9s par nos soins<\/strong> et que l\u2019on ne trouve pas n\u2019importe o\u00f9 ailleurs\u2009\u00bb, indique L\u00e9onardo.<\/p>\n<p class=\" wall-content\">La mozzarella vient tout droit de <strong>la Ferme d\u2019Opal<\/strong>, \u00e0 Saint-Gilles, et les vins sont issus de <strong>vignerons ind\u00e9pendants en Italie<\/strong>. En clair\u2009: des produits accessibles, ou du moins \u00ab\u2009au juste prix\u2009\u00bb, avec \u00ab\u2009la meilleure qualit\u00e9\u2009\u00bb, appuient les futurs g\u00e9rants.<\/p>\n<p>    <img decoding=\"async\" loading=\"lazy\" src=\"https:\/\/www.europesays.com\/fr\/wp-content\/uploads\/2025\/07\/epicerie-italienne-centre-rennes-960x640.jpg\" alt=\"Actuellement en am\u00e9nagement, le local commercial de l'immeuble du 14, rue d'Antrain, ouvrira ses portes fin octobre 2025 pour le plaisir des friands de gastronomie italienne.\" width=\"960\" height=\"640\"\/><br \/>\n    Actuellement en am\u00e9nagement, le local commercial de l\u2019immeuble du 14, rue d\u2019Antrain, ouvrira ses portes fin octobre\u00a02025 pour le plaisir des friands de gastronomie italienne. (\u00a9Rennes Centre Ancien)<\/p>\n<p class=\" wall-content\">Les deux \u00ab\u2009fratelli\u2009\u00bb pr\u00e9voient aussi de mettre en place un <strong>service traiteur <\/strong>en partenariat avec le food-truck de la Ferme d\u2019Opal \u00ab\u2009pour les lendemains de mariage par exemple\u2009\u00bb, mais le projet a encore \u00ab\u2009besoin d\u2019\u00eatre r\u00e9fl\u00e9chi\u2009\u00bb, temp\u00e8rent-ils.<\/p>\n<p class=\" wall-content\">\u00c0 l\u2019occasion de l\u2019ouverture de La Fabrica di Supino <strong>fin octobre\u00a02025<\/strong>, un <strong>\u00e9v\u00e9nement<\/strong> (encore secret) sera organis\u00e9. En attendant, vous pouvez suivre l\u2019avanc\u00e9e des travaux et retrouver plus d\u2019informations sur le <a href=\"https:\/\/www.instagram.com\/fratelliperuzzi\/\" target=\"_blank\" rel=\"noopener\">compte Instagram fratelliperuzzi<\/a>.<\/p>\n<p class=\" wall-content\">Suivez toute l\u2019actualit\u00e9 de vos villes et m\u00e9dias favoris en vous inscrivant \u00e0 <a href=\"https:\/\/moncompte.actu.fr\" title=\"D\u00e9couvez Mon Actu\" rel=\"nofollow noopener\" data-trk=\"{&quot;cta&quot;:{&quot;action&quot;:&quot;https:\\\/\\\/moncompte.actu.fr&quot;,&quot;category&quot;:&quot;mon compte&quot;,&quot;from&quot;:&quot;article footer&quot;,&quot;name&quot;:&quot;Mon actu&quot;,&quot;type&quot;:&quot;cta&quot;}}\" target=\"_blank\">Mon Actu<\/a>.<\/p>\n<p>                    <script async src=\"\/\/www.instagram.com\/embed.js\"><\/script><\/p>\n","protected":false},"excerpt":{"rendered":"Par Lou Batteux Publi\u00e9 le 31 juil. 2025 \u00e0 18h03 Si cela fait \u00e0 peine un an que&hellip;\n","protected":false},"author":2,"featured_media":287242,"comment_status":"","ping_status":"","sticky":false,"template":"","format":"standard","meta":{"footnotes":""},"categories":[2821],"tags":[1111,11,829,1777,674,1011,27,452,12,584,25,1340,10619,104],"class_list":{"0":"post-287241","1":"post","2":"type-post","3":"status-publish","4":"format-standard","5":"has-post-thumbnail","7":"category-rennes","8":"tag-actu","9":"tag-actualites","10":"tag-bretagne","11":"tag-eu","12":"tag-europe","13":"tag-fr","14":"tag-france","15":"tag-italie","16":"tag-news","17":"tag-rennes","18":"tag-republique-francaise","19":"tag-restaurant","20":"tag-restos-de-rennes","21":"tag-societe"},"share_on_mastodon":{"url":"https:\/\/pubeurope.com\/@fr\/114949136442829498","error":""},"_links":{"self":[{"href":"https:\/\/www.europesays.com\/fr\/wp-json\/wp\/v2\/posts\/287241","targetHints":{"allow":["GET"]}}],"collection":[{"href":"https:\/\/www.europesays.com\/fr\/wp-json\/wp\/v2\/posts"}],"about":[{"href":"https:\/\/www.europesays.com\/fr\/wp-json\/wp\/v2\/types\/post"}],"author":[{"embeddable":true,"href":"https:\/\/www.europesays.com\/fr\/wp-json\/wp\/v2\/users\/2"}],"replies":[{"embeddable":true,"href":"https:\/\/www.europesays.com\/fr\/wp-json\/wp\/v2\/comments?post=287241"}],"version-history":[{"count":0,"href":"https:\/\/www.europesays.com\/fr\/wp-json\/wp\/v2\/posts\/287241\/revisions"}],"wp:featuredmedia":[{"embeddable":true,"href":"https:\/\/www.europesays.com\/fr\/wp-json\/wp\/v2\/media\/287242"}],"wp:attachment":[{"href":"https:\/\/www.europesays.com\/fr\/wp-json\/wp\/v2\/media?parent=287241"}],"wp:term":[{"taxonomy":"category","embeddable":true,"href":"https:\/\/www.europesays.com\/fr\/wp-json\/wp\/v2\/categories?post=287241"},{"taxonomy":"post_tag","embeddable":true,"href":"https:\/\/www.europesays.com\/fr\/wp-json\/wp\/v2\/tags?post=287241"}],"curies":[{"name":"wp","href":"https:\/\/api.w.org\/{rel}","templated":true}]}}