{"id":287265,"date":"2025-07-31T18:09:13","date_gmt":"2025-07-31T18:09:13","guid":{"rendered":"https:\/\/www.europesays.com\/fr\/287265\/"},"modified":"2025-07-31T18:09:13","modified_gmt":"2025-07-31T18:09:13","slug":"laffaire-vueling-retentit-jusqua-marseille","status":"publish","type":"post","link":"https:\/\/www.europesays.com\/fr\/287265\/","title":{"rendered":"l&rsquo;affaire Vueling retentit jusqu&rsquo;\u00e0 Marseille"},"content":{"rendered":"<p>La pol\u00e9mique sur l'\u00a0\u00bb<a href=\"https:\/\/www.laprovence.com\/article\/faits-divers-justice\/6150390497339314\/acte-antisemite-ou-pas-controverse-sur-le-debarquement-d-adolescents-francais-juifs-d-un-avion-en-espagne\" target=\"_blank\" rel=\"noopener\">affaire Vueling<\/a>\u00a0\u00bb retentit jusqu\u2019\u00e0 <a href=\"https:\/\/www.laprovence.com\/bouches-du-rhone\/marseille-13055\" target=\"_blank\" rel=\"noopener\">Marseille<\/a>. Ce jeudi 31\u00a0juillet au matin devant le consulat espagnol, une soixantaine de personnes se sont rassembl\u00e9es \u00e0 l\u2019appel de l\u2019association des avocats juifs de Marseille, avec le soutien du <a href=\"https:\/\/www.laprovence.com\/article\/region\/1692900084006115\/7-octobre-on-a-defigure-lhumanite-le-cri-du-coeur-de-fabienne-bendayan-presidente-du-crif-marseille-provence\" target=\"_blank\" rel=\"noopener\">Crif<\/a>, pour d\u00e9noncer l\u2019attitude de la compagnie, qu\u2019elles qualifient d'\u00a0\u00bbantis\u00e9mite\u00a0\u00bb.<\/p>\n<p>Le 23 juillet dernier, 44 adolescents fran\u00e7ais de confession juive devaient revenir de Valence (Espagne) apr\u00e8s une colonie de vacances avec leurs accompagnateurs, par un vol Vueling \u00e0 destination de Paris. Leur retour sera finalement diff\u00e9r\u00e9 apr\u00e8s que ces passagers ont \u00e9t\u00e9 d\u00e9barqu\u00e9s par la Guardia civil espagnole apr\u00e8s de vifs \u00e9changes avec le personnel de bord, relate la compagnie dans plusieurs communiqu\u00e9s. Une plainte pour \u00ab\u00a0discrimination sur le fondement de la religion\u00a0\u00bb et \u00ab\u00a0violence physique et psychologique\u00a0\u00bb a \u00e9t\u00e9 d\u00e9pos\u00e9e par le Club Kineret &#8211; l\u2019association qui organisait ces vacances &#8211; contre le transporteur low-cost.<\/p>\n","protected":false},"excerpt":{"rendered":"La pol\u00e9mique sur l&rsquo;\u00a0\u00bbaffaire Vueling\u00a0\u00bb retentit jusqu\u2019\u00e0 Marseille. Ce jeudi 31\u00a0juillet au matin devant le consulat espagnol, une&hellip;\n","protected":false},"author":2,"featured_media":287266,"comment_status":"","ping_status":"","sticky":false,"template":"","format":"standard","meta":{"footnotes":""},"categories":[2814],"tags":[17,1111,11,154,1777,674,42591,1011,27,42592,884,12,3946,882,16,25,42593,14899,39532],"class_list":{"0":"post-287265","1":"post","2":"type-post","3":"status-publish","4":"format-standard","5":"has-post-thumbnail","7":"category-marseille","8":"tag-17","9":"tag-actu","10":"tag-actualites","11":"tag-des","12":"tag-eu","13":"tag-europe","14":"tag-excuses","15":"tag-fr","16":"tag-france","17":"tag-laffaire","18":"tag-marseille","19":"tag-news","20":"tag-nous","21":"tag-provence-alpes-cote-dazur","22":"tag-region","23":"tag-republique-francaise","24":"tag-retentit","25":"tag-voulons","26":"tag-vueling"},"share_on_mastodon":{"url":"https:\/\/pubeurope.com\/@fr\/114949191337711519","error":""},"_links":{"self":[{"href":"https:\/\/www.europesays.com\/fr\/wp-json\/wp\/v2\/posts\/287265","targetHints":{"allow":["GET"]}}],"collection":[{"href":"https:\/\/www.europesays.com\/fr\/wp-json\/wp\/v2\/posts"}],"about":[{"href":"https:\/\/www.europesays.com\/fr\/wp-json\/wp\/v2\/types\/post"}],"author":[{"embeddable":true,"href":"https:\/\/www.europesays.com\/fr\/wp-json\/wp\/v2\/users\/2"}],"replies":[{"embeddable":true,"href":"https:\/\/www.europesays.com\/fr\/wp-json\/wp\/v2\/comments?post=287265"}],"version-history":[{"count":0,"href":"https:\/\/www.europesays.com\/fr\/wp-json\/wp\/v2\/posts\/287265\/revisions"}],"wp:featuredmedia":[{"embeddable":true,"href":"https:\/\/www.europesays.com\/fr\/wp-json\/wp\/v2\/media\/287266"}],"wp:attachment":[{"href":"https:\/\/www.europesays.com\/fr\/wp-json\/wp\/v2\/media?parent=287265"}],"wp:term":[{"taxonomy":"category","embeddable":true,"href":"https:\/\/www.europesays.com\/fr\/wp-json\/wp\/v2\/categories?post=287265"},{"taxonomy":"post_tag","embeddable":true,"href":"https:\/\/www.europesays.com\/fr\/wp-json\/wp\/v2\/tags?post=287265"}],"curies":[{"name":"wp","href":"https:\/\/api.w.org\/{rel}","templated":true}]}}