{"id":287267,"date":"2025-07-31T18:10:29","date_gmt":"2025-07-31T18:10:29","guid":{"rendered":"https:\/\/www.europesays.com\/fr\/287267\/"},"modified":"2025-07-31T18:10:29","modified_gmt":"2025-07-31T18:10:29","slug":"une-octogenaire-braquee-chez-elle-dans-le-13e-arrondissement-de-marseille","status":"publish","type":"post","link":"https:\/\/www.europesays.com\/fr\/287267\/","title":{"rendered":"Une octog\u00e9naire braqu\u00e9e chez elle dans le 13e arrondissement de Marseille"},"content":{"rendered":"<p>La victime, une dame \u00e2g\u00e9e, se trouvait chez elle, cet apr\u00e8s-midi du mercredi 30 juillet 2025, lorsque, peu avant 14h, un homme est apparu dans son appartement.<\/p>\n<p>Cette octog\u00e9naire install\u00e9e dans un logement situ\u00e9 en rez-de-chauss\u00e9e d&rsquo;un immeuble du quartier de la Croix-Rouge, dans le 13e arrondissement de Marseille, n&rsquo;a gu\u00e8re eu le temps de r\u00e9agir : l&rsquo;intrus arm\u00e9 d&rsquo;un couteau et accompagn\u00e9 d&rsquo;un deuxi\u00e8me homme l&rsquo;a imm\u00e9diatement menac\u00e9e avant de l&rsquo;enfermer dans sa cuisine.<\/p>\n<p>Un complice fouille l&rsquo;appartement\u00a0<\/p>\n<p>Pendant que le premier maintenait la victime en respect avec son arme, son complice proc\u00e9dait \u00e0 la fouille du logement. Apr\u00e8s quelques minutes, <a href=\"https:\/\/www.laprovence.com\/article\/faits-divers-justice\/1350807293098114\/marseille-ligote-et-baillonne-un-commercant-braque-violemment-a-son-domicile-dans-les-quartiers-nord\" target=\"_blank\" rel=\"noopener\">les deux braqueurs ont pris la fuite<\/a> \u00e0 pied avec les bijoux, ainsi qu&rsquo;un t\u00e9l\u00e9phone appartenant \u00e0 leur victime.<\/p>\n<p>\u00c2g\u00e9e de 84 ans, cette derni\u00e8re a pu donner l&rsquo;alerte, choqu\u00e9e mais indemne.<\/p>\n<p>Dans l&rsquo;apr\u00e8s-midi, des techniciens de la police scientifique ont effectu\u00e9 des pr\u00e9l\u00e8vements sur la sc\u00e8ne de crime et une enqu\u00eate a \u00e9t\u00e9 ouverte afin de remonter la piste des deux braqueurs.<\/p>\n","protected":false},"excerpt":{"rendered":"La victime, une dame \u00e2g\u00e9e, se trouvait chez elle, cet apr\u00e8s-midi du mercredi 30 juillet 2025, lorsque, peu&hellip;\n","protected":false},"author":2,"featured_media":287268,"comment_status":"","ping_status":"","sticky":false,"template":"","format":"standard","meta":{"footnotes":""},"categories":[2814],"tags":[42595,17,1111,11,42594,1102,3530,1446,3170,1777,674,274,1011,27,884,12,13935,882,25,96],"class_list":{"0":"post-287267","1":"post","2":"type-post","3":"status-publish","4":"format-standard","5":"has-post-thumbnail","7":"category-marseille","8":"tag-13e","9":"tag-17","10":"tag-actu","11":"tag-actualites","12":"tag-braquee","13":"tag-breakingnews","14":"tag-chez","15":"tag-dans","16":"tag-elle","17":"tag-eu","18":"tag-europe","19":"tag-faits-divers-justice","20":"tag-fr","21":"tag-france","22":"tag-marseille","23":"tag-news","24":"tag-octogenaire","25":"tag-provence-alpes-cote-dazur","26":"tag-republique-francaise","27":"tag-une"},"share_on_mastodon":{"url":"https:\/\/pubeurope.com\/@fr\/114949195292794671","error":""},"_links":{"self":[{"href":"https:\/\/www.europesays.com\/fr\/wp-json\/wp\/v2\/posts\/287267","targetHints":{"allow":["GET"]}}],"collection":[{"href":"https:\/\/www.europesays.com\/fr\/wp-json\/wp\/v2\/posts"}],"about":[{"href":"https:\/\/www.europesays.com\/fr\/wp-json\/wp\/v2\/types\/post"}],"author":[{"embeddable":true,"href":"https:\/\/www.europesays.com\/fr\/wp-json\/wp\/v2\/users\/2"}],"replies":[{"embeddable":true,"href":"https:\/\/www.europesays.com\/fr\/wp-json\/wp\/v2\/comments?post=287267"}],"version-history":[{"count":0,"href":"https:\/\/www.europesays.com\/fr\/wp-json\/wp\/v2\/posts\/287267\/revisions"}],"wp:featuredmedia":[{"embeddable":true,"href":"https:\/\/www.europesays.com\/fr\/wp-json\/wp\/v2\/media\/287268"}],"wp:attachment":[{"href":"https:\/\/www.europesays.com\/fr\/wp-json\/wp\/v2\/media?parent=287267"}],"wp:term":[{"taxonomy":"category","embeddable":true,"href":"https:\/\/www.europesays.com\/fr\/wp-json\/wp\/v2\/categories?post=287267"},{"taxonomy":"post_tag","embeddable":true,"href":"https:\/\/www.europesays.com\/fr\/wp-json\/wp\/v2\/tags?post=287267"}],"curies":[{"name":"wp","href":"https:\/\/api.w.org\/{rel}","templated":true}]}}