{"id":287269,"date":"2025-07-31T18:11:23","date_gmt":"2025-07-31T18:11:23","guid":{"rendered":"https:\/\/www.europesays.com\/fr\/287269\/"},"modified":"2025-07-31T18:11:23","modified_gmt":"2025-07-31T18:11:23","slug":"lyon-quelle-etait-cette-importante-delegation-etrangere-apercue-devant-lhotel-dieu","status":"publish","type":"post","link":"https:\/\/www.europesays.com\/fr\/287269\/","title":{"rendered":"Lyon. Quelle \u00e9tait cette importante d\u00e9l\u00e9gation \u00e9trang\u00e8re aper\u00e7ue devant l\u2019H\u00f4tel-Dieu ? &#8211;"},"content":{"rendered":"<p>\t\t\t\t<img fetchpriority=\"high\" decoding=\"async\" width=\"640\" height=\"360\" src=\"https:\/\/www.europesays.com\/fr\/wp-content\/uploads\/2025\/07\/01-visite-ministre-saoudien-lyon.jpg\" alt=\"\" title=\"01 visite ministre saoudien lyon\"   class=\"wp-image-163638\"\/><\/p>\n<p>Ce matin, \u00e0 11h, grosse agitation devant l\u2019InterContinental &#8211; Photos Lyon People <\/p>\n<p><strong>Texte\u00a0: Morgan Couturier \u2013<\/strong> De bonne heure ce matin, bon nombre de Lyonnais auront remarqu\u00e9 une forte concentration de berlines allemandes devant l\u2019h\u00f4tel Intercontinental. Qui \u00e9tait dans la place\u00a0?<\/p>\n<p>Sc\u00e8ne inhabituelle ce jeudi 31 juillet 2025, lorsque les Lyonnais pris dans les habituels embouteillages \u00e9colos du quai Jules Courmont, ont pu apercevoir sur le parvis de l\u2019h\u00f4tel Intercontinental, une vingtaine de berlines \u00e9toil\u00e9es accompagn\u00e9es de nombreux vans aux vitres teint\u00e9es escort\u00e9s par les motards de la police nationale.<\/p>\n<p><img loading=\"lazy\" decoding=\"async\" class=\"alignnone size-full wp-image-163639\" src=\"data:image\/svg+xml,%3Csvg%20xmlns=\" http:=\"\" alt=\"\" width=\"640\" height=\"360\" data-lazy- data-lazy- data-lazy-src=\"https:\/\/www.europesays.com\/fr\/wp-content\/uploads\/2025\/07\/03-visite-ministre-saoudien-lyon.jpg\"\/><\/p>\n<p>D\u2019ordinaire tr\u00e8s appr\u00e9ci\u00e9 des stars de la chanson, l\u2019\u00e9tablissement aux 5 \u00e9toiles ne faisait pas l\u2019objet, cette fois, de la visite d\u2019un artiste de renomm\u00e9e internationale avant son show \u00e0 la LDLC Ar\u00e9na. La visite \u00e9tait selon nos informations, plus diplomatique.<\/p>\n<p>Premier indice\u00a0: de nombreuses personnes de la d\u00e9l\u00e9gation sont apparues en thobe, la tenue traditionnelle des \u00e9miratis. Renseignements pris, il s\u2019agissait des collaborateurs de son Altesse Royale le Prince <strong>Abdulaziz bin Saud<\/strong>, ministre de l\u2019Int\u00e9rieur d\u2019Arabie Saoudite et de l\u2019ambassadeur du royaume en France.<\/p>\n<p><img loading=\"lazy\" decoding=\"async\" class=\"alignnone size-full wp-image-163641\" src=\"data:image\/svg+xml,%3Csvg%20xmlns=\" http:=\"\" alt=\"\" width=\"640\" height=\"360\" data-lazy- data-lazy- data-lazy-src=\"https:\/\/www.europesays.com\/fr\/wp-content\/uploads\/2025\/07\/07-visite-ministre-saoudien-lyon.jpg\"\/><\/p>\n<p><strong>Un court s\u00e9jour sur la th\u00e9matique de la s\u00e9curit\u00e9<\/strong><\/p>\n<p>Selon nos informations, ce dernier a d\u00e9cid\u00e9 de faire une halte entre Rh\u00f4ne et Sa\u00f4ne, deux jours apr\u00e8s avoir rencontr\u00e9 le ministre de l\u2019Int\u00e9rieur fran\u00e7ais, <strong>Bruno Retailleau<\/strong>, place Beauvau, \u00e0 Paris.<\/p>\n<p>Accompagn\u00e9 de son vice-ministre, <strong>Dr. Hisham bin Abdulrahman Al-Faleh<\/strong>, du directeur g\u00e9n\u00e9ral des affaires juridiques et de la coop\u00e9ration internationale et de divers g\u00e9n\u00e9raux, le ministre de l\u2019Int\u00e9rieur saoudien en a alors profit\u00e9 pour \u00ab\u00a0r\u00e9affirmer l\u2019engagement du gouvernement saoudien \u00e0 renforcer sa collaboration avec la France dans la lutte contre toutes les formes de criminalit\u00e9, le d\u00e9mant\u00e8lement des r\u00e9seaux internationaux de trafic de drogue et de blanchiment d\u2019argent\u00a0\u00bb, d\u00e9voile la Saudi Press Agency.<\/p>\n<p><img loading=\"lazy\" decoding=\"async\" class=\"alignnone size-full wp-image-163640\" src=\"data:image\/svg+xml,%3Csvg%20xmlns=\" http:=\"\" alt=\"\" width=\"640\" height=\"360\" data-lazy- data-lazy- data-lazy-src=\"https:\/\/www.europesays.com\/fr\/wp-content\/uploads\/2025\/07\/05-visite-ministre-saoudien-lyon.jpg\"\/><\/p>\n<p>Apr\u00e8s un court voyage en Boeing 737 priv\u00e9, la d\u00e9l\u00e9gation saoudienne a donc pris ses quartiers \u00e0 Lyon pour une seconde escale sur le th\u00e8me de la s\u00e9curit\u00e9. En effet, une rencontre \u00e9tait organis\u00e9e entre son Altesse Royale le Prince Abdulaziz bin Saud et la direction d\u2019Interpol, bas\u00e9e \u00e0 la Cit\u00e9 Internationale.<\/p>\n<p>Un d\u00e9placement remarqu\u00e9 et une dr\u00f4le d\u2019agitation en cette p\u00e9riode estivale.<\/p>\n","protected":false},"excerpt":{"rendered":"Ce matin, \u00e0 11h, grosse agitation devant l\u2019InterContinental &#8211; Photos Lyon People Texte\u00a0: Morgan Couturier \u2013 De bonne&hellip;\n","protected":false},"author":2,"featured_media":287270,"comment_status":"","ping_status":"","sticky":false,"template":"","format":"standard","meta":{"footnotes":""},"categories":[1889],"tags":[4257,1111,11,2430,1777,674,1011,27,42596,2428,12,25],"class_list":{"0":"post-287269","1":"post","2":"type-post","3":"status-publish","4":"format-standard","5":"has-post-thumbnail","7":"category-lyon","8":"tag-0top","9":"tag-actu","10":"tag-actualites","11":"tag-auvergne-rhone-alpes","12":"tag-eu","13":"tag-europe","14":"tag-fr","15":"tag-france","16":"tag-lhotel-dieu","17":"tag-lyon","18":"tag-news","19":"tag-republique-francaise"},"share_on_mastodon":{"url":"https:\/\/pubeurope.com\/@fr\/114949199166595438","error":""},"_links":{"self":[{"href":"https:\/\/www.europesays.com\/fr\/wp-json\/wp\/v2\/posts\/287269","targetHints":{"allow":["GET"]}}],"collection":[{"href":"https:\/\/www.europesays.com\/fr\/wp-json\/wp\/v2\/posts"}],"about":[{"href":"https:\/\/www.europesays.com\/fr\/wp-json\/wp\/v2\/types\/post"}],"author":[{"embeddable":true,"href":"https:\/\/www.europesays.com\/fr\/wp-json\/wp\/v2\/users\/2"}],"replies":[{"embeddable":true,"href":"https:\/\/www.europesays.com\/fr\/wp-json\/wp\/v2\/comments?post=287269"}],"version-history":[{"count":0,"href":"https:\/\/www.europesays.com\/fr\/wp-json\/wp\/v2\/posts\/287269\/revisions"}],"wp:featuredmedia":[{"embeddable":true,"href":"https:\/\/www.europesays.com\/fr\/wp-json\/wp\/v2\/media\/287270"}],"wp:attachment":[{"href":"https:\/\/www.europesays.com\/fr\/wp-json\/wp\/v2\/media?parent=287269"}],"wp:term":[{"taxonomy":"category","embeddable":true,"href":"https:\/\/www.europesays.com\/fr\/wp-json\/wp\/v2\/categories?post=287269"},{"taxonomy":"post_tag","embeddable":true,"href":"https:\/\/www.europesays.com\/fr\/wp-json\/wp\/v2\/tags?post=287269"}],"curies":[{"name":"wp","href":"https:\/\/api.w.org\/{rel}","templated":true}]}}