{"id":287281,"date":"2025-07-31T18:18:11","date_gmt":"2025-07-31T18:18:11","guid":{"rendered":"https:\/\/www.europesays.com\/fr\/287281\/"},"modified":"2025-07-31T18:18:11","modified_gmt":"2025-07-31T18:18:11","slug":"un-million-deuros-de-bijoux-vole-dans-un-appartement-du-5e-arrondissement","status":"publish","type":"post","link":"https:\/\/www.europesays.com\/fr\/287281\/","title":{"rendered":"un million d&rsquo;euros de bijoux vol\u00e9 dans un appartement du 5e arrondissement"},"content":{"rendered":"<p>La victime a d\u00e9clar\u00e9 avoir laiss\u00e9 les cl\u00e9s de l\u2019appartement dans la bo\u00eete aux lettres avant de partir en vacances.<\/p>\n<p class=\"fig-paragraph\">Une femme a port\u00e9 plainte\u00a0<a href=\"http:\/\/www.lefigaro.fr\/faits-divers\/paris-vol-d-un-ordinateur-contenant-des-donnees-confidentielles-de-l-iggn-20240316\" data-fig-type=\"NewsFlash\" data-gtm-custom-categorie=\"navigation\" data-gtm-custom-action=\"crossclick\" data-gtm-custom-label=\"Contextuel\" data-gtm-event=\"customEventSPE\" data-fig-domain=\"LEFIGARO\" rel=\"nofollow noopener\" target=\"_blank\">pour le vol<\/a>\u00a0d&rsquo;un million d&rsquo;euros de bijoux dans son appartement parisien alors qu&rsquo;elle \u00e9tait partie en vacances et avait laiss\u00e9 ses cl\u00e9s dans sa bo\u00eete aux lettres, a-t-on appris jeudi de source polici\u00e8re.<\/p>\n<p class=\"fig-paragraph\">Le vol, qui s&rsquo;est d\u00e9roul\u00e9 sans effraction dans un appartement du 5e arrondissement de Paris, a \u00e9t\u00e9 signal\u00e9 mercredi par la victime, qui a expliqu\u00e9 avoir d\u00e9pos\u00e9 ses cl\u00e9s dans sa bo\u00eete aux lettres avant de partir en vacances pour deux semaines, a relat\u00e9 la source polici\u00e8re.<\/p>\n<p>                                    <a class=\"fig-a11y-skip a11y-hidden\" href=\"#fig-a11y-skip-main-inarticle\"><br \/>\n        Passer la publicit\u00e9<br \/>\n    <\/a><\/p>\n<p class=\"fig-paragraph\">C&rsquo;est \u00e0 son retour de vacances qu&rsquo;elle a constat\u00e9 que son appartement avait \u00e9t\u00e9 fouill\u00e9 et ses bijoux vol\u00e9s. L&rsquo;enqu\u00eate a \u00e9t\u00e9 confi\u00e9e \u00e0 la Brigade de r\u00e9pression du banditisme (BRB), a indiqu\u00e9 le parquet de Paris, apr\u00e8s le d\u00e9p\u00f4t d&rsquo;une plainte pour le vol de biens de valeurs.<\/p>\n","protected":false},"excerpt":{"rendered":"La victime a d\u00e9clar\u00e9 avoir laiss\u00e9 les cl\u00e9s de l\u2019appartement dans la bo\u00eete aux lettres avant de partir&hellip;\n","protected":false},"author":2,"featured_media":287282,"comment_status":"","ping_status":"","sticky":false,"template":"","format":"standard","meta":{"footnotes":""},"categories":[1888],"tags":[11,5417,1777,674,1011,27,12,626,25,1175],"class_list":{"0":"post-287281","1":"post","2":"type-post","3":"status-publish","4":"format-standard","5":"has-post-thumbnail","7":"category-paris","8":"tag-actualites","9":"tag-bijoux","10":"tag-eu","11":"tag-europe","12":"tag-fr","13":"tag-france","14":"tag-news","15":"tag-paris","16":"tag-republique-francaise","17":"tag-vol"},"share_on_mastodon":{"url":"https:\/\/pubeurope.com\/@fr\/114949226937277041","error":""},"_links":{"self":[{"href":"https:\/\/www.europesays.com\/fr\/wp-json\/wp\/v2\/posts\/287281","targetHints":{"allow":["GET"]}}],"collection":[{"href":"https:\/\/www.europesays.com\/fr\/wp-json\/wp\/v2\/posts"}],"about":[{"href":"https:\/\/www.europesays.com\/fr\/wp-json\/wp\/v2\/types\/post"}],"author":[{"embeddable":true,"href":"https:\/\/www.europesays.com\/fr\/wp-json\/wp\/v2\/users\/2"}],"replies":[{"embeddable":true,"href":"https:\/\/www.europesays.com\/fr\/wp-json\/wp\/v2\/comments?post=287281"}],"version-history":[{"count":0,"href":"https:\/\/www.europesays.com\/fr\/wp-json\/wp\/v2\/posts\/287281\/revisions"}],"wp:featuredmedia":[{"embeddable":true,"href":"https:\/\/www.europesays.com\/fr\/wp-json\/wp\/v2\/media\/287282"}],"wp:attachment":[{"href":"https:\/\/www.europesays.com\/fr\/wp-json\/wp\/v2\/media?parent=287281"}],"wp:term":[{"taxonomy":"category","embeddable":true,"href":"https:\/\/www.europesays.com\/fr\/wp-json\/wp\/v2\/categories?post=287281"},{"taxonomy":"post_tag","embeddable":true,"href":"https:\/\/www.europesays.com\/fr\/wp-json\/wp\/v2\/tags?post=287281"}],"curies":[{"name":"wp","href":"https:\/\/api.w.org\/{rel}","templated":true}]}}