{"id":287285,"date":"2025-07-31T18:20:11","date_gmt":"2025-07-31T18:20:11","guid":{"rendered":"https:\/\/www.europesays.com\/fr\/287285\/"},"modified":"2025-07-31T18:20:11","modified_gmt":"2025-07-31T18:20:11","slug":"un-officier-de-larmee-de-lair-ukrainienne-accuse-de-livrer-la-position-de-f-16-et-de-mirage-2000-a-la-russie","status":"publish","type":"post","link":"https:\/\/www.europesays.com\/fr\/287285\/","title":{"rendered":"un officier de l\u2019arm\u00e9e de l\u2019air ukrainienne accus\u00e9 de livrer la position de F-16 et de Mirage 2000 \u00e0 la Russie"},"content":{"rendered":"<p>L\u2019officier ukrainien, un instructeur de vol ayant le grade de major, est m\u00eame suspect\u00e9 d\u2019avoir sugg\u00e9r\u00e9 des tactiques d\u2019attaque pour contourner les d\u00e9fenses a\u00e9riennes et fournies des tactiques de combat utilis\u00e9es par Kiev.<\/p>\n<p class=\"fig-paragraph\">Chasse \u00e0 la taupe dans les rangs de l\u2019arm\u00e9e de l\u2019air ukrainienne. L\u2019agence de s\u00e9curit\u00e9 int\u00e9rieure de l\u2019Ukraine a arr\u00eat\u00e9 un officier, accus\u00e9 d\u2019espionnage pour le compte de la Russie apr\u00e8s avoir divulgu\u00e9\u00a0<a href=\"http:\/\/www.lefigaro.fr\/international\/russie-un-mort-deux-blesses-dans-la-region-de-belgorod-a-la-suite-de-frappes-ukrainiennes-20240829\" target=\"_blank\" data-fig-type=\"NewsFlash\" rel=\"noopener nofollow\" data-gtm-custom-categorie=\"navigation\" data-gtm-custom-action=\"crossclick\" data-gtm-custom-label=\"Contextuel\" data-gtm-event=\"customEventSPE\" data-fig-domain=\"LEFIGARO\">l\u2019emplacement d\u2019avions de chasse F-16<\/a>\u00a0et Mirage 2000, ont indiqu\u00e9 des responsables du commandement militaire ukrainien mercredi.<\/p>\n<p class=\"fig-paragraph\">L\u2019officier dont l\u2019identit\u00e9 n\u2019a pas \u00e9t\u00e9 r\u00e9v\u00e9l\u00e9e, instructeur de vol ayant le grade de major, est accus\u00e9 d\u2019avoir aid\u00e9 la Russie \u00e0 mener des frappes a\u00e9riennes sur ces avions essentiels en fournissant des coordonn\u00e9es de leurs emplacements, a indiqu\u00e9 le Service de s\u00e9curit\u00e9 d\u2019Ukraine (SBU) dans un communiqu\u00e9. Il est m\u00eame suspect\u00e9 d\u2019avoir sugg\u00e9r\u00e9 des tactiques d\u2019attaque pour contourner les d\u00e9fenses a\u00e9riennes et am\u00e9liorer l\u2019efficacit\u00e9 des frappes de missiles et de drones russes.<\/p>\n<p>                                    <a class=\"fig-a11y-skip a11y-hidden\" href=\"#fig-a11y-skip-main-inarticle\"><br \/>\n        Passer la publicit\u00e9<br \/>\n    <\/a><\/p>\n<p class=\"fig-paragraph\">\u00abLes cibles prioritaires de l\u2019ennemi \u00e9taient les a\u00e9rodromes o\u00f9 \u00e9taient bas\u00e9s des F-16, des Mirage 2000 et des Su-24\u00bb, a d\u00e9clar\u00e9 le Service de s\u00e9curit\u00e9 d\u2019Ukraine. Les F-16 sont de fabrication am\u00e9ricaine, les Mirage sont fran\u00e7ais, tandis que le Su-24 est un ancien bombardier \u00e0 r\u00e9action fabriqu\u00e9 en Union sovi\u00e9tique. \u00abL\u2019agent a recueilli les coordonn\u00e9es de l\u2019emplacement de ces appareils, les horaires et l\u2019ordre de leurs d\u00e9parts.\u00bb<\/p>\n<p>Tactiques de combat<\/p>\n<p class=\"fig-paragraph\">Le SBU a ajout\u00e9 que le suspect avait \u00e9galement transmis des renseignements sur les effectifs de l\u2019arm\u00e9e de l\u2019air ukrainienne, tels que des informations personnelles de ses coll\u00e8gues pilotes. Il aurait aussi fourni des tactiques de combat de Kiev au renseignement militaire russe. Les autorit\u00e9s ukrainiennes ont appr\u00e9hend\u00e9 l\u2019homme \u00abalors qu\u2019il tentait de recueillir de nouvelles informations classifi\u00e9es\u00bb, poursuit le SBU, qui utilisait des applications de messagerie crypt\u00e9es pour \u00e9changer avec son interlocuteur russe.<\/p>\n<p class=\"fig-paragraph\">L\u2019officier est d\u00e9sormais poursuivi en vertu de la partie 2 de l\u2019article 111 du Code p\u00e9nal ukrainien, pour haute trahison commise en temps de loi martiale, une accusation passible de la r\u00e9clusion \u00e0 perp\u00e9tuit\u00e9 ainsi que de la confiscation de ses biens.<\/p>\n<p class=\"fig-paragraph\">Depuis le d\u00e9but du conflit, Moscou cible r\u00e9guli\u00e8rement des a\u00e9rodromes et des bases militaires sur l\u2019ensemble du territoire ukrainien, en particulier les zones qu\u2019elle estime abriter des armes fournies par l\u2019Occident comme les avions de combat. Les deux appareils ont \u00e9t\u00e9 essentiels pour renforcer la d\u00e9fense de l\u2019Ukraine contre l\u2019intensification des frappes a\u00e9riennes russes et les avanc\u00e9es militaires progressives de Moscou dans le cadre\u00a0<a href=\"http:\/\/www.lefigaro.fr\/international\/guerre-en-ukraine-au-moins-trois-morts-dans-une-attaque-de-drone-menee-par-kiev-a-koursk-en-russie-20250709\" target=\"_blank\" data-fig-type=\"NewsFlash\" rel=\"noopener nofollow\" data-gtm-custom-categorie=\"navigation\" data-gtm-custom-action=\"crossclick\" data-gtm-custom-label=\"Contextuel\" data-gtm-event=\"customEventSPE\" data-fig-domain=\"LEFIGARO\">de son invasion \u00e0 grande \u00e9chelle<\/a>, lanc\u00e9e il y a trois ans et demi.<\/p>\n","protected":false},"excerpt":{"rendered":"L\u2019officier ukrainien, un instructeur de vol ayant le grade de major, est m\u00eame suspect\u00e9 d\u2019avoir sugg\u00e9r\u00e9 des tactiques&hellip;\n","protected":false},"author":2,"featured_media":287286,"comment_status":"","ping_status":"","sticky":false,"template":"","format":"standard","meta":{"footnotes":""},"categories":[1590],"tags":[11,1777,674,131,12,220],"class_list":{"0":"post-287285","1":"post","2":"type-post","3":"status-publish","4":"format-standard","5":"has-post-thumbnail","7":"category-ukraine","8":"tag-actualites","9":"tag-eu","10":"tag-europe","11":"tag-guerre-en-ukraine","12":"tag-news","13":"tag-ukraine"},"share_on_mastodon":{"url":"https:\/\/pubeurope.com\/@fr\/114949234643359772","error":""},"_links":{"self":[{"href":"https:\/\/www.europesays.com\/fr\/wp-json\/wp\/v2\/posts\/287285","targetHints":{"allow":["GET"]}}],"collection":[{"href":"https:\/\/www.europesays.com\/fr\/wp-json\/wp\/v2\/posts"}],"about":[{"href":"https:\/\/www.europesays.com\/fr\/wp-json\/wp\/v2\/types\/post"}],"author":[{"embeddable":true,"href":"https:\/\/www.europesays.com\/fr\/wp-json\/wp\/v2\/users\/2"}],"replies":[{"embeddable":true,"href":"https:\/\/www.europesays.com\/fr\/wp-json\/wp\/v2\/comments?post=287285"}],"version-history":[{"count":0,"href":"https:\/\/www.europesays.com\/fr\/wp-json\/wp\/v2\/posts\/287285\/revisions"}],"wp:featuredmedia":[{"embeddable":true,"href":"https:\/\/www.europesays.com\/fr\/wp-json\/wp\/v2\/media\/287286"}],"wp:attachment":[{"href":"https:\/\/www.europesays.com\/fr\/wp-json\/wp\/v2\/media?parent=287285"}],"wp:term":[{"taxonomy":"category","embeddable":true,"href":"https:\/\/www.europesays.com\/fr\/wp-json\/wp\/v2\/categories?post=287285"},{"taxonomy":"post_tag","embeddable":true,"href":"https:\/\/www.europesays.com\/fr\/wp-json\/wp\/v2\/tags?post=287285"}],"curies":[{"name":"wp","href":"https:\/\/api.w.org\/{rel}","templated":true}]}}